{"id":1557,"date":"2019-05-08T10:40:59","date_gmt":"2019-05-08T10:40:59","guid":{"rendered":"https:\/\/bonjourbarcelone.fr\/?p=1557"},"modified":"2020-07-10T15:21:44","modified_gmt":"2020-07-10T15:21:44","slug":"gaudi-barcelona","status":"publish","type":"post","link":"https:\/\/bonjourbarcelone.fr\/de\/gaudi-barcelona\/","title":{"rendered":"Gaudi: Barcelonas legend\u00e4rer Architekt [vollst\u00e4ndiger Artikel + kostenloser Reisef\u00fchrer]."},"content":{"rendered":"<p>Wenn Sie nach Barcelona kommen, k\u00f6nnen Sie nicht daran vorbeigehen <strong>unglaubliche Werke von Gaudi...<\/strong><\/p>\n<p>Eine Figur mit <strong>viele Facetten<\/strong>\u00a0: der Architekt, der gl\u00e4ubige Katholik, der Meister des katalanischen Modernismus...<\/p>\n<p>Aber <strong><em>sein Leben war nicht einfach und endete sogar ziemlich tragisch<\/em><\/strong>In einer gewissen Form von Einsamkeit, die der Kunst gewidmet ist...<\/p>\n<p>&nbsp;<\/p>\n<h2><strong>Gaudi, mit b\u00fcrgerlichem Namen...<\/strong><\/h2>\n<p><strong>Antoni Gaud\u00ed i Cornet<\/strong> wurde am 25. Juni 1852 in Reus oder Riudoms geboren.<\/p>\n<p><strong>Ein internationaler Ruf!<\/strong><\/p>\n<p>Gaudi wird von allen Katalanen und den immer zahlreicher werdenden Besuchern des sch\u00f6nen Barcelonas bewundert.<\/p>\n<p>Und Gaudi schuf<strong> verstreute Werke<\/strong> \u00fcberall in der Stadt.<\/p>\n<p>Heute sind fast alle diese Errungenschaften im <strong>Weltkulturerbe der Menschheit.<\/strong> Es wird begr\u00fc\u00dft, dass sein Werk vielf\u00e4ltig ist: <em><strong>vom fr\u00fchen Palast G\u00fcell mit seinen eindeutig gotischen Inspirationen bis hin zum englischen Park am <a href=\"https:\/\/bonjourbarcelone.fr\/de\/parc-guell-barcelona\/\">Park G\u00fcell<\/a> bis hin zum Unglaublichen <a href=\"https:\/\/bonjourbarcelone.fr\/de\/sagrada-familia-interieur-tickets\/\">Sagrada Familia<\/a>.<\/strong><\/em><\/p>\n<p>Schlendern Sie den Passeig de Gracia entlang und entdecken Sie seine H\u00e4user wie die <a href=\"https:\/\/bonjourbarcelone.fr\/de\/casa-mila-barcelona-pedrera\/\">Casa Mil\u00e0<\/a> oder die <a href=\"https:\/\/bonjourbarcelone.fr\/de\/casa-batllo-barcelona\/\">Casa Batll\u00f3<\/a> ist ein wahres Vergn\u00fcgen.<\/p>\n<p>Und mit Gaud\u00ed entdeckt man noch mehr unglaubliche Orte wie die Casa Vicens, dieses wundersch\u00f6ne Haus im Herzen von Gracia, das fr\u00fcher ein Ferienhaus war, oder die Colonia G\u00fcell, die etwas au\u00dferhalb der Stadt liegt.<\/p>\n<p>Die Gelegenheit <strong>ein kleiner Ausflug!<\/strong><\/p>\n<p>Zu dieser Zeit war Gaudi nicht nur in Barcelona, sondern auch international bekannt, denn er nahm teil an <strong>ein Wolkenkratzerprojekt in New York<\/strong> und einer Ausstellung im <strong>Grand Palais in Paris<\/strong> und von dem er gute Kritiken erhalten wird!<\/p>\n<p>&nbsp;<\/p>\n<h2><strong>Dabei hatte es gar nicht so angefangen...<\/strong><\/h2>\n<p style=\"text-align: center\"><strong><em>\"Wir haben das Diplom einem Verr\u00fcckten oder einem Genie verliehen. Die Zeit wird es zeigen\".<\/em><\/strong><\/p>\n<p>Das sagt der Leiter seiner Architekturschule, als Gaudi in Barcelona sein Diplom erh\u00e4lt.<\/p>\n<p>Und ja! Schon damals verwirrte Gaudi und warf Fragen auf.<\/p>\n<p>Gaudi ver\u00e4ndert alles und wird die Kunst revolutionieren.<\/p>\n<p>&nbsp;<\/p>\n<h2><strong>Was ist so besonders an Gaudi?<\/strong><\/h2>\n<p>Das Ende des 19. Jahrhunderts ist von einer echten <strong>Wille zum k\u00fcnstlerischen Bruch in Europa. <\/strong><\/p>\n<p>Gemeinhin bekannt als<strong> Jugendstil<\/strong> auf Franz\u00f6sisch wird dieser Wille zum Bruch auch hei\u00dfen <strong>\"Sezession\"<\/strong> in \u00d6sterreich oder <strong><em>\" Jugendstil \"<\/em><\/strong> in Deutschland.<\/p>\n<p>Die K\u00fcnstler wollen mit Kunstrichtungen wie der Gotik brechen und sich den Formen der Natur ann\u00e4hern. Alles in <strong>Kurve.<\/strong> <strong>Verschwinden von geraden Linien.<\/strong> <strong>Blumen und Pflanzen<\/strong> dringen in die Architektur und alle Objekte ein.<\/p>\n<p><img decoding=\"async\" class=\"size-medium wp-image-1559 alignright\" src=\"https:\/\/bonjourbarcelone.fr\/wp-content\/uploads\/2019\/05\/Barcellona_gaud\u00ec-300x225.jpg\" alt=\"\" width=\"300\" height=\"225\" srcset=\"https:\/\/bonjourbarcelone.fr\/wp-content\/uploads\/2019\/05\/Barcellona_gaud\u00ec-300x225.jpg 300w, https:\/\/bonjourbarcelone.fr\/wp-content\/uploads\/2019\/05\/Barcellona_gaud\u00ec.jpg 640w\" sizes=\"(max-width: 300px) 100vw, 300px\" \/><\/p>\n<p>Denn der Jugendstil ist eine Gesamtkunst, bei der nicht nur alle M\u00f6bel Jugendstil sind, sondern auch der Schmuck und die Gem\u00e4lde...<\/p>\n<p>Ein Stil, der sich auch in Katalonien unter dem Namen <strong>Modernismus oder \"Modernismo\"<\/strong>.<\/p>\n<p>Und die Wurzeln des Katalanismus durchdringen den Stil, denn die Vordenker und wichtigen K\u00fcnstler dieser Str\u00f6mung wollen einen besonderen, typisch katalanischen Stil... <strong>Ein origineller Stil!<\/strong><\/p>\n<p>Und das ist gelungen, der Modernismus ist \u00fcberall in der Stadt zu finden.<\/p>\n<p>K\u00fcnstler wie <em><strong>Gaudi, Puig i Catafalchs, Domenec i Montaner<\/strong><\/em> schaffen sensationelle Architekturen...<\/p>\n<p>Und Gaudi steht f\u00fcr einen besonderen Modernismus, einen Modernismus, den man sonst nirgends findet... <strong>einzigartig!<\/strong><\/p>\n<p><strong>Hoch in den Farben<\/strong> mit <strong>Risikobereitschaft<\/strong>... Bausysteme, die man nicht f\u00fcr m\u00f6glich halten w\u00fcrde ...<\/p>\n<p><img decoding=\"async\" class=\"size-medium wp-image-1560 alignright\" src=\"https:\/\/bonjourbarcelone.fr\/wp-content\/uploads\/2019\/05\/sagrada-familia-church-gaudi-religion-0882a7-1024-225x300.jpg\" alt=\"\" width=\"225\" height=\"300\" srcset=\"https:\/\/bonjourbarcelone.fr\/wp-content\/uploads\/2019\/05\/sagrada-familia-church-gaudi-religion-0882a7-1024-225x300.jpg 225w, https:\/\/bonjourbarcelone.fr\/wp-content\/uploads\/2019\/05\/sagrada-familia-church-gaudi-religion-0882a7-1024.jpg 640w\" sizes=\"(max-width: 225px) 100vw, 225px\" \/><\/p>\n<p><strong><em>Ein Mythos, eine Sagrada, die vielleicht nie enden wird...<\/em><\/strong><\/p>\n<p>Gaudi l\u00e4sst sich von der Natur inspirieren : <em><strong>der Berge von Montserrat, der katalanischen H\u00f6hlen, der Landschaften von Mallorca...<\/strong><\/em><\/p>\n<h2><strong>Ein der Kunst und der Religion gewidmetes Leben<\/strong><\/h2>\n<p>Gaudi ist <strong>ein praktizierender Katholik<\/strong> und ganz der Religion und ihrer Kunst gewidmet.<\/p>\n<p>Seine Kindheit verbringt er in <strong>eine Zeichen- und Architekturschule<\/strong>.<\/p>\n<p>Sein Leben ist gepr\u00e4gt von <strong>Ungl\u00fccksf\u00e4lle<\/strong> wie der Tod seiner Mutter, als er noch sehr jung war.<\/p>\n<p>Im Laufe seines Lebens gr\u00fcndete Gaudi keine Familie und 1914 war ein schwarzes Jahr, in dem er viele seiner Freunde verlor.<\/p>\n<p>Von diesem Zeitpunkt an beschloss er, sich ganz seinem Hauptwerk zu widmen: der Sagrada Familia, die 1900 begonnen worden war.<\/p>\n<p>Und heute ist sie bekanntlich<strong> noch im Bau.<\/strong><\/p>\n<p>Jeder gibt in Barcelona seine Wette ab oder gibt Informationen weiter, die andere geh\u00f6rt haben: <em>\" die Sagrada w\u00e4re 2025 fertig ... oder 2035 ... \".<\/em> Und das tr\u00e4gt zum Mythos bei...<\/p>\n<p>Ein unglaublicher Ort, dessen Fertigstellung noch ungewiss ist.<\/p>\n<p>Um sein Werk zu vollenden, lebte er dann <strong>als Asket<\/strong> und als Anbeter Gottes.<\/p>\n<p>Die Sagrada ist <strong>eine der meistbesuchten Sehensw\u00fcrdigkeiten in ganz Spanien.<\/strong><\/p>\n<p>Die Seligsprechung Gaud\u00eds durch die katholische Kirche ist derzeit im Gange.<\/p>\n<p>&nbsp;<\/p>\n<h2><strong>Sein Freund und M\u00e4zen Eusebi G\u00fcell<\/strong><\/h2>\n<p>Wenn man Gaud\u00eds Werke besucht, taucht ein Name sehr oft auf: <strong>Eusebi G\u00fcell.<\/strong><\/p>\n<p>Damals wurden H\u00e4user und Werke n\u00e4mlich nach demjenigen benannt, der den Auftrag erteilt hatte.<\/p>\n<p>Und Eusebi G\u00fcell war ein Freund Gaud\u00eds und vor allem sein M\u00e4zen. Er gab bei ihm viele seiner Bauwerke in Auftrag: <em>die G\u00fcell-H\u00f6hlen, die Gu\u00ebll-Pavillons, der G\u00fcell-Palast, der G\u00fcell-Park und die Krypta der Colonia G\u00fcell.<\/em><\/p>\n<p>&nbsp;<\/p>\n<h2><strong>Gaudi stirbt, weil er von einer Stra\u00dfenbahn \u00fcberfahren wird<\/strong><\/h2>\n<p>Im Laufe der Jahre legte Gaudi sein \u00c4u\u00dferes ab und lebte in<em><strong> eine recht rigide Askese.<\/strong><\/em><\/p>\n<p>Seine Sorgen drehen sich haupts\u00e4chlich um die Sagrada und sein \u00c4u\u00dferes wird sehr vernachl\u00e4ssigt.<\/p>\n<p>Leider wurde er 1926 auf der Gran Via de les Corts Catalans von einer Stra\u00dfenbahn \u00fcberfahren. Er wird in das Hospital de la Santa Creu gebracht.<\/p>\n<p><strong>Niemand erkennt ihn<\/strong> und erst einige Tage sp\u00e4ter stellt ein Kaplan fest, dass es sich um den unglaublichen Architekten handelt.<\/p>\n<p>Es ist bereits zu sp\u00e4t...<\/p>\n<p>&nbsp;<\/p>\n<h2><strong>Seine Kunst wird zu seinen Lebzeiten und lange nach seinem Tod anerkannt<\/strong><\/h2>\n<p>Oft h\u00f6rt man, dass <em><strong>K\u00fcnstler werden nach ihrem Tod anerkannt<\/strong><\/em>. Dies ist bei Gaud\u00ed nicht wirklich der Fall, da er zu Lebzeiten ein gro\u00dfes M\u00e4zenatentum und viel Anerkennung genie\u00dft...<\/p>\n<p>Aber wie bei der gesamten Jugendstilbewegung gab es <strong>der dunklen Jahre<\/strong> wo die \u00f6ffentliche Meinung seine zu geschwungenen Formen und die zu traumhafte Seite kritisierte.<\/p>\n<p>Sp\u00e4ter war es der <strong>Noucentrismus<\/strong>Der Modernismo wurde durch die R\u00fcckkehr zum Klassizismus abgel\u00f6st.  Erst in den 1950er Jahren und mit der Figur des <strong>Dali<\/strong> um Gaudi wieder ins Rampenlicht zu r\u00fccken...<\/p>\n<p><img decoding=\"async\" class=\"size-medium wp-image-1558 alignright\" src=\"https:\/\/bonjourbarcelone.fr\/wp-content\/uploads\/2019\/05\/antoni-gaudi-arquitectura-azotea-464255-300x200.jpg\" alt=\"\" width=\"300\" height=\"200\" srcset=\"https:\/\/bonjourbarcelone.fr\/wp-content\/uploads\/2019\/05\/antoni-gaudi-arquitectura-azotea-464255-300x200.jpg 300w, https:\/\/bonjourbarcelone.fr\/wp-content\/uploads\/2019\/05\/antoni-gaudi-arquitectura-azotea-464255.jpg 640w\" sizes=\"(max-width: 300px) 100vw, 300px\" \/><\/p>\n<p><strong>Und heute gibt es keinen Zweifel mehr, dass er in der ganzen Welt f\u00fcr die Sch\u00f6nheiten Barcelonas anerkannt und gefeiert wird...<\/strong><\/p>","protected":false},"excerpt":{"rendered":"<p>Si vous venez \u00e0 Barcelone, vous ne pouvez pas passer \u00e0 c\u00f4t\u00e9 des \u0153uvres incroyables de Gaudi\u2026 Un personnage aux multiples facettes\u00a0: l\u2019architecte, le fervent catholique, le ma\u00eetre du modernisme catalan\u2026 Mais sa vie n\u2019a pas \u00e9t\u00e9 facile et s\u2019est m\u00eame termin\u00e9e de mani\u00e8re assez tragique, dans une certaine forme de solitude consacr\u00e9e \u00e0 l\u2019art\u2026 [&hellip;]<\/p>","protected":false},"author":2,"featured_media":1552,"comment_status":"open","ping_status":"open","sticky":false,"template":"","format":"standard","meta":{"om_disable_all_campaigns":false,"_genesis_hide_title":false,"_genesis_hide_breadcrumbs":false,"_genesis_hide_singular_image":false,"_genesis_hide_footer_widgets":false,"_genesis_custom_body_class":"","_genesis_custom_post_class":"","_genesis_layout":"","footnotes":""},"categories":[11],"tags":[],"class_list":{"0":"post-1557","1":"post","2":"type-post","3":"status-publish","4":"format-standard","5":"has-post-thumbnail","7":"category-divers","8":"entry"},"yoast_head":"<!-- This site is optimized with the Yoast SEO plugin v26.5 - https:\/\/yoast.com\/wordpress\/plugins\/seo\/ -->\n<title>Gaudi: l\u2019architecte mythique de Barcelone [article complet + guide gratuit]<\/title>\n<meta name=\"description\" content=\"Vous trouverez dans cet article toutes les informations concernant la vie du c\u00e9l\u00e8bre architecte Gaudi, auteur de nombreuses merveilles \u00e0 Barcelone !\" \/>\n<meta name=\"robots\" content=\"index, follow, max-snippet:-1, max-image-preview:large, max-video-preview:-1\" \/>\n<link rel=\"canonical\" href=\"https:\/\/bonjourbarcelone.fr\/de\/gaudi-barcelona\/\" \/>\n<meta property=\"og:locale\" content=\"de_DE\" \/>\n<meta property=\"og:type\" content=\"article\" \/>\n<meta property=\"og:title\" content=\"Gaudi: l\u2019architecte mythique de Barcelone [article complet + guide gratuit]\" \/>\n<meta property=\"og:description\" content=\"Vous trouverez dans cet article toutes les informations concernant la vie du c\u00e9l\u00e8bre architecte Gaudi, auteur de nombreuses merveilles \u00e0 Barcelone !\" \/>\n<meta property=\"og:url\" content=\"https:\/\/bonjourbarcelone.fr\/de\/gaudi-barcelona\/\" \/>\n<meta property=\"og:site_name\" content=\"Visiter Barcelone\" \/>\n<meta property=\"article:published_time\" content=\"2019-05-08T10:40:59+00:00\" \/>\n<meta property=\"article:modified_time\" content=\"2020-07-10T15:21:44+00:00\" \/>\n<meta property=\"og:image\" content=\"https:\/\/bonjourbarcelone.fr\/wp-content\/uploads\/2019\/05\/guell-park-1157681_960_720.jpg\" \/>\n\t<meta property=\"og:image:width\" content=\"960\" \/>\n\t<meta property=\"og:image:height\" content=\"498\" \/>\n\t<meta property=\"og:image:type\" content=\"image\/jpeg\" \/>\n<meta name=\"author\" content=\"Thibaut\" \/>\n<meta name=\"twitter:card\" content=\"summary_large_image\" \/>\n<meta name=\"twitter:label1\" content=\"Verfasst von\" \/>\n\t<meta name=\"twitter:data1\" content=\"Thibaut\" \/>\n\t<meta name=\"twitter:label2\" content=\"Gesch\u00e4tzte Lesezeit\" \/>\n\t<meta name=\"twitter:data2\" content=\"6\u00a0Minuten\" \/>\n<script type=\"application\/ld+json\" class=\"yoast-schema-graph\">{\"@context\":\"https:\/\/schema.org\",\"@graph\":[{\"@type\":\"WebPage\",\"@id\":\"https:\/\/bonjourbarcelone.fr\/gaudi-barcelone\/\",\"url\":\"https:\/\/bonjourbarcelone.fr\/gaudi-barcelone\/\",\"name\":\"Gaudi: l\u2019architecte mythique de Barcelone [article complet + guide gratuit]\",\"isPartOf\":{\"@id\":\"https:\/\/bonjourbarcelone.fr\/#website\"},\"primaryImageOfPage\":{\"@id\":\"https:\/\/bonjourbarcelone.fr\/gaudi-barcelone\/#primaryimage\"},\"image\":{\"@id\":\"https:\/\/bonjourbarcelone.fr\/gaudi-barcelone\/#primaryimage\"},\"thumbnailUrl\":\"https:\/\/bonjourbarcelone.fr\/wp-content\/uploads\/2019\/05\/guell-park-1157681_960_720.jpg\",\"datePublished\":\"2019-05-08T10:40:59+00:00\",\"dateModified\":\"2020-07-10T15:21:44+00:00\",\"author\":{\"@id\":\"https:\/\/bonjourbarcelone.fr\/#\/schema\/person\/0bda2897d0b8e0150a7ece6f930ff5e5\"},\"description\":\"Vous trouverez dans cet article toutes les informations concernant la vie du c\u00e9l\u00e8bre architecte Gaudi, auteur de nombreuses merveilles \u00e0 Barcelone !\",\"breadcrumb\":{\"@id\":\"https:\/\/bonjourbarcelone.fr\/gaudi-barcelone\/#breadcrumb\"},\"inLanguage\":\"de\",\"potentialAction\":[{\"@type\":\"ReadAction\",\"target\":[\"https:\/\/bonjourbarcelone.fr\/gaudi-barcelone\/\"]}]},{\"@type\":\"ImageObject\",\"inLanguage\":\"de\",\"@id\":\"https:\/\/bonjourbarcelone.fr\/gaudi-barcelone\/#primaryimage\",\"url\":\"https:\/\/bonjourbarcelone.fr\/wp-content\/uploads\/2019\/05\/guell-park-1157681_960_720.jpg\",\"contentUrl\":\"https:\/\/bonjourbarcelone.fr\/wp-content\/uploads\/2019\/05\/guell-park-1157681_960_720.jpg\",\"width\":960,\"height\":498,\"caption\":\"gaudi\"},{\"@type\":\"BreadcrumbList\",\"@id\":\"https:\/\/bonjourbarcelone.fr\/gaudi-barcelone\/#breadcrumb\",\"itemListElement\":[{\"@type\":\"ListItem\",\"position\":1,\"name\":\"Accueil\",\"item\":\"https:\/\/bonjourbarcelone.fr\/\"},{\"@type\":\"ListItem\",\"position\":2,\"name\":\"Gaudi: l\u2019architecte mythique de Barcelone [article complet + guide gratuit]\"}]},{\"@type\":\"WebSite\",\"@id\":\"https:\/\/bonjourbarcelone.fr\/#website\",\"url\":\"https:\/\/bonjourbarcelone.fr\/\",\"name\":\"Visiter Barcelone\",\"description\":\"Tout pour passer un s\u00e9jour inoubliable en 2026 !\",\"potentialAction\":[{\"@type\":\"SearchAction\",\"target\":{\"@type\":\"EntryPoint\",\"urlTemplate\":\"https:\/\/bonjourbarcelone.fr\/?s={search_term_string}\"},\"query-input\":{\"@type\":\"PropertyValueSpecification\",\"valueRequired\":true,\"valueName\":\"search_term_string\"}}],\"inLanguage\":\"de\"},{\"@type\":\"Person\",\"@id\":\"https:\/\/bonjourbarcelone.fr\/#\/schema\/person\/0bda2897d0b8e0150a7ece6f930ff5e5\",\"name\":\"Thibaut\",\"image\":{\"@type\":\"ImageObject\",\"inLanguage\":\"de\",\"@id\":\"https:\/\/bonjourbarcelone.fr\/#\/schema\/person\/image\/\",\"url\":\"https:\/\/secure.gravatar.com\/avatar\/436636a11d7c80b948817b5a66d82f9305017ea4c84ab9a676db1d62ccc2c25d?s=96&r=g\",\"contentUrl\":\"https:\/\/secure.gravatar.com\/avatar\/436636a11d7c80b948817b5a66d82f9305017ea4c84ab9a676db1d62ccc2c25d?s=96&r=g\",\"caption\":\"Thibaut\"},\"description\":\"J'aide les voyageurs \u00e0 mieux visiter la ville de Barcelone avec un contenu \u00e9crit et actualis\u00e9 par des experts locaux pour vivre la meilleure exp\u00e9rience possible ! Notre agence de voyage propose \u00e9galement des visites guid\u00e9es en fran\u00e7ais.\"}]}<\/script>\n<!-- \/ Yoast SEO plugin. -->","yoast_head_json":{"title":"Gaudi: Barcelonas legend\u00e4rer Architekt [vollst\u00e4ndiger Artikel + kostenloser Reisef\u00fchrer].","description":"In diesem Artikel finden Sie alle Informationen \u00fcber das Leben des ber\u00fchmten Architekten Gaudi, der in Barcelona viele Wunder vollbracht hat!","robots":{"index":"index","follow":"follow","max-snippet":"max-snippet:-1","max-image-preview":"max-image-preview:large","max-video-preview":"max-video-preview:-1"},"canonical":"https:\/\/bonjourbarcelone.fr\/de\/gaudi-barcelona\/","og_locale":"de_DE","og_type":"article","og_title":"Gaudi: l\u2019architecte mythique de Barcelone [article complet + guide gratuit]","og_description":"Vous trouverez dans cet article toutes les informations concernant la vie du c\u00e9l\u00e8bre architecte Gaudi, auteur de nombreuses merveilles \u00e0 Barcelone !","og_url":"https:\/\/bonjourbarcelone.fr\/de\/gaudi-barcelona\/","og_site_name":"Visiter Barcelone","article_published_time":"2019-05-08T10:40:59+00:00","article_modified_time":"2020-07-10T15:21:44+00:00","og_image":[{"width":960,"height":498,"url":"https:\/\/bonjourbarcelone.fr\/wp-content\/uploads\/2019\/05\/guell-park-1157681_960_720.jpg","type":"image\/jpeg"}],"author":"Thibaut","twitter_card":"summary_large_image","twitter_misc":{"Verfasst von":"Thibaut","Gesch\u00e4tzte Lesezeit":"6\u00a0Minuten"},"schema":{"@context":"https:\/\/schema.org","@graph":[{"@type":"WebPage","@id":"https:\/\/bonjourbarcelone.fr\/gaudi-barcelone\/","url":"https:\/\/bonjourbarcelone.fr\/gaudi-barcelone\/","name":"Gaudi: Barcelonas legend\u00e4rer Architekt [vollst\u00e4ndiger Artikel + kostenloser Reisef\u00fchrer].","isPartOf":{"@id":"https:\/\/bonjourbarcelone.fr\/#website"},"primaryImageOfPage":{"@id":"https:\/\/bonjourbarcelone.fr\/gaudi-barcelone\/#primaryimage"},"image":{"@id":"https:\/\/bonjourbarcelone.fr\/gaudi-barcelone\/#primaryimage"},"thumbnailUrl":"https:\/\/bonjourbarcelone.fr\/wp-content\/uploads\/2019\/05\/guell-park-1157681_960_720.jpg","datePublished":"2019-05-08T10:40:59+00:00","dateModified":"2020-07-10T15:21:44+00:00","author":{"@id":"https:\/\/bonjourbarcelone.fr\/#\/schema\/person\/0bda2897d0b8e0150a7ece6f930ff5e5"},"description":"In diesem Artikel finden Sie alle Informationen \u00fcber das Leben des ber\u00fchmten Architekten Gaudi, der in Barcelona viele Wunder vollbracht hat!","breadcrumb":{"@id":"https:\/\/bonjourbarcelone.fr\/gaudi-barcelone\/#breadcrumb"},"inLanguage":"de","potentialAction":[{"@type":"ReadAction","target":["https:\/\/bonjourbarcelone.fr\/gaudi-barcelone\/"]}]},{"@type":"ImageObject","inLanguage":"de","@id":"https:\/\/bonjourbarcelone.fr\/gaudi-barcelone\/#primaryimage","url":"https:\/\/bonjourbarcelone.fr\/wp-content\/uploads\/2019\/05\/guell-park-1157681_960_720.jpg","contentUrl":"https:\/\/bonjourbarcelone.fr\/wp-content\/uploads\/2019\/05\/guell-park-1157681_960_720.jpg","width":960,"height":498,"caption":"gaudi"},{"@type":"BreadcrumbList","@id":"https:\/\/bonjourbarcelone.fr\/gaudi-barcelone\/#breadcrumb","itemListElement":[{"@type":"ListItem","position":1,"name":"Accueil","item":"https:\/\/bonjourbarcelone.fr\/"},{"@type":"ListItem","position":2,"name":"Gaudi: l\u2019architecte mythique de Barcelone [article complet + guide gratuit]"}]},{"@type":"WebSite","@id":"https:\/\/bonjourbarcelone.fr\/#website","url":"https:\/\/bonjourbarcelone.fr\/","name":"Barcelona besuchen","description":"Tout pour passer un s\u00e9jour inoubliable en 2026 !","potentialAction":[{"@type":"SearchAction","target":{"@type":"EntryPoint","urlTemplate":"https:\/\/bonjourbarcelone.fr\/?s={search_term_string}"},"query-input":{"@type":"PropertyValueSpecification","valueRequired":true,"valueName":"search_term_string"}}],"inLanguage":"de"},{"@type":"Person","@id":"https:\/\/bonjourbarcelone.fr\/#\/schema\/person\/0bda2897d0b8e0150a7ece6f930ff5e5","name":"Thibaut","image":{"@type":"ImageObject","inLanguage":"de","@id":"https:\/\/bonjourbarcelone.fr\/#\/schema\/person\/image\/","url":"https:\/\/secure.gravatar.com\/avatar\/436636a11d7c80b948817b5a66d82f9305017ea4c84ab9a676db1d62ccc2c25d?s=96&r=g","contentUrl":"https:\/\/secure.gravatar.com\/avatar\/436636a11d7c80b948817b5a66d82f9305017ea4c84ab9a676db1d62ccc2c25d?s=96&r=g","caption":"Thibaut"},"description":"Ich helfe Reisenden, die Stadt Barcelona besser zu erkunden, mit Inhalten, die von lokalen Experten geschrieben und aktualisiert werden, um das bestm\u00f6gliche Erlebnis zu haben! Unser Reiseb\u00fcro bietet auch deutschsprachige Stadtf\u00fchrungen an."}]}},"_links":{"self":[{"href":"https:\/\/bonjourbarcelone.fr\/de\/wp-json\/wp\/v2\/posts\/1557","targetHints":{"allow":["GET"]}}],"collection":[{"href":"https:\/\/bonjourbarcelone.fr\/de\/wp-json\/wp\/v2\/posts"}],"about":[{"href":"https:\/\/bonjourbarcelone.fr\/de\/wp-json\/wp\/v2\/types\/post"}],"author":[{"embeddable":true,"href":"https:\/\/bonjourbarcelone.fr\/de\/wp-json\/wp\/v2\/users\/2"}],"replies":[{"embeddable":true,"href":"https:\/\/bonjourbarcelone.fr\/de\/wp-json\/wp\/v2\/comments?post=1557"}],"version-history":[{"count":0,"href":"https:\/\/bonjourbarcelone.fr\/de\/wp-json\/wp\/v2\/posts\/1557\/revisions"}],"wp:featuredmedia":[{"embeddable":true,"href":"https:\/\/bonjourbarcelone.fr\/de\/wp-json\/wp\/v2\/media\/1552"}],"wp:attachment":[{"href":"https:\/\/bonjourbarcelone.fr\/de\/wp-json\/wp\/v2\/media?parent=1557"}],"wp:term":[{"taxonomy":"category","embeddable":true,"href":"https:\/\/bonjourbarcelone.fr\/de\/wp-json\/wp\/v2\/categories?post=1557"},{"taxonomy":"post_tag","embeddable":true,"href":"https:\/\/bonjourbarcelone.fr\/de\/wp-json\/wp\/v2\/tags?post=1557"}],"curies":[{"name":"wp","href":"https:\/\/api.w.org\/{rel}","templated":true}]}}