{"id":1567,"date":"2022-10-16T15:50:12","date_gmt":"2022-10-16T15:50:12","guid":{"rendered":"https:\/\/bonjourbarcelone.fr\/?p=1567"},"modified":"2025-12-31T15:32:14","modified_gmt":"2025-12-31T15:32:14","slug":"passeig-de-gracia","status":"publish","type":"post","link":"https:\/\/bonjourbarcelone.fr\/de\/passeig-de-gracia\/","title":{"rendered":"Passeig de Graci\u00e0: la plus belle avenue de Barcelone! [MAJ 2026]"},"content":{"rendered":"<p>Der Passeig de Graci\u00e0, das ist diese <strong>legend\u00e4re Allee<\/strong> im Herzen von Barcelona.<\/p>\n<p>Zuvor war Graci\u00e0 <strong>ein kleines Dorf<\/strong> in der Umgebung der katalanischen Hauptstadt ... und heute ist es ein Branchenviertel, in dem sich die Bewohner darum rei\u00dfen, dort zu wohnen.<\/p>\n<p>Eine der beliebtesten und teuersten Gegenden der Stadt!<\/p>\n<p>Alle Einzelh\u00e4ndler k\u00e4mpfen darum, ein Gesch\u00e4ft auf der Avenue haben zu d\u00fcrfen.<\/p>\n<p>Und man findet dort alles: <strong>von Luxusgesch\u00e4ften bis hin zu erschwinglicheren Marken.<\/strong> Auf dem Passeig gibt es \u00fcber 600 Gesch\u00e4fte!<\/p>\n<p><img decoding=\"async\" class=\"size-medium wp-image-1569 alignright\" src=\"https:\/\/bonjourbarcelone.fr\/wp-content\/uploads\/2019\/05\/4548525794_3b086dc448_b-300x225.jpg\" alt=\"\" width=\"300\" height=\"225\" srcset=\"https:\/\/bonjourbarcelone.fr\/wp-content\/uploads\/2019\/05\/4548525794_3b086dc448_b-300x225.jpg 300w, https:\/\/bonjourbarcelone.fr\/wp-content\/uploads\/2019\/05\/4548525794_3b086dc448_b.jpg 640w\" sizes=\"(max-width: 300px) 100vw, 300px\" \/><\/p>\n<p><strong>Eine Augenweide<\/strong>\u00a0f\u00fcr Liebhaber von Originalit\u00e4t und Entdeckungen.<\/p>\n<p>Es ist eine wundersch\u00f6ne Allee, auf der die B\u00fcrger Barcelonas das ganze letzte Jahrhundert hindurch unglaubliche H\u00e4user und Pal\u00e4ste gebaut haben, indem sie ber\u00fchmte Architekten beauftragten: <em><strong>Gaudi, Dom\u00e8nech i Montaner, Puig i Cadafalch... <\/strong><\/em><\/p>\n<p>Architekten, die zutiefst an <strong>katalanischer Modernismus<\/strong> und Barcelona zur\u00fcckgeben zu wollen <strong>noch strahlender.<\/strong><\/p>\n<p>&nbsp;<\/p>\n<h2><strong>Der Passeig de Graci\u00e0: Was ist sein Ursprung?<\/strong><\/h2>\n<p>Der Passeig de Graci\u00e0 oder <strong>\"Der Weg Jesu\"<\/strong> entstand aus dem Wunsch der Stadtplaner des 20. Jahrhunderts, die Stadt neu zu organisieren.<\/p>\n<p>Die <strong>Plan Cerd\u00e0<\/strong> \u00e4hnelt ein wenig den st\u00e4dtebaulichen Bewegungen von Haussmann in Paris, d. h. es sollen leicht begehbare Verkehrsadern geschaffen werden, um die Mobilit\u00e4t zu erleichtern.<\/p>\n<p>Die Idee ist, dass <strong>man die D\u00f6rfer leicht erreichen kann<\/strong> die sich am Rande des damaligen Barcelonas befinden.<\/p>\n<p>&nbsp;<\/p>\n<h2><strong>Was kann man auf dem Passeig de Graci\u00e0 unternehmen?<\/strong><\/h2>\n<p>Es stehen Ihnen mehrere M\u00f6glichkeiten offen!<\/p>\n<p>Sie k\u00f6nnen zun\u00e4chst <strong>auf der Avenue schlendern<\/strong> und entdecken <strong>die Neuheiten der Luxusgesch\u00e4fte oder gehen Sie shoppen.<\/strong><\/p>\n<p>Ich empfehle Ihnen auch, in einer der schicken Cafeterias auf der Avenue einen kleinen Kaffee zu trinken und Geb\u00e4ck zu probieren.<\/p>\n<p>Wie w\u00e4re es mit dem <strong>\"Caff\u00e9 di Francesco\"<\/strong> in der Passeig Nummer 66!<\/p>\n<p>&nbsp;<\/p>\n<p><strong>Von einem Ende zum anderen: von der Pla\u00e7a Catalunya bis Graci\u00e0<\/strong><\/p>\n<p>Der Passeig beginnt an einem der Eing\u00e4nge zur Pla\u00e7a Catalunya, der Hauptverkehrsader der Stadt.<\/p>\n<p>Der Ort, an dem sich die Menschen aus Barcelona z. B. bei Demonstrationen versammeln.<\/p>\n<p>&nbsp;<\/p>\n<h2><strong>Jugendstil in Barcelona<\/strong><\/h2>\n<p>Aufgerufen <em><strong>Modernismo<\/strong><\/em>Der katalanische Jugendstil war eine kulturelle und k\u00fcnstlerische Revolution.<\/p>\n<p>Diese Kunst hatte die Aufgabe <strong>Katalonien seinen Adelsbrief verliehen hat<\/strong> und zeichnet sich besonders durch seine Farben und seine eher bunte Seite aus.<\/p>\n<p>Als das 19. Jahrhundert zu Ende ging, hatte die Industrielle Revolution die Bev\u00f6lkerung erobert und ihre enormen technischen F\u00e4higkeiten unter Beweis gestellt.<\/p>\n<p><strong><em>In Europa beginnt eine neue \u00c4ra! Der Modernismus in der Kunst wird einer der Beweise daf\u00fcr sein!<\/em><\/strong><\/p>\n<p>&nbsp;<\/p>\n<h2><strong>Die H\u00e4user und Pal\u00e4ste am Passeig de Graci\u00e0<\/strong><\/h2>\n<p>Jahrhunderts erlebte die katalanische Hauptstadt eine wirtschaftliche Wiedergeburt dank <strong>die zunehmende Industrialisierung.<\/strong><\/p>\n<p>Die Bourgeoisie wurde immer reicher, vor allem durch die Reicht\u00fcmer ihrer Kolonien und <strong>seine Industriellen, die einen guten Riecher haben.<\/strong><\/p>\n<p>B\u00fcrger machen ihr Gl\u00fcck in<strong><em> Schokolade, Tabak, Banken...<\/em><\/strong><\/p>\n<p>Dank dieses Ph\u00e4nomens steigen das M\u00e4zenatentum und die Kunstauftr\u00e4ge in die H\u00f6he...<\/p>\n<p>Und es geht darum, wer das sch\u00f6nste Haus baut, das subtilste Ornament...<\/p>\n<p>&nbsp;<\/p>\n<p><strong>Auf dem Passeig sind mehrere H\u00e4user bemerkenswert:<\/strong><\/p>\n<ul>\n<li>In Hausnummer 6, am Anfang der Avenue, entdecken Sie <strong>die Cases Rocamoras<\/strong>\u00a0: eine Ansammlung von mehreren H\u00e4usern mit gotischer Tendenz und Steinverzierungen. Spektakul\u00e4r sind die orangefarbenen Keramiken. Die Familie Rocamora hatte mit Seifen ein Verm\u00f6gen gemacht.<\/li>\n<li>In Hausnummer 13: das pr\u00e4chtige <strong>Marcet-Palast<\/strong> wurde 1887 erbaut. Heute ein Kinosaal, fr\u00fcher jedoch ein Kom\u00f6dientheater.<\/li>\n<li>In Nummer 27: die <strong>Casa Malagrida<\/strong> und seine unglaubliche schmiedeeiserne Verzierung. Manuel Malagrida hatte sein Verm\u00f6gen mit Tabakwaren gemacht.<\/li>\n<\/ul>\n<p>&nbsp;<\/p>\n<h2><strong>Die Insel der Zwietracht<\/strong><\/h2>\n<p>Wenn Sie sich der<strong><em> Casa Battl\u00f3,<\/em><\/strong> verpassen Sie nicht das Haus, das gleich nebenan steht (<em><strong>die Casa Amatller<\/strong><\/em>Passeig de Gr\u00e0cia 41, entworfen von Josep Puig i Cadafalch) sowie die <em><strong>Casa Morera<\/strong><\/em> (Passeig de Gr\u00e0cia 35 entworfen von Llu\u00eds Dom\u00e8nech i Montaner) etwas weiter entfernt.<\/p>\n<p>Heute str\u00f6men Horden von Touristen herbei, um die <em><strong>das unglaubliche Casa Battl\u00f3<\/strong><\/em> aber diese beiden anderen H\u00e4user sind ebenfalls absolut pr\u00e4chtig...<\/p>\n<p>Und zu Beginn des 20. Jahrhunderts f\u00fchrte dies zu einer Reihe von Problemen, denn es waren <strong>die drei gr\u00f6\u00dften Architekten<\/strong> der damaligen Zeit, die auf demselben Block ein Haus bauten.<\/p>\n<p>Und das f\u00fchrte dazu, dass dieser Ort benannt wurde <strong>\"Insel der Zwietracht\".<\/strong><\/p>\n<p><img decoding=\"async\" class=\"size-medium wp-image-1568 alignright\" src=\"https:\/\/bonjourbarcelone.fr\/wp-content\/uploads\/2019\/05\/4498290116_c7773f7840_b-300x201.jpg\" alt=\"\" width=\"300\" height=\"201\" srcset=\"https:\/\/bonjourbarcelone.fr\/wp-content\/uploads\/2019\/05\/4498290116_c7773f7840_b-300x201.jpg 300w, https:\/\/bonjourbarcelone.fr\/wp-content\/uploads\/2019\/05\/4498290116_c7773f7840_b.jpg 640w\" sizes=\"(max-width: 300px) 100vw, 300px\" \/><\/p>\n<p>In der Tat sind die Stile sehr unterschiedlich und somit sind es auch unterschiedliche architektonische Visionen.<\/p>\n<p>Auf Kastilisch beschw\u00f6ren sie<strong> die \"Manzana\" oder \"der Apfel\", der Apfel der Zwietracht.<\/strong><\/p>\n<p>&nbsp;<\/p>\n<h2><strong>Gaudi und die unglaublichen H\u00e4user Battlo und La Pedrera!<\/strong><\/h2>\n<p><em><strong>Die <a href=\"https:\/\/bonjourbarcelone.fr\/de\/casa-batllo-barcelona\/\">Casa Battl\u00f3<\/a> <\/strong><\/em>muss nicht mehr vorgestellt werden! Sie ist international bekannt f\u00fcr ihre <strong>Originalit\u00e4t<\/strong>.<\/p>\n<p>Sie ist ein absolutes Muss und wird von<strong>eine atemberaubende Sch\u00f6nheit.<\/strong> Sie <strong>wechselt die Farben<\/strong> wie die Sonne scheint.<\/p>\n<p>Nachts beleuchtet, <strong>seine Inspirationen aus dem Meer<\/strong> sind noch strahlender. Das Innere ist als<strong>totale Kunst,<\/strong> d. h. alles ist <a href=\"https:\/\/bonjourbarcelone.fr\/de\/gaudi-barcelona\/\">Gaudi<\/a>ist alles modernistisch.<\/p>\n<p>Ich empfehle Ihnen w\u00e4rmstens<strong> sie sehen und wiedersehen!<\/strong><\/p>\n<p>&nbsp;<\/p>\n<p>Au\u00dferdem <em><strong>la Pedrera oder das Casa Mil\u00e0,<\/strong><\/em> ebenfalls von Gaudi erbaut und von Pere Mil\u00e0 i Camps in Auftrag gegeben!<\/p>\n<p>Man genie\u00dft es mit Wollust, sie zu bewundern. Auch sie ver\u00e4ndert sich durch die Bewegungen der Sonne. <strong>Seine Schatten verwandeln sich<\/strong> und sein Schmiedeeisen erweckt manchmal den Eindruck, als w\u00fcrde es ins Haus eindringen.<\/p>\n<p>Diese kann ebenfalls besichtigt werden und vor allem ihr<strong> unglaubliche, mit Mosaiken geformte Terrasse <\/strong>und von dem aus die Aussicht fantastisch ist!<\/p>\n<p>Architektur, die mit den Kurven der Natur und der einzigartigen Inspiration Gaud\u00eds verschmilzt.<\/p>\n<p>&nbsp;<\/p>\n<h2><strong>Die Parallelallee: die Rambla de Catalunya<\/strong><\/h2>\n<p>In der Umgebung des Passeig sollten Sie sich die Rambla de Catalunya mit ihren Restaurants und kleinen Bars nicht entgehen lassen, die etwas ruhiger gelegen ist.<\/p>\n<p>&nbsp;<\/p>\n<h2><strong>Am Ende des Passeig: das Viertel Graci\u00e0<\/strong><\/h2>\n<p>Ein trendiges Viertel voller <strong>Designer, Bio-Boutiquen und Trendl\u00e4den. <\/strong><\/p>\n<p>Und h\u00fcbsche Pl\u00e4tze wie <em><strong>der Pla\u00e7a de la Virreina, der Pla\u00e7a del Diamante, der Pla\u00e7a del Sol oder der Pla\u00e7a Villa de Graci\u00e0<\/strong><\/em>.<\/p>\n<p>Sch\u00f6ne Entdeckung dieser kleinen Stra\u00dfen mit den kleinen H\u00e4uschen, in denen man sich gerne verliert...<\/p>\n<p><img decoding=\"async\" class=\"size-medium wp-image-1570 alignright\" src=\"https:\/\/bonjourbarcelone.fr\/wp-content\/uploads\/2019\/05\/7159467431_b0de1c07ff_b-300x225.jpg\" alt=\"\" width=\"300\" height=\"225\" srcset=\"https:\/\/bonjourbarcelone.fr\/wp-content\/uploads\/2019\/05\/7159467431_b0de1c07ff_b-300x225.jpg 300w, https:\/\/bonjourbarcelone.fr\/wp-content\/uploads\/2019\/05\/7159467431_b0de1c07ff_b.jpg 640w\" sizes=\"(max-width: 300px) 100vw, 300px\" \/><\/p>","protected":false},"excerpt":{"rendered":"<p>Le Passeig de Graci\u00e0, c\u2019est cette avenue mythique au c\u0153ur de Barcelone. Auparavant, Graci\u00e0 \u00e9tait un petit village aux alentours de la capitale catalane\u2026 et aujourd\u2019hui, c\u2019est un quartier branche o\u00f9 les habitants se bousculent pour y vivre. L\u2019un des quartiers les plus pris\u00e9s et les plus chers de la ville! Toutes les enseignes se [&hellip;]<\/p>","protected":false},"author":2,"featured_media":1569,"comment_status":"open","ping_status":"open","sticky":false,"template":"","format":"standard","meta":{"om_disable_all_campaigns":false,"_genesis_hide_title":false,"_genesis_hide_breadcrumbs":false,"_genesis_hide_singular_image":false,"_genesis_hide_footer_widgets":false,"_genesis_custom_body_class":"","_genesis_custom_post_class":"","_genesis_layout":"","footnotes":""},"categories":[9],"tags":[],"class_list":{"0":"post-1567","1":"post","2":"type-post","3":"status-publish","4":"format-standard","5":"has-post-thumbnail","7":"category-quartiers-et-endroits","8":"entry"},"yoast_head":"<!-- This site is optimized with the Yoast SEO plugin v26.5 - https:\/\/yoast.com\/wordpress\/plugins\/seo\/ -->\n<title>Passeig de Graci\u00e0: la plus belle avenue de Barcelone! [MAJ 2026]<\/title>\n<meta name=\"description\" content=\"Vous trouverez dans cet article toutes les informations concernant le Passeig de Gracia, la plus belle avenue de la ville de Barcelone !\" \/>\n<meta name=\"robots\" content=\"index, follow, max-snippet:-1, max-image-preview:large, max-video-preview:-1\" \/>\n<link rel=\"canonical\" href=\"https:\/\/bonjourbarcelone.fr\/de\/passeig-de-gracia\/\" \/>\n<meta property=\"og:locale\" content=\"de_DE\" \/>\n<meta property=\"og:type\" content=\"article\" \/>\n<meta property=\"og:title\" content=\"Passeig de Graci\u00e0: la plus belle avenue de Barcelone! [MAJ 2026]\" \/>\n<meta property=\"og:description\" content=\"Vous trouverez dans cet article toutes les informations concernant le Passeig de Gracia, la plus belle avenue de la ville de Barcelone !\" \/>\n<meta property=\"og:url\" content=\"https:\/\/bonjourbarcelone.fr\/de\/passeig-de-gracia\/\" \/>\n<meta property=\"og:site_name\" content=\"Visiter Barcelone\" \/>\n<meta property=\"article:published_time\" content=\"2022-10-16T15:50:12+00:00\" \/>\n<meta property=\"article:modified_time\" content=\"2025-12-31T15:32:14+00:00\" \/>\n<meta property=\"og:image\" content=\"https:\/\/bonjourbarcelone.fr\/wp-content\/uploads\/2019\/05\/4548525794_3b086dc448_b.jpg\" \/>\n\t<meta property=\"og:image:width\" content=\"640\" \/>\n\t<meta property=\"og:image:height\" content=\"480\" \/>\n\t<meta property=\"og:image:type\" content=\"image\/jpeg\" \/>\n<meta name=\"author\" content=\"Thibaut\" \/>\n<meta name=\"twitter:card\" content=\"summary_large_image\" \/>\n<meta name=\"twitter:label1\" content=\"Verfasst von\" \/>\n\t<meta name=\"twitter:data1\" content=\"Thibaut\" \/>\n\t<meta name=\"twitter:label2\" content=\"Gesch\u00e4tzte Lesezeit\" \/>\n\t<meta name=\"twitter:data2\" content=\"6\u00a0Minuten\" \/>\n<script type=\"application\/ld+json\" class=\"yoast-schema-graph\">{\"@context\":\"https:\/\/schema.org\",\"@graph\":[{\"@type\":\"WebPage\",\"@id\":\"https:\/\/bonjourbarcelone.fr\/passeig-de-gracia\/\",\"url\":\"https:\/\/bonjourbarcelone.fr\/passeig-de-gracia\/\",\"name\":\"Passeig de Graci\u00e0: la plus belle avenue de Barcelone! [MAJ 2026]\",\"isPartOf\":{\"@id\":\"https:\/\/bonjourbarcelone.fr\/#website\"},\"primaryImageOfPage\":{\"@id\":\"https:\/\/bonjourbarcelone.fr\/passeig-de-gracia\/#primaryimage\"},\"image\":{\"@id\":\"https:\/\/bonjourbarcelone.fr\/passeig-de-gracia\/#primaryimage\"},\"thumbnailUrl\":\"https:\/\/bonjourbarcelone.fr\/wp-content\/uploads\/2019\/05\/4548525794_3b086dc448_b.jpg\",\"datePublished\":\"2022-10-16T15:50:12+00:00\",\"dateModified\":\"2025-12-31T15:32:14+00:00\",\"author\":{\"@id\":\"https:\/\/bonjourbarcelone.fr\/#\/schema\/person\/0bda2897d0b8e0150a7ece6f930ff5e5\"},\"description\":\"Vous trouverez dans cet article toutes les informations concernant le Passeig de Gracia, la plus belle avenue de la ville de Barcelone !\",\"breadcrumb\":{\"@id\":\"https:\/\/bonjourbarcelone.fr\/passeig-de-gracia\/#breadcrumb\"},\"inLanguage\":\"de\",\"potentialAction\":[{\"@type\":\"ReadAction\",\"target\":[\"https:\/\/bonjourbarcelone.fr\/passeig-de-gracia\/\"]}]},{\"@type\":\"ImageObject\",\"inLanguage\":\"de\",\"@id\":\"https:\/\/bonjourbarcelone.fr\/passeig-de-gracia\/#primaryimage\",\"url\":\"https:\/\/bonjourbarcelone.fr\/wp-content\/uploads\/2019\/05\/4548525794_3b086dc448_b.jpg\",\"contentUrl\":\"https:\/\/bonjourbarcelone.fr\/wp-content\/uploads\/2019\/05\/4548525794_3b086dc448_b.jpg\",\"width\":640,\"height\":480,\"caption\":\"passeig de gracia\"},{\"@type\":\"BreadcrumbList\",\"@id\":\"https:\/\/bonjourbarcelone.fr\/passeig-de-gracia\/#breadcrumb\",\"itemListElement\":[{\"@type\":\"ListItem\",\"position\":1,\"name\":\"Accueil\",\"item\":\"https:\/\/bonjourbarcelone.fr\/\"},{\"@type\":\"ListItem\",\"position\":2,\"name\":\"Passeig de Graci\u00e0: la plus belle avenue de Barcelone! [MAJ 2026]\"}]},{\"@type\":\"WebSite\",\"@id\":\"https:\/\/bonjourbarcelone.fr\/#website\",\"url\":\"https:\/\/bonjourbarcelone.fr\/\",\"name\":\"Visiter Barcelone\",\"description\":\"Tout pour passer un s\u00e9jour inoubliable en 2026 !\",\"potentialAction\":[{\"@type\":\"SearchAction\",\"target\":{\"@type\":\"EntryPoint\",\"urlTemplate\":\"https:\/\/bonjourbarcelone.fr\/?s={search_term_string}\"},\"query-input\":{\"@type\":\"PropertyValueSpecification\",\"valueRequired\":true,\"valueName\":\"search_term_string\"}}],\"inLanguage\":\"de\"},{\"@type\":\"Person\",\"@id\":\"https:\/\/bonjourbarcelone.fr\/#\/schema\/person\/0bda2897d0b8e0150a7ece6f930ff5e5\",\"name\":\"Thibaut\",\"image\":{\"@type\":\"ImageObject\",\"inLanguage\":\"de\",\"@id\":\"https:\/\/bonjourbarcelone.fr\/#\/schema\/person\/image\/\",\"url\":\"https:\/\/secure.gravatar.com\/avatar\/436636a11d7c80b948817b5a66d82f9305017ea4c84ab9a676db1d62ccc2c25d?s=96&r=g\",\"contentUrl\":\"https:\/\/secure.gravatar.com\/avatar\/436636a11d7c80b948817b5a66d82f9305017ea4c84ab9a676db1d62ccc2c25d?s=96&r=g\",\"caption\":\"Thibaut\"},\"description\":\"J'aide les voyageurs \u00e0 mieux visiter la ville de Barcelone avec un contenu \u00e9crit et actualis\u00e9 par des experts locaux pour vivre la meilleure exp\u00e9rience possible ! Notre agence de voyage propose \u00e9galement des visites guid\u00e9es en fran\u00e7ais.\"}]}<\/script>\n<!-- \/ Yoast SEO plugin. -->","yoast_head_json":{"title":"Passeig de Graci\u00e0: la plus belle avenue de Barcelone! [MAJ 2026]","description":"In diesem Artikel findest du alle Informationen \u00fcber den Passeig de Gracia, die sch\u00f6nste Prachtstra\u00dfe Barcelonas!","robots":{"index":"index","follow":"follow","max-snippet":"max-snippet:-1","max-image-preview":"max-image-preview:large","max-video-preview":"max-video-preview:-1"},"canonical":"https:\/\/bonjourbarcelone.fr\/de\/passeig-de-gracia\/","og_locale":"de_DE","og_type":"article","og_title":"Passeig de Graci\u00e0: la plus belle avenue de Barcelone! [MAJ 2026]","og_description":"Vous trouverez dans cet article toutes les informations concernant le Passeig de Gracia, la plus belle avenue de la ville de Barcelone !","og_url":"https:\/\/bonjourbarcelone.fr\/de\/passeig-de-gracia\/","og_site_name":"Visiter Barcelone","article_published_time":"2022-10-16T15:50:12+00:00","article_modified_time":"2025-12-31T15:32:14+00:00","og_image":[{"width":640,"height":480,"url":"https:\/\/bonjourbarcelone.fr\/wp-content\/uploads\/2019\/05\/4548525794_3b086dc448_b.jpg","type":"image\/jpeg"}],"author":"Thibaut","twitter_card":"summary_large_image","twitter_misc":{"Verfasst von":"Thibaut","Gesch\u00e4tzte Lesezeit":"6\u00a0Minuten"},"schema":{"@context":"https:\/\/schema.org","@graph":[{"@type":"WebPage","@id":"https:\/\/bonjourbarcelone.fr\/passeig-de-gracia\/","url":"https:\/\/bonjourbarcelone.fr\/passeig-de-gracia\/","name":"Passeig de Graci\u00e0: la plus belle avenue de Barcelone! [MAJ 2026]","isPartOf":{"@id":"https:\/\/bonjourbarcelone.fr\/#website"},"primaryImageOfPage":{"@id":"https:\/\/bonjourbarcelone.fr\/passeig-de-gracia\/#primaryimage"},"image":{"@id":"https:\/\/bonjourbarcelone.fr\/passeig-de-gracia\/#primaryimage"},"thumbnailUrl":"https:\/\/bonjourbarcelone.fr\/wp-content\/uploads\/2019\/05\/4548525794_3b086dc448_b.jpg","datePublished":"2022-10-16T15:50:12+00:00","dateModified":"2025-12-31T15:32:14+00:00","author":{"@id":"https:\/\/bonjourbarcelone.fr\/#\/schema\/person\/0bda2897d0b8e0150a7ece6f930ff5e5"},"description":"In diesem Artikel findest du alle Informationen \u00fcber den Passeig de Gracia, die sch\u00f6nste Prachtstra\u00dfe Barcelonas!","breadcrumb":{"@id":"https:\/\/bonjourbarcelone.fr\/passeig-de-gracia\/#breadcrumb"},"inLanguage":"de","potentialAction":[{"@type":"ReadAction","target":["https:\/\/bonjourbarcelone.fr\/passeig-de-gracia\/"]}]},{"@type":"ImageObject","inLanguage":"de","@id":"https:\/\/bonjourbarcelone.fr\/passeig-de-gracia\/#primaryimage","url":"https:\/\/bonjourbarcelone.fr\/wp-content\/uploads\/2019\/05\/4548525794_3b086dc448_b.jpg","contentUrl":"https:\/\/bonjourbarcelone.fr\/wp-content\/uploads\/2019\/05\/4548525794_3b086dc448_b.jpg","width":640,"height":480,"caption":"passeig de gracia"},{"@type":"BreadcrumbList","@id":"https:\/\/bonjourbarcelone.fr\/passeig-de-gracia\/#breadcrumb","itemListElement":[{"@type":"ListItem","position":1,"name":"Accueil","item":"https:\/\/bonjourbarcelone.fr\/"},{"@type":"ListItem","position":2,"name":"Passeig de Graci\u00e0: la plus belle avenue de Barcelone! [MAJ 2026]"}]},{"@type":"WebSite","@id":"https:\/\/bonjourbarcelone.fr\/#website","url":"https:\/\/bonjourbarcelone.fr\/","name":"Barcelona besuchen","description":"Tout pour passer un s\u00e9jour inoubliable en 2026 !","potentialAction":[{"@type":"SearchAction","target":{"@type":"EntryPoint","urlTemplate":"https:\/\/bonjourbarcelone.fr\/?s={search_term_string}"},"query-input":{"@type":"PropertyValueSpecification","valueRequired":true,"valueName":"search_term_string"}}],"inLanguage":"de"},{"@type":"Person","@id":"https:\/\/bonjourbarcelone.fr\/#\/schema\/person\/0bda2897d0b8e0150a7ece6f930ff5e5","name":"Thibaut","image":{"@type":"ImageObject","inLanguage":"de","@id":"https:\/\/bonjourbarcelone.fr\/#\/schema\/person\/image\/","url":"https:\/\/secure.gravatar.com\/avatar\/436636a11d7c80b948817b5a66d82f9305017ea4c84ab9a676db1d62ccc2c25d?s=96&r=g","contentUrl":"https:\/\/secure.gravatar.com\/avatar\/436636a11d7c80b948817b5a66d82f9305017ea4c84ab9a676db1d62ccc2c25d?s=96&r=g","caption":"Thibaut"},"description":"Ich helfe Reisenden, die Stadt Barcelona besser zu erkunden, mit Inhalten, die von lokalen Experten geschrieben und aktualisiert werden, um das bestm\u00f6gliche Erlebnis zu haben! Unser Reiseb\u00fcro bietet auch deutschsprachige Stadtf\u00fchrungen an."}]}},"_links":{"self":[{"href":"https:\/\/bonjourbarcelone.fr\/de\/wp-json\/wp\/v2\/posts\/1567","targetHints":{"allow":["GET"]}}],"collection":[{"href":"https:\/\/bonjourbarcelone.fr\/de\/wp-json\/wp\/v2\/posts"}],"about":[{"href":"https:\/\/bonjourbarcelone.fr\/de\/wp-json\/wp\/v2\/types\/post"}],"author":[{"embeddable":true,"href":"https:\/\/bonjourbarcelone.fr\/de\/wp-json\/wp\/v2\/users\/2"}],"replies":[{"embeddable":true,"href":"https:\/\/bonjourbarcelone.fr\/de\/wp-json\/wp\/v2\/comments?post=1567"}],"version-history":[{"count":3,"href":"https:\/\/bonjourbarcelone.fr\/de\/wp-json\/wp\/v2\/posts\/1567\/revisions"}],"predecessor-version":[{"id":4186,"href":"https:\/\/bonjourbarcelone.fr\/de\/wp-json\/wp\/v2\/posts\/1567\/revisions\/4186"}],"wp:featuredmedia":[{"embeddable":true,"href":"https:\/\/bonjourbarcelone.fr\/de\/wp-json\/wp\/v2\/media\/1569"}],"wp:attachment":[{"href":"https:\/\/bonjourbarcelone.fr\/de\/wp-json\/wp\/v2\/media?parent=1567"}],"wp:term":[{"taxonomy":"category","embeddable":true,"href":"https:\/\/bonjourbarcelone.fr\/de\/wp-json\/wp\/v2\/categories?post=1567"},{"taxonomy":"post_tag","embeddable":true,"href":"https:\/\/bonjourbarcelone.fr\/de\/wp-json\/wp\/v2\/tags?post=1567"}],"curies":[{"name":"wp","href":"https:\/\/api.w.org\/{rel}","templated":true}]}}