{"id":2063,"date":"2023-02-02T17:45:43","date_gmt":"2023-02-02T17:45:43","guid":{"rendered":"https:\/\/bonjourbarcelone.fr\/?p=2063"},"modified":"2023-12-16T15:03:24","modified_gmt":"2023-12-16T15:03:24","slug":"mercat-de-les-flors","status":"publish","type":"post","link":"https:\/\/bonjourbarcelone.fr\/de\/mercat-de-les-flors\/","title":{"rendered":"Mercat de les Flors: Ein au\u00dfergew\u00f6hnliches Theater in Barcelona"},"content":{"rendered":"<p>Die <strong>Mercat de les Flors<\/strong> ist ein bekanntes Theater in Barcelona.<\/p>\n<p>An diesem Ort finden sehr h\u00e4ufig Auff\u00fchrungen statt.<\/p>\n<p>Es ist einer der perfekten Orte, um einen ruhigen Abend zu zweit oder mit Freunden zu verbringen.<\/p>\n<p>Ich erz\u00e4hle Ihnen in diesem Artikel ausf\u00fchrlich von diesem Ort.<\/p>\n<h2 class=\"summary-title\">Mercat de les Flors: Inhaltsangabe des Artikels<\/h2>\n<div class=\"summary-box\">\n<ul class=\"summary-list\">\n<li><a href=\"#_Toc126250252\">Mercat de les Flors: Was ist seine Geschichte?<\/a><\/li>\n<li><a href=\"#_Toc126250253\">Ein von der internationalen Szene hoch gesch\u00e4tztes Theater von 1929 bis heute<\/a><\/li>\n<li><a href=\"#_Toc126250254\">Einige Details \u00fcber das Geb\u00e4ude und seine Einrichtung<\/a><\/li>\n<li><a href=\"#_Toc126250255\">Mercat de les Flors: ein Nebenprojekt<\/a><\/li>\n<li><a href=\"#_Toc126250256\">Wie gelangt man zum Mercat de les FLors?<\/a><\/li>\n<\/ul>\n<\/div>\n<h2><a name=\"_Toc126250252\"><\/a><strong>Mercat de les Flors: Was ist seine Geschichte?<\/strong><\/h2>\n<p>Die Geschichte des Mercat de les Flors als Stadttheater geht auf das Jahr 1983 zur\u00fcck, als die damalige Kulturstadtr\u00e4tin Maria Aur\u00e8lia Capmany und der damalige B\u00fcrgermeister von Barcelona Pasqual Maragall die Schaffung dieses st\u00e4dtischen Veranstaltungsortes mit der Renovierung des Palacio de Agricultura, der f\u00fcr die Internationale Ausstellung 1929 auf dem Berg de <a href=\"https:\/\/bonjourbarcelone.fr\/de\/montjuic\/\">Montju\u00efc<\/a>.<\/p>\n<p>Nach der Auff\u00fchrung des St\u00fccks \"Die Trag\u00f6die der Carmen\" startete der Mercat ein Programm <strong>von nationalen und internationalen Auff\u00fchrungen und K\u00fcnstlern.<\/strong><\/p>\n<p><a href=\"https:\/\/bonjourbarcelone.fr\/wp-content\/uploads\/2023\/02\/mercat-de-les-flors.jpg\"><img decoding=\"async\" class=\"alignnone size-full wp-image-2064\" src=\"https:\/\/bonjourbarcelone.fr\/wp-content\/uploads\/2023\/02\/mercat-de-les-flors.jpg\" alt=\"mercat de les flors\" width=\"1024\" height=\"768\" srcset=\"https:\/\/bonjourbarcelone.fr\/wp-content\/uploads\/2023\/02\/mercat-de-les-flors.jpg 1024w, https:\/\/bonjourbarcelone.fr\/wp-content\/uploads\/2023\/02\/mercat-de-les-flors-300x225.jpg 300w, https:\/\/bonjourbarcelone.fr\/wp-content\/uploads\/2023\/02\/mercat-de-les-flors-768x576.jpg 768w\" sizes=\"(max-width: 1024px) 100vw, 1024px\" \/><\/a><\/p>\n<h2><a name=\"_Toc126250253\"><\/a><strong>Ein von der internationalen Szene hoch gesch\u00e4tztes Theater von 1929 bis heute<\/strong><\/h2>\n<p>Dieser Raum und der Rest des Mercat de les Flors wurden renoviert und 1985 mit der Premiere von Mahabarata, wiederum unter der Regie von Peter Brook, als Stadttheater er\u00f6ffnet. Das Theater zielte schon in seinen Anf\u00e4ngen darauf ab, ein Beispiel zu geben <strong>in allen Arten des kreativen Ausdrucks.<\/strong><\/p>\n<p>Der Mercat de les Flors geh\u00f6rt zu den Einrichtungen der Ciutat del Teatre (Theaterstadt), die aus drei Theaters\u00e4len in der Umgebung der Pla\u00e7a Margarita Xirgu besteht: dem Mercat selbst, dem Teatre Lliure und dem Institut del Th\u00e9\u00e2tre.<\/p>\n<h2><a name=\"_Toc126250254\"><\/a><strong>Einige Details \u00fcber das Geb\u00e4ude und seine Einrichtung<\/strong><\/h2>\n<p>Das Mercat verf\u00fcgt \u00fcber vier R\u00e4ume mit einem Programm. Die Sala Maria Aur\u00e8lia Capmany (MAC) ist das Hauptauditorium. Dank ihrer flexiblen Anordnung kann sie viele verschiedene Arten von Auff\u00fchrungen beherbergen. Die maximale Kapazit\u00e4t betr\u00e4gt <strong>von 436 Sitzpl\u00e4tzen<\/strong>.<\/p>\n<p>Der im ersten Stock gelegene Sala Sebasti\u00e0 Gasch (SG) mit einer Kapazit\u00e4t von 80 Personen beherbergt haupts\u00e4chlich kleinere Auff\u00fchrungen.<\/p>\n<p>Der Sala Ovidi Montllor (OM), der im Jahr 2000 in den R\u00e4umlichkeiten des Institut del Teatre gebaut wurde, wird mit dieser Schule geteilt. Seine Sitze 320 und <strong>hat ein Layout im italienischen Stil.<\/strong><\/p>\n<p>Der Sala Pina Bausch (PB) wurde im Januar 2011 zu Ehren der ber\u00fchmten Choreografin er\u00f6ffnet. Er ist ein 240 m\u00b2 gro\u00dfes Mehrzweck-Auditorium, das als Probenraum dient und auch f\u00fcr kleinere Aktivit\u00e4ten genutzt wird. Die gro\u00dfe Kuppel mit einem Durchmesser von 12 m, die die <strong>die Eingangshalle des Mercat ist ein Werk des K\u00fcnstlers Miquel Barcel\u00f3.<\/strong><\/p>\n<h2><a name=\"_Toc126250255\"><\/a><strong>Mercat de les Flors: ein Nebenprojekt<\/strong><\/h2>\n<p>Der Mercat betreibt auch El Graner, ein Zentrum f\u00fcr Kreativit\u00e4t und das Studium von K\u00f6rpersprache und Gestik. Es ist Teil des Art Factories-Programms der Stadtverwaltung.<\/p>\n<p>El Graner beherbergt Residenzen f\u00fcr Tanzk\u00fcnstler, entwickelt k\u00fcnstlerische Kooperationsprojekte mit d<strong>Das Zentrum ist ein Ort der Begegnung mit anderen kulturellen Akteuren und f\u00f6rdert die Integration des Zentrums in seine Nachbarschaft.<\/strong><\/p>\n<p>El Graner bietet zahlreiche Programme an, darunter auch ein Wohnheim f\u00fcr K\u00fcnstler.<\/p>\n<h3><strong>Ein gro\u00dffl\u00e4chiges Geb\u00e4ude<\/strong><\/h3>\n<p>Die R\u00e4umlichkeiten von El Graner haben eine Fl\u00e4che von 1.000 m\u00b2 mit vier Proben-, Kreativ- und Auff\u00fchrungsr\u00e4umen, die sich in einen 240 m\u00b2 gro\u00dfen Komplex, zwei 100 m\u00b2 gro\u00dfe Probenr\u00e4ume und einen 42 m\u00b2 gro\u00dfen Raum f\u00fcr individuelle Recherchen aufteilen. Au\u00dferdem gibt es mehrere Versammlungs- und Gemeinschaftsr\u00e4ume, Aufenthaltsr\u00e4ume und eine K\u00fcche.<\/p>\n<h2><a name=\"_Toc126250256\"><\/a><strong>Wie gelangt man zum Mercat de les FLors?<\/strong><\/h2>\n<p>Um dorthin zu gelangen, k\u00f6nnen Sie von der Metrostation nach Montju\u00efc laufen <a href=\"https:\/\/bonjourbarcelone.fr\/de\/poble-sec\/\">Poble Sec<\/a> auf der Linie L3. Sie k\u00f6nnen auch mit dem <a href=\"https:\/\/bonjourbarcelone.fr\/de\/funicular-barcelona\/\">Standseilbahn<\/a> um den Ort zu erreichen.<\/p>\n<p>Der Mercat de les Flors ist ein Ort, der Sie in das letzte Jahrhundert zur\u00fcckversetzt. Mit seinen Repr\u00e4sentationsr\u00e4umen und den von Zeit zu Zeit aufgef\u00fchrten Theaterst\u00fccken empfehle ich Ihnen, einen Moment an diesem Ort zu verbringen. Ein perfekter Ort <strong>wenn Sie die Theaterkultur der Stadt genie\u00dfen m\u00f6chten!<\/strong><\/p>","protected":false},"excerpt":{"rendered":"<p>Le Mercat de les Flors est un th\u00e9\u00e2tre bien connu de Barcelone. Ce lieu accueille tr\u00e8s souvent des repr\u00e9sentations. C\u2019est l\u2019un des endroits parfaits pour passer une soir\u00e9e au calme en couple ou entre amis. Je vous parle de ce lieu en d\u00e9tail dans cet article. Mercat de les Flors : sommaire de l&rsquo;article Mercat [&hellip;]<\/p>","protected":false},"author":2,"featured_media":2064,"comment_status":"open","ping_status":"open","sticky":false,"template":"","format":"standard","meta":{"om_disable_all_campaigns":false,"_genesis_hide_title":false,"_genesis_hide_breadcrumbs":false,"_genesis_hide_singular_image":false,"_genesis_hide_footer_widgets":false,"_genesis_custom_body_class":"","_genesis_custom_post_class":"","_genesis_layout":"","footnotes":""},"categories":[3],"tags":[],"class_list":{"0":"post-2063","1":"post","2":"type-post","3":"status-publish","4":"format-standard","5":"has-post-thumbnail","7":"category-barcelone","8":"entry"},"yoast_head":"<!-- This site is optimized with the Yoast SEO plugin v26.5 - https:\/\/yoast.com\/wordpress\/plugins\/seo\/ -->\n<title>Mercat de les Flors : un th\u00e9\u00e2tre hors du commun \u00e0 Barcelone<\/title>\n<meta name=\"description\" content=\"Le Mercat de les flors est un th\u00e9\u00e2tre municipal de la ville de Barcelone. Pour le d\u00e9couvrir en d\u00e9tail, je vous laisse lire mon article\u2009!\" \/>\n<meta name=\"robots\" content=\"index, follow, max-snippet:-1, max-image-preview:large, max-video-preview:-1\" \/>\n<link rel=\"canonical\" href=\"https:\/\/bonjourbarcelone.fr\/de\/mercat-de-les-flors\/\" \/>\n<meta property=\"og:locale\" content=\"de_DE\" \/>\n<meta property=\"og:type\" content=\"article\" \/>\n<meta property=\"og:title\" content=\"Mercat de les Flors : un th\u00e9\u00e2tre hors du commun \u00e0 Barcelone\" \/>\n<meta property=\"og:description\" content=\"Le Mercat de les flors est un th\u00e9\u00e2tre municipal de la ville de Barcelone. Pour le d\u00e9couvrir en d\u00e9tail, je vous laisse lire mon article\u2009!\" \/>\n<meta property=\"og:url\" content=\"https:\/\/bonjourbarcelone.fr\/de\/mercat-de-les-flors\/\" \/>\n<meta property=\"og:site_name\" content=\"Visiter Barcelone\" \/>\n<meta property=\"article:published_time\" content=\"2023-02-02T17:45:43+00:00\" \/>\n<meta property=\"article:modified_time\" content=\"2023-12-16T15:03:24+00:00\" \/>\n<meta property=\"og:image\" content=\"https:\/\/bonjourbarcelone.fr\/wp-content\/uploads\/2023\/02\/mercat-de-les-flors.jpg\" \/>\n\t<meta property=\"og:image:width\" content=\"1024\" \/>\n\t<meta property=\"og:image:height\" content=\"768\" \/>\n\t<meta property=\"og:image:type\" content=\"image\/jpeg\" \/>\n<meta name=\"author\" content=\"Thibaut\" \/>\n<meta name=\"twitter:card\" content=\"summary_large_image\" \/>\n<meta name=\"twitter:label1\" content=\"Verfasst von\" \/>\n\t<meta name=\"twitter:data1\" content=\"Thibaut\" \/>\n\t<meta name=\"twitter:label2\" content=\"Gesch\u00e4tzte Lesezeit\" \/>\n\t<meta name=\"twitter:data2\" content=\"4\u00a0Minuten\" \/>\n<script type=\"application\/ld+json\" class=\"yoast-schema-graph\">{\"@context\":\"https:\/\/schema.org\",\"@graph\":[{\"@type\":\"WebPage\",\"@id\":\"https:\/\/bonjourbarcelone.fr\/mercat-de-les-flors\/\",\"url\":\"https:\/\/bonjourbarcelone.fr\/mercat-de-les-flors\/\",\"name\":\"Mercat de les Flors : un th\u00e9\u00e2tre hors du commun \u00e0 Barcelone\",\"isPartOf\":{\"@id\":\"https:\/\/bonjourbarcelone.fr\/#website\"},\"primaryImageOfPage\":{\"@id\":\"https:\/\/bonjourbarcelone.fr\/mercat-de-les-flors\/#primaryimage\"},\"image\":{\"@id\":\"https:\/\/bonjourbarcelone.fr\/mercat-de-les-flors\/#primaryimage\"},\"thumbnailUrl\":\"https:\/\/bonjourbarcelone.fr\/wp-content\/uploads\/2023\/02\/mercat-de-les-flors.jpg\",\"datePublished\":\"2023-02-02T17:45:43+00:00\",\"dateModified\":\"2023-12-16T15:03:24+00:00\",\"author\":{\"@id\":\"https:\/\/bonjourbarcelone.fr\/#\/schema\/person\/0bda2897d0b8e0150a7ece6f930ff5e5\"},\"description\":\"Le Mercat de les flors est un th\u00e9\u00e2tre municipal de la ville de Barcelone. Pour le d\u00e9couvrir en d\u00e9tail, je vous laisse lire mon article\u2009!\",\"breadcrumb\":{\"@id\":\"https:\/\/bonjourbarcelone.fr\/mercat-de-les-flors\/#breadcrumb\"},\"inLanguage\":\"de\",\"potentialAction\":[{\"@type\":\"ReadAction\",\"target\":[\"https:\/\/bonjourbarcelone.fr\/mercat-de-les-flors\/\"]}]},{\"@type\":\"ImageObject\",\"inLanguage\":\"de\",\"@id\":\"https:\/\/bonjourbarcelone.fr\/mercat-de-les-flors\/#primaryimage\",\"url\":\"https:\/\/bonjourbarcelone.fr\/wp-content\/uploads\/2023\/02\/mercat-de-les-flors.jpg\",\"contentUrl\":\"https:\/\/bonjourbarcelone.fr\/wp-content\/uploads\/2023\/02\/mercat-de-les-flors.jpg\",\"width\":1024,\"height\":768,\"caption\":\"mercat de les flors\"},{\"@type\":\"BreadcrumbList\",\"@id\":\"https:\/\/bonjourbarcelone.fr\/mercat-de-les-flors\/#breadcrumb\",\"itemListElement\":[{\"@type\":\"ListItem\",\"position\":1,\"name\":\"Accueil\",\"item\":\"https:\/\/bonjourbarcelone.fr\/\"},{\"@type\":\"ListItem\",\"position\":2,\"name\":\"Mercat de les Flors : un th\u00e9\u00e2tre hors du commun \u00e0 Barcelone\"}]},{\"@type\":\"WebSite\",\"@id\":\"https:\/\/bonjourbarcelone.fr\/#website\",\"url\":\"https:\/\/bonjourbarcelone.fr\/\",\"name\":\"Visiter Barcelone\",\"description\":\"Tout pour passer un s\u00e9jour inoubliable en 2026 !\",\"potentialAction\":[{\"@type\":\"SearchAction\",\"target\":{\"@type\":\"EntryPoint\",\"urlTemplate\":\"https:\/\/bonjourbarcelone.fr\/?s={search_term_string}\"},\"query-input\":{\"@type\":\"PropertyValueSpecification\",\"valueRequired\":true,\"valueName\":\"search_term_string\"}}],\"inLanguage\":\"de\"},{\"@type\":\"Person\",\"@id\":\"https:\/\/bonjourbarcelone.fr\/#\/schema\/person\/0bda2897d0b8e0150a7ece6f930ff5e5\",\"name\":\"Thibaut\",\"image\":{\"@type\":\"ImageObject\",\"inLanguage\":\"de\",\"@id\":\"https:\/\/bonjourbarcelone.fr\/#\/schema\/person\/image\/\",\"url\":\"https:\/\/secure.gravatar.com\/avatar\/436636a11d7c80b948817b5a66d82f9305017ea4c84ab9a676db1d62ccc2c25d?s=96&r=g\",\"contentUrl\":\"https:\/\/secure.gravatar.com\/avatar\/436636a11d7c80b948817b5a66d82f9305017ea4c84ab9a676db1d62ccc2c25d?s=96&r=g\",\"caption\":\"Thibaut\"},\"description\":\"J'aide les voyageurs \u00e0 mieux visiter la ville de Barcelone avec un contenu \u00e9crit et actualis\u00e9 par des experts locaux pour vivre la meilleure exp\u00e9rience possible ! Notre agence de voyage propose \u00e9galement des visites guid\u00e9es en fran\u00e7ais.\"}]}<\/script>\n<!-- \/ Yoast SEO plugin. -->","yoast_head_json":{"title":"Mercat de les Flors: Ein au\u00dfergew\u00f6hnliches Theater in Barcelona","description":"Der Mercat de les flors ist ein Stadttheater in der Stadt Barcelona. Um es im Detail kennenzulernen, lesen Sie bitte meinen Artikel!","robots":{"index":"index","follow":"follow","max-snippet":"max-snippet:-1","max-image-preview":"max-image-preview:large","max-video-preview":"max-video-preview:-1"},"canonical":"https:\/\/bonjourbarcelone.fr\/de\/mercat-de-les-flors\/","og_locale":"de_DE","og_type":"article","og_title":"Mercat de les Flors : un th\u00e9\u00e2tre hors du commun \u00e0 Barcelone","og_description":"Le Mercat de les flors est un th\u00e9\u00e2tre municipal de la ville de Barcelone. Pour le d\u00e9couvrir en d\u00e9tail, je vous laisse lire mon article\u2009!","og_url":"https:\/\/bonjourbarcelone.fr\/de\/mercat-de-les-flors\/","og_site_name":"Visiter Barcelone","article_published_time":"2023-02-02T17:45:43+00:00","article_modified_time":"2023-12-16T15:03:24+00:00","og_image":[{"width":1024,"height":768,"url":"https:\/\/bonjourbarcelone.fr\/wp-content\/uploads\/2023\/02\/mercat-de-les-flors.jpg","type":"image\/jpeg"}],"author":"Thibaut","twitter_card":"summary_large_image","twitter_misc":{"Verfasst von":"Thibaut","Gesch\u00e4tzte Lesezeit":"4\u00a0Minuten"},"schema":{"@context":"https:\/\/schema.org","@graph":[{"@type":"WebPage","@id":"https:\/\/bonjourbarcelone.fr\/mercat-de-les-flors\/","url":"https:\/\/bonjourbarcelone.fr\/mercat-de-les-flors\/","name":"Mercat de les Flors: Ein au\u00dfergew\u00f6hnliches Theater in Barcelona","isPartOf":{"@id":"https:\/\/bonjourbarcelone.fr\/#website"},"primaryImageOfPage":{"@id":"https:\/\/bonjourbarcelone.fr\/mercat-de-les-flors\/#primaryimage"},"image":{"@id":"https:\/\/bonjourbarcelone.fr\/mercat-de-les-flors\/#primaryimage"},"thumbnailUrl":"https:\/\/bonjourbarcelone.fr\/wp-content\/uploads\/2023\/02\/mercat-de-les-flors.jpg","datePublished":"2023-02-02T17:45:43+00:00","dateModified":"2023-12-16T15:03:24+00:00","author":{"@id":"https:\/\/bonjourbarcelone.fr\/#\/schema\/person\/0bda2897d0b8e0150a7ece6f930ff5e5"},"description":"Der Mercat de les flors ist ein Stadttheater in der Stadt Barcelona. Um es im Detail kennenzulernen, lesen Sie bitte meinen Artikel!","breadcrumb":{"@id":"https:\/\/bonjourbarcelone.fr\/mercat-de-les-flors\/#breadcrumb"},"inLanguage":"de","potentialAction":[{"@type":"ReadAction","target":["https:\/\/bonjourbarcelone.fr\/mercat-de-les-flors\/"]}]},{"@type":"ImageObject","inLanguage":"de","@id":"https:\/\/bonjourbarcelone.fr\/mercat-de-les-flors\/#primaryimage","url":"https:\/\/bonjourbarcelone.fr\/wp-content\/uploads\/2023\/02\/mercat-de-les-flors.jpg","contentUrl":"https:\/\/bonjourbarcelone.fr\/wp-content\/uploads\/2023\/02\/mercat-de-les-flors.jpg","width":1024,"height":768,"caption":"mercat de les flors"},{"@type":"BreadcrumbList","@id":"https:\/\/bonjourbarcelone.fr\/mercat-de-les-flors\/#breadcrumb","itemListElement":[{"@type":"ListItem","position":1,"name":"Accueil","item":"https:\/\/bonjourbarcelone.fr\/"},{"@type":"ListItem","position":2,"name":"Mercat de les Flors : un th\u00e9\u00e2tre hors du commun \u00e0 Barcelone"}]},{"@type":"WebSite","@id":"https:\/\/bonjourbarcelone.fr\/#website","url":"https:\/\/bonjourbarcelone.fr\/","name":"Barcelona besuchen","description":"Tout pour passer un s\u00e9jour inoubliable en 2026 !","potentialAction":[{"@type":"SearchAction","target":{"@type":"EntryPoint","urlTemplate":"https:\/\/bonjourbarcelone.fr\/?s={search_term_string}"},"query-input":{"@type":"PropertyValueSpecification","valueRequired":true,"valueName":"search_term_string"}}],"inLanguage":"de"},{"@type":"Person","@id":"https:\/\/bonjourbarcelone.fr\/#\/schema\/person\/0bda2897d0b8e0150a7ece6f930ff5e5","name":"Thibaut","image":{"@type":"ImageObject","inLanguage":"de","@id":"https:\/\/bonjourbarcelone.fr\/#\/schema\/person\/image\/","url":"https:\/\/secure.gravatar.com\/avatar\/436636a11d7c80b948817b5a66d82f9305017ea4c84ab9a676db1d62ccc2c25d?s=96&r=g","contentUrl":"https:\/\/secure.gravatar.com\/avatar\/436636a11d7c80b948817b5a66d82f9305017ea4c84ab9a676db1d62ccc2c25d?s=96&r=g","caption":"Thibaut"},"description":"Ich helfe Reisenden, die Stadt Barcelona besser zu erkunden, mit Inhalten, die von lokalen Experten geschrieben und aktualisiert werden, um das bestm\u00f6gliche Erlebnis zu haben! Unser Reiseb\u00fcro bietet auch deutschsprachige Stadtf\u00fchrungen an."}]}},"_links":{"self":[{"href":"https:\/\/bonjourbarcelone.fr\/de\/wp-json\/wp\/v2\/posts\/2063","targetHints":{"allow":["GET"]}}],"collection":[{"href":"https:\/\/bonjourbarcelone.fr\/de\/wp-json\/wp\/v2\/posts"}],"about":[{"href":"https:\/\/bonjourbarcelone.fr\/de\/wp-json\/wp\/v2\/types\/post"}],"author":[{"embeddable":true,"href":"https:\/\/bonjourbarcelone.fr\/de\/wp-json\/wp\/v2\/users\/2"}],"replies":[{"embeddable":true,"href":"https:\/\/bonjourbarcelone.fr\/de\/wp-json\/wp\/v2\/comments?post=2063"}],"version-history":[{"count":1,"href":"https:\/\/bonjourbarcelone.fr\/de\/wp-json\/wp\/v2\/posts\/2063\/revisions"}],"predecessor-version":[{"id":3501,"href":"https:\/\/bonjourbarcelone.fr\/de\/wp-json\/wp\/v2\/posts\/2063\/revisions\/3501"}],"wp:featuredmedia":[{"embeddable":true,"href":"https:\/\/bonjourbarcelone.fr\/de\/wp-json\/wp\/v2\/media\/2064"}],"wp:attachment":[{"href":"https:\/\/bonjourbarcelone.fr\/de\/wp-json\/wp\/v2\/media?parent=2063"}],"wp:term":[{"taxonomy":"category","embeddable":true,"href":"https:\/\/bonjourbarcelone.fr\/de\/wp-json\/wp\/v2\/categories?post=2063"},{"taxonomy":"post_tag","embeddable":true,"href":"https:\/\/bonjourbarcelone.fr\/de\/wp-json\/wp\/v2\/tags?post=2063"}],"curies":[{"name":"wp","href":"https:\/\/api.w.org\/{rel}","templated":true}]}}