{"id":2224,"date":"2023-03-08T00:22:40","date_gmt":"2023-03-08T00:22:40","guid":{"rendered":"https:\/\/bonjourbarcelone.fr\/?p=2224"},"modified":"2023-12-16T15:00:10","modified_gmt":"2023-12-16T15:00:10","slug":"pavillon-mies-van-der-rohe","status":"publish","type":"post","link":"https:\/\/bonjourbarcelone.fr\/de\/pavillon-mies-van-der-rohe\/","title":{"rendered":"Der Mies Van Der Rohe Pavillon: ein Designort in Barcelona"},"content":{"rendered":"<p><strong>Der Mies Van Der Rohe Pavillon in Barcelona<\/strong> ist zu einem wichtigen Ort geworden, um die moderne Architektur der Stadt zu verstehen.<\/p>\n<p>Hier k\u00f6nnen Sie eine Zeit fernab der Hektik Barcelonas verbringen.<\/p>\n<p>Die Architektur hat eine Umgebung geschaffen, die zur Kontemplation und zum Nachdenken anregt.<\/p>\n<p>Was ist der Barcelona-Pavillon?<\/p>\n<p>Was k\u00f6nnen Sie vor Ort sehen?<\/p>\n<p>Dies wird in diesem Artikel behandelt.<\/p>\n<h2 class=\"summary-title\">Der Mies Van Der Rohe Pavillon: Zusammenfassung des Artikels<\/h2>\n<div class=\"summary-box\">\n<ul class=\"summary-list\">\n<li><a href=\"#_Toc128933802\">Die kurze Geschichte des Mies Van Der Rohe Pavillons<\/a><\/li>\n<li><a href=\"#_Toc128933803\">Besondere Materialien sind in seine Gestaltung eingeflossen<\/a><\/li>\n<li><a href=\"#_Toc128933804\">Die reflektierenden Becken des Mies Van Der Rohe Pavillons<\/a><\/li>\n<li><a href=\"#_Toc128933805\">Welche Bedeutung hat dieser Architekturpavillon?<\/a><\/li>\n<li><a href=\"#_Toc128933806\">Wie man den Mies Van Der Rohe Pavillon besucht<\/a><\/li>\n<\/ul>\n<\/div>\n<h2><a name=\"_Toc128933802\"><\/a><strong>Die kurze Geschichte des Mies Van Der Rohe Pavillons<\/strong><\/h2>\n<p>Der deutsche Pavillon, auch bekannt als Barcelona-Pavillon, wurde urspr\u00fcnglich in <strong>die Internationale Ausstellung in Barcelona am 26. Mai 1929<\/strong> von K\u00f6nig Alfons XIII. und K\u00f6nigin Victoria Eugenie von Spanien.<\/p>\n<p>Die Flagge sollte die neue Identit\u00e4t Deutschlands als friedliche und wohlhabende Nation darstellen, die einen Neuanfang nach dem Ersten Weltkrieg bedeutete. Die Weimarer Republik stand noch unter seiner Herrschaft und war bestrebt, eine neue Identit\u00e4t zu entwickeln und sich von ihrer imperialistischen Vergangenheit zu distanzieren.<\/p>\n<p>Die neue Identit\u00e4t war die der Modernit\u00e4t, der Offenheit, der Liberalit\u00e4t und des Internationalismus. Dies sind immer noch <strong>Werte, die der Ort heute teilt.<\/strong><\/p>\n<p><a href=\"https:\/\/bonjourbarcelone.fr\/wp-content\/uploads\/2023\/03\/pavillon-mies-van-der-rohe.jpg\"><img decoding=\"async\" class=\"alignnone size-large wp-image-2225\" src=\"https:\/\/bonjourbarcelone.fr\/wp-content\/uploads\/2023\/03\/pavillon-mies-van-der-rohe-1024x576.jpg\" alt=\"Pavillon mies van der rohe\" width=\"1024\" height=\"576\" srcset=\"https:\/\/bonjourbarcelone.fr\/wp-content\/uploads\/2023\/03\/pavillon-mies-van-der-rohe-1024x576.jpg 1024w, https:\/\/bonjourbarcelone.fr\/wp-content\/uploads\/2023\/03\/pavillon-mies-van-der-rohe-300x169.jpg 300w, https:\/\/bonjourbarcelone.fr\/wp-content\/uploads\/2023\/03\/pavillon-mies-van-der-rohe-768x432.jpg 768w, https:\/\/bonjourbarcelone.fr\/wp-content\/uploads\/2023\/03\/pavillon-mies-van-der-rohe-1536x864.jpg 1536w, https:\/\/bonjourbarcelone.fr\/wp-content\/uploads\/2023\/03\/pavillon-mies-van-der-rohe.jpg 2048w\" sizes=\"(max-width: 1024px) 100vw, 1024px\" \/><\/a><\/p>\n<h2><a name=\"_Toc128933803\"><\/a><strong>Besondere Materialien sind in seine Gestaltung eingeflossen<\/strong><\/h2>\n<p>Mies verf\u00fcgte \u00fcber umfassende Kenntnisse im Bereich des Steinmauerwerks. Er wuchs in einer Familie von Steinmetzen auf und war in seiner fr\u00fchen Jugend Maurerlehrling. Diese Wertsch\u00e4tzung und dieses Wissen finden sich in <strong>die Details, die Anwendung und die Auswahl der Steine des Pavillons in Barcelona.<\/strong><\/p>\n<p>Die W\u00e4nde sind in Stahl eingefasst und mit drei verschiedenen Arten von Naturstein verkleidet; gr\u00fcner Marmor aus den Alpen, antiker gr\u00fcner Marmor aus Griechenland und goldener Onyx aus dem Atlasgebirge.<\/p>\n<p>Die verzierten Steine sind poliert und erzeugen Transparenz und Reflektivit\u00e4t, wodurch die Wahrnehmung eines gr\u00f6\u00dferen Raums entsteht, \u00e4hnlich dem Effekt eines Spiegels. Es gibt auch eine Reihe von Glaspaneelen, <strong>einige klar und andere lichtdurchl\u00e4ssig, <\/strong>in der Struktur.<\/p>\n<h2><a name=\"_Toc128933804\"><\/a><strong>Die reflektierenden Becken des Mies Van Der Rohe Pavillons<\/strong><\/h2>\n<p>Durch die Hinzuf\u00fcgung von Wasser bringt Mies ein Element der Weichheit, des Reliefs und der Reflexion ein. \u00c4hnlich wie die polierte Steinverkleidung im Inneren des Geb\u00e4udes reflektiert die Wasseroberfl\u00e4che den Himmel und die umliegenden Elemente des Gel\u00e4ndes.<\/p>\n<p>Vor dem gro\u00dfen reflektierenden Becken <strong>befindet sich ein zweites Becken<\/strong>. An allen drei Seiten wird es von Mauern umgeben. Die Mauern sind mit einem gr\u00fcnen Marmorstein verkleidet, der sich auf der Wasseroberfl\u00e4che spiegelt.<\/p>\n<p>In der hinteren Ecke befindet sich eine Bronzeskulptur mit einer Figur, die als Dawn bekannt ist, von dem K\u00fcnstler George Colby. Die Skulptur stellt eine nackte Frau dar, die sich scheinbar vor der Sonne sch\u00fctzt. Sie wartet geduldig auf einem kleinen Kissen im Teich, <strong>was ihn von der Menge der Neugierigen isoliert.<\/strong><\/p>\n<h2><a name=\"_Toc128933805\"><\/a><strong>Welche Bedeutung hat dieser Architekturpavillon?<\/strong><\/h2>\n<p>Der Pavillon in Barcelona war eines der ersten architektonischen Werke, das den Raum \"freigab\". Vor dem Pavillon wurden die Geb\u00e4ude als feste Schalen konzipiert, die den Raum in einem klar definierten Container einkapselten.<\/p>\n<p>Im Pavillon hob Mies die Grenze zwischen Innen und Au\u00dfen auf, indem er die Wandebenen, das Glas, die Reflexionen und die Materialien verl\u00e4ngerte. Es gibt kein definiertes Innen und Au\u00dfen des Geb\u00e4udes. Stattdessen gibt es eine H\u00fclle, <strong>das Geb\u00e4ude besteht aus einer Reihe dynamischer, sich bewegender Ebenen<\/strong> die die Trennung zwischen Innen und Au\u00dfen nicht zeigen.<\/p>\n<p>Mehrere andere Geb\u00e4ude begannen in dieser Zeit, \u00e4hnliche Qualit\u00e4ten aufzuweisen. Keines war jedoch so erfolgreich wie der Pavillon in Barcelona.<\/p>\n<h2><a name=\"_Toc128933806\"><\/a><strong>Wie man den Mies Van Der Rohe Pavillon besucht<\/strong><\/h2>\n<p>Der Pavillon in Barcelona ist den gr\u00f6\u00dften Teil des Jahres f\u00fcr die \u00d6ffentlichkeit zug\u00e4nglich. Ich empfehle Ihnen <strong>den ersten Zeitslot um 10 Uhr buchen, bevor die Menschenmassen am Nachmittag den Ort f\u00fcllen.<\/strong><\/p>\n<p>Es gibt mehrere Transportmethoden, die Sie zum Pavillon bringen. Am einfachsten ist es, mit dem <a href=\"https:\/\/bonjourbarcelone.fr\/de\/metro-barcelona\/\">U-Bahn<\/a> bis zur Haltestelle Espana. Gehen Sie dann in s\u00fcd\u00f6stlicher Richtung auf der Avenida Reina Maria Cristina in Richtung der <a href=\"https:\/\/bonjourbarcelone.fr\/de\/magischer-brunnen-barcelona\/\">magischer Brunnen auf dem Montju\u00efc<\/a>. Der Pavillon befindet sich dann auf Ihrer rechten Seite.<\/p>\n<p>Der Pavillon ist ein ganz besonderer Ort, den man besuchen sollte. Auch wenn er bei einem ersten Besuch der Stadt nicht an erster Stelle steht, empfehle ich ihn Neugierigen, die die ber\u00fchmtesten Orte Barcelonas bereits gut kennen. Sie werden dann<strong> das Gef\u00fchl, immer mehr \u00fcber die Stadt zu erfahren<\/strong>.<\/p>","protected":false},"excerpt":{"rendered":"<p>Le pavillon Mies Van Der Rohe de Barcelone est devenu un lieu important pour comprendre l\u2019architecture moderne de la ville. Ici, vous pouvez passer un moment loin de l\u2019agitation de Barcelone. L\u2019architecture a cr\u00e9\u00e9 un environnement propice \u00e0 la contemplation et \u00e0 la r\u00e9flexion. Qu\u2019est-ce que le Pavillon de Barcelone\u2009? Que pouvez-vous voir sur place\u2009? [&hellip;]<\/p>","protected":false},"author":2,"featured_media":2225,"comment_status":"open","ping_status":"open","sticky":false,"template":"","format":"standard","meta":{"om_disable_all_campaigns":false,"_genesis_hide_title":false,"_genesis_hide_breadcrumbs":false,"_genesis_hide_singular_image":false,"_genesis_hide_footer_widgets":false,"_genesis_custom_body_class":"","_genesis_custom_post_class":"","_genesis_layout":"","footnotes":""},"categories":[3],"tags":[],"class_list":{"0":"post-2224","1":"post","2":"type-post","3":"status-publish","4":"format-standard","5":"has-post-thumbnail","7":"category-barcelone","8":"entry"},"yoast_head":"<!-- This site is optimized with the Yoast SEO plugin v26.5 - https:\/\/yoast.com\/wordpress\/plugins\/seo\/ -->\n<title>Le Pavillon Mies Van Der Rohe : un lieu design \u00e0 Barcelone<\/title>\n<meta name=\"description\" content=\"Le Pavillon Mies Van Der Rohe est un endroit qui m\u00eale design et architecture. C\u2019est le lieu \u00e0 visiter si vous \u00eates passionn\u00e9 par ce sujet.\" \/>\n<meta name=\"robots\" content=\"index, follow, max-snippet:-1, max-image-preview:large, max-video-preview:-1\" \/>\n<link rel=\"canonical\" href=\"https:\/\/bonjourbarcelone.fr\/de\/pavillon-mies-van-der-rohe\/\" \/>\n<meta property=\"og:locale\" content=\"de_DE\" \/>\n<meta property=\"og:type\" content=\"article\" \/>\n<meta property=\"og:title\" content=\"Le Pavillon Mies Van Der Rohe : un lieu design \u00e0 Barcelone\" \/>\n<meta property=\"og:description\" content=\"Le Pavillon Mies Van Der Rohe est un endroit qui m\u00eale design et architecture. C\u2019est le lieu \u00e0 visiter si vous \u00eates passionn\u00e9 par ce sujet.\" \/>\n<meta property=\"og:url\" content=\"https:\/\/bonjourbarcelone.fr\/de\/pavillon-mies-van-der-rohe\/\" \/>\n<meta property=\"og:site_name\" content=\"Visiter Barcelone\" \/>\n<meta property=\"article:published_time\" content=\"2023-03-08T00:22:40+00:00\" \/>\n<meta property=\"article:modified_time\" content=\"2023-12-16T15:00:10+00:00\" \/>\n<meta property=\"og:image\" content=\"https:\/\/bonjourbarcelone.fr\/wp-content\/uploads\/2023\/03\/pavillon-mies-van-der-rohe.jpg\" \/>\n\t<meta property=\"og:image:width\" content=\"2048\" \/>\n\t<meta property=\"og:image:height\" content=\"1152\" \/>\n\t<meta property=\"og:image:type\" content=\"image\/jpeg\" \/>\n<meta name=\"author\" content=\"Thibaut\" \/>\n<meta name=\"twitter:card\" content=\"summary_large_image\" \/>\n<meta name=\"twitter:label1\" content=\"Verfasst von\" \/>\n\t<meta name=\"twitter:data1\" content=\"Thibaut\" \/>\n\t<meta name=\"twitter:label2\" content=\"Gesch\u00e4tzte Lesezeit\" \/>\n\t<meta name=\"twitter:data2\" content=\"5\u00a0Minuten\" \/>\n<script type=\"application\/ld+json\" class=\"yoast-schema-graph\">{\"@context\":\"https:\/\/schema.org\",\"@graph\":[{\"@type\":\"WebPage\",\"@id\":\"https:\/\/bonjourbarcelone.fr\/pavillon-mies-van-der-rohe\/\",\"url\":\"https:\/\/bonjourbarcelone.fr\/pavillon-mies-van-der-rohe\/\",\"name\":\"Le Pavillon Mies Van Der Rohe : un lieu design \u00e0 Barcelone\",\"isPartOf\":{\"@id\":\"https:\/\/bonjourbarcelone.fr\/#website\"},\"primaryImageOfPage\":{\"@id\":\"https:\/\/bonjourbarcelone.fr\/pavillon-mies-van-der-rohe\/#primaryimage\"},\"image\":{\"@id\":\"https:\/\/bonjourbarcelone.fr\/pavillon-mies-van-der-rohe\/#primaryimage\"},\"thumbnailUrl\":\"https:\/\/bonjourbarcelone.fr\/wp-content\/uploads\/2023\/03\/pavillon-mies-van-der-rohe.jpg\",\"datePublished\":\"2023-03-08T00:22:40+00:00\",\"dateModified\":\"2023-12-16T15:00:10+00:00\",\"author\":{\"@id\":\"https:\/\/bonjourbarcelone.fr\/#\/schema\/person\/0bda2897d0b8e0150a7ece6f930ff5e5\"},\"description\":\"Le Pavillon Mies Van Der Rohe est un endroit qui m\u00eale design et architecture. C\u2019est le lieu \u00e0 visiter si vous \u00eates passionn\u00e9 par ce sujet.\",\"breadcrumb\":{\"@id\":\"https:\/\/bonjourbarcelone.fr\/pavillon-mies-van-der-rohe\/#breadcrumb\"},\"inLanguage\":\"de\",\"potentialAction\":[{\"@type\":\"ReadAction\",\"target\":[\"https:\/\/bonjourbarcelone.fr\/pavillon-mies-van-der-rohe\/\"]}]},{\"@type\":\"ImageObject\",\"inLanguage\":\"de\",\"@id\":\"https:\/\/bonjourbarcelone.fr\/pavillon-mies-van-der-rohe\/#primaryimage\",\"url\":\"https:\/\/bonjourbarcelone.fr\/wp-content\/uploads\/2023\/03\/pavillon-mies-van-der-rohe.jpg\",\"contentUrl\":\"https:\/\/bonjourbarcelone.fr\/wp-content\/uploads\/2023\/03\/pavillon-mies-van-der-rohe.jpg\",\"width\":2048,\"height\":1152,\"caption\":\"Pavillon mies van der rohe\"},{\"@type\":\"BreadcrumbList\",\"@id\":\"https:\/\/bonjourbarcelone.fr\/pavillon-mies-van-der-rohe\/#breadcrumb\",\"itemListElement\":[{\"@type\":\"ListItem\",\"position\":1,\"name\":\"Accueil\",\"item\":\"https:\/\/bonjourbarcelone.fr\/\"},{\"@type\":\"ListItem\",\"position\":2,\"name\":\"Le Pavillon Mies Van Der Rohe : un lieu design \u00e0 Barcelone\"}]},{\"@type\":\"WebSite\",\"@id\":\"https:\/\/bonjourbarcelone.fr\/#website\",\"url\":\"https:\/\/bonjourbarcelone.fr\/\",\"name\":\"Visiter Barcelone\",\"description\":\"Tout pour passer un s\u00e9jour inoubliable en 2026 !\",\"potentialAction\":[{\"@type\":\"SearchAction\",\"target\":{\"@type\":\"EntryPoint\",\"urlTemplate\":\"https:\/\/bonjourbarcelone.fr\/?s={search_term_string}\"},\"query-input\":{\"@type\":\"PropertyValueSpecification\",\"valueRequired\":true,\"valueName\":\"search_term_string\"}}],\"inLanguage\":\"de\"},{\"@type\":\"Person\",\"@id\":\"https:\/\/bonjourbarcelone.fr\/#\/schema\/person\/0bda2897d0b8e0150a7ece6f930ff5e5\",\"name\":\"Thibaut\",\"image\":{\"@type\":\"ImageObject\",\"inLanguage\":\"de\",\"@id\":\"https:\/\/bonjourbarcelone.fr\/#\/schema\/person\/image\/\",\"url\":\"https:\/\/secure.gravatar.com\/avatar\/436636a11d7c80b948817b5a66d82f9305017ea4c84ab9a676db1d62ccc2c25d?s=96&r=g\",\"contentUrl\":\"https:\/\/secure.gravatar.com\/avatar\/436636a11d7c80b948817b5a66d82f9305017ea4c84ab9a676db1d62ccc2c25d?s=96&r=g\",\"caption\":\"Thibaut\"},\"description\":\"J'aide les voyageurs \u00e0 mieux visiter la ville de Barcelone avec un contenu \u00e9crit et actualis\u00e9 par des experts locaux pour vivre la meilleure exp\u00e9rience possible ! Notre agence de voyage propose \u00e9galement des visites guid\u00e9es en fran\u00e7ais.\"}]}<\/script>\n<!-- \/ Yoast SEO plugin. -->","yoast_head_json":{"title":"Der Mies Van Der Rohe Pavillon: ein Designort in Barcelona","description":"Der Mies Van Der Rohe Pavillon ist ein Ort, an dem sich Design und Architektur vermischen. Er ist ein Ort, den Sie besuchen sollten, wenn Sie sich f\u00fcr dieses Thema begeistern.","robots":{"index":"index","follow":"follow","max-snippet":"max-snippet:-1","max-image-preview":"max-image-preview:large","max-video-preview":"max-video-preview:-1"},"canonical":"https:\/\/bonjourbarcelone.fr\/de\/pavillon-mies-van-der-rohe\/","og_locale":"de_DE","og_type":"article","og_title":"Le Pavillon Mies Van Der Rohe : un lieu design \u00e0 Barcelone","og_description":"Le Pavillon Mies Van Der Rohe est un endroit qui m\u00eale design et architecture. C\u2019est le lieu \u00e0 visiter si vous \u00eates passionn\u00e9 par ce sujet.","og_url":"https:\/\/bonjourbarcelone.fr\/de\/pavillon-mies-van-der-rohe\/","og_site_name":"Visiter Barcelone","article_published_time":"2023-03-08T00:22:40+00:00","article_modified_time":"2023-12-16T15:00:10+00:00","og_image":[{"width":2048,"height":1152,"url":"https:\/\/bonjourbarcelone.fr\/wp-content\/uploads\/2023\/03\/pavillon-mies-van-der-rohe.jpg","type":"image\/jpeg"}],"author":"Thibaut","twitter_card":"summary_large_image","twitter_misc":{"Verfasst von":"Thibaut","Gesch\u00e4tzte Lesezeit":"5\u00a0Minuten"},"schema":{"@context":"https:\/\/schema.org","@graph":[{"@type":"WebPage","@id":"https:\/\/bonjourbarcelone.fr\/pavillon-mies-van-der-rohe\/","url":"https:\/\/bonjourbarcelone.fr\/pavillon-mies-van-der-rohe\/","name":"Der Mies Van Der Rohe Pavillon: ein Designort in Barcelona","isPartOf":{"@id":"https:\/\/bonjourbarcelone.fr\/#website"},"primaryImageOfPage":{"@id":"https:\/\/bonjourbarcelone.fr\/pavillon-mies-van-der-rohe\/#primaryimage"},"image":{"@id":"https:\/\/bonjourbarcelone.fr\/pavillon-mies-van-der-rohe\/#primaryimage"},"thumbnailUrl":"https:\/\/bonjourbarcelone.fr\/wp-content\/uploads\/2023\/03\/pavillon-mies-van-der-rohe.jpg","datePublished":"2023-03-08T00:22:40+00:00","dateModified":"2023-12-16T15:00:10+00:00","author":{"@id":"https:\/\/bonjourbarcelone.fr\/#\/schema\/person\/0bda2897d0b8e0150a7ece6f930ff5e5"},"description":"Der Mies Van Der Rohe Pavillon ist ein Ort, an dem sich Design und Architektur vermischen. Er ist ein Ort, den Sie besuchen sollten, wenn Sie sich f\u00fcr dieses Thema begeistern.","breadcrumb":{"@id":"https:\/\/bonjourbarcelone.fr\/pavillon-mies-van-der-rohe\/#breadcrumb"},"inLanguage":"de","potentialAction":[{"@type":"ReadAction","target":["https:\/\/bonjourbarcelone.fr\/pavillon-mies-van-der-rohe\/"]}]},{"@type":"ImageObject","inLanguage":"de","@id":"https:\/\/bonjourbarcelone.fr\/pavillon-mies-van-der-rohe\/#primaryimage","url":"https:\/\/bonjourbarcelone.fr\/wp-content\/uploads\/2023\/03\/pavillon-mies-van-der-rohe.jpg","contentUrl":"https:\/\/bonjourbarcelone.fr\/wp-content\/uploads\/2023\/03\/pavillon-mies-van-der-rohe.jpg","width":2048,"height":1152,"caption":"Pavillon mies van der rohe"},{"@type":"BreadcrumbList","@id":"https:\/\/bonjourbarcelone.fr\/pavillon-mies-van-der-rohe\/#breadcrumb","itemListElement":[{"@type":"ListItem","position":1,"name":"Accueil","item":"https:\/\/bonjourbarcelone.fr\/"},{"@type":"ListItem","position":2,"name":"Le Pavillon Mies Van Der Rohe : un lieu design \u00e0 Barcelone"}]},{"@type":"WebSite","@id":"https:\/\/bonjourbarcelone.fr\/#website","url":"https:\/\/bonjourbarcelone.fr\/","name":"Barcelona besuchen","description":"Tout pour passer un s\u00e9jour inoubliable en 2026 !","potentialAction":[{"@type":"SearchAction","target":{"@type":"EntryPoint","urlTemplate":"https:\/\/bonjourbarcelone.fr\/?s={search_term_string}"},"query-input":{"@type":"PropertyValueSpecification","valueRequired":true,"valueName":"search_term_string"}}],"inLanguage":"de"},{"@type":"Person","@id":"https:\/\/bonjourbarcelone.fr\/#\/schema\/person\/0bda2897d0b8e0150a7ece6f930ff5e5","name":"Thibaut","image":{"@type":"ImageObject","inLanguage":"de","@id":"https:\/\/bonjourbarcelone.fr\/#\/schema\/person\/image\/","url":"https:\/\/secure.gravatar.com\/avatar\/436636a11d7c80b948817b5a66d82f9305017ea4c84ab9a676db1d62ccc2c25d?s=96&r=g","contentUrl":"https:\/\/secure.gravatar.com\/avatar\/436636a11d7c80b948817b5a66d82f9305017ea4c84ab9a676db1d62ccc2c25d?s=96&r=g","caption":"Thibaut"},"description":"Ich helfe Reisenden, die Stadt Barcelona besser zu erkunden, mit Inhalten, die von lokalen Experten geschrieben und aktualisiert werden, um das bestm\u00f6gliche Erlebnis zu haben! Unser Reiseb\u00fcro bietet auch deutschsprachige Stadtf\u00fchrungen an."}]}},"_links":{"self":[{"href":"https:\/\/bonjourbarcelone.fr\/de\/wp-json\/wp\/v2\/posts\/2224","targetHints":{"allow":["GET"]}}],"collection":[{"href":"https:\/\/bonjourbarcelone.fr\/de\/wp-json\/wp\/v2\/posts"}],"about":[{"href":"https:\/\/bonjourbarcelone.fr\/de\/wp-json\/wp\/v2\/types\/post"}],"author":[{"embeddable":true,"href":"https:\/\/bonjourbarcelone.fr\/de\/wp-json\/wp\/v2\/users\/2"}],"replies":[{"embeddable":true,"href":"https:\/\/bonjourbarcelone.fr\/de\/wp-json\/wp\/v2\/comments?post=2224"}],"version-history":[{"count":1,"href":"https:\/\/bonjourbarcelone.fr\/de\/wp-json\/wp\/v2\/posts\/2224\/revisions"}],"predecessor-version":[{"id":3493,"href":"https:\/\/bonjourbarcelone.fr\/de\/wp-json\/wp\/v2\/posts\/2224\/revisions\/3493"}],"wp:featuredmedia":[{"embeddable":true,"href":"https:\/\/bonjourbarcelone.fr\/de\/wp-json\/wp\/v2\/media\/2225"}],"wp:attachment":[{"href":"https:\/\/bonjourbarcelone.fr\/de\/wp-json\/wp\/v2\/media?parent=2224"}],"wp:term":[{"taxonomy":"category","embeddable":true,"href":"https:\/\/bonjourbarcelone.fr\/de\/wp-json\/wp\/v2\/categories?post=2224"},{"taxonomy":"post_tag","embeddable":true,"href":"https:\/\/bonjourbarcelone.fr\/de\/wp-json\/wp\/v2\/tags?post=2224"}],"curies":[{"name":"wp","href":"https:\/\/api.w.org\/{rel}","templated":true}]}}