{"id":1620,"date":"2019-05-21T13:49:11","date_gmt":"2019-05-21T13:49:11","guid":{"rendered":"https:\/\/bonjourbarcelone.fr\/?p=1620"},"modified":"2022-10-31T14:10:47","modified_gmt":"2022-10-31T14:10:47","slug":"merce-barcelona","status":"publish","type":"post","link":"https:\/\/bonjourbarcelone.fr\/en\/merce-barcelona\/","title":{"rendered":"Merc\u00e8 in Barcelona: 5 unique days of festivities!"},"content":{"rendered":"<p>If there is <strong>a not-to-be-missed celebration in Barcelona<\/strong>It's the Merc\u00e8 festivities!<\/p>\n<p>5 days to celebrate Barcelona's patron saint.<\/p>\n<p>The official day is September 24, but these are <em><strong>5 consecutive days filled with folk dances, citywide activities, human towers, fireworks...<\/strong><\/em><\/p>\n<p>And the list goes on!<\/p>\n<p>Because every year,<strong> this party is even more impressive and beautiful!<\/strong><\/p>\n<p>Called in Catalan <em><strong>visit<\/strong><strong> festa major d'estiu<\/strong>, <\/em>the whole of Barcelona celebrates the Mare de D\u00e9u de la Merc\u00e8 (Our Lady of Grace).<\/p>\n<p>&nbsp;<\/p>\n<p>Here's a short guide <strong>so you don't miss a thing!<\/strong><\/p>\n<p>&nbsp;<\/p>\n<h2><strong>But who is the Virgen de la Merc\u00e8?<\/strong><\/h2>\n<p>The Virgen de la Merc\u00e8 is venerated by Catholics and is also known as the Virgin Mary. <strong>Virgin of Mercy.<\/strong><\/p>\n<p>The 1<sup>er<\/sup> August 1218, the Virgin Mary appeared to three well-known Barcelona citizens of the time, including <strong>San Pedro Nolasco<\/strong> the founder of the<strong>Order of Merc\u00e8.<\/strong><\/p>\n<p>&nbsp;<\/p>\n<h2><strong>What does Barcelona's Merc\u00e8 mean?<\/strong><\/h2>\n<p>In Catalan, <strong>\"Thank you<\/strong>\u00a0\"means <em><strong>a service, a helping hand.<\/strong><\/em><\/p>\n<p>&nbsp;<\/p>\n<p><strong>In honor of the Merc\u00e8: the Basilica of the Gothic Quarter!<\/strong><\/p>\n<p>In Barcelona's old town, I invite you to visit the\u00a0<strong>Bas\u00edlica de la Mare de D\u00e9u de la Merc\u00e8<\/strong> which is a magnificent Baroque church dating from 1765, located in the Gothic Quarter, on the edge of the town. <strong>Pla\u00e7a de la Merc\u00e8.<\/strong><\/p>\n<p><img decoding=\"async\" class=\"size-medium wp-image-1622 alignright\" src=\"https:\/\/bonjourbarcelone.fr\/wp-content\/uploads\/2019\/05\/Bas\u00edlica_de_la_Merc\u00e8_Barcelona-300x225.jpg\" alt=\"\" width=\"300\" height=\"225\" srcset=\"https:\/\/bonjourbarcelone.fr\/wp-content\/uploads\/2019\/05\/Bas\u00edlica_de_la_Merc\u00e8_Barcelona-300x225.jpg 300w, https:\/\/bonjourbarcelone.fr\/wp-content\/uploads\/2019\/05\/Bas\u00edlica_de_la_Merc\u00e8_Barcelona.jpg 640w\" sizes=\"(max-width: 300px) 100vw, 300px\" \/><\/p>\n<p><strong>Since when is the Merc\u00e8 the patron saint of the district?<\/strong><\/p>\n<p>The year 1687 was marked by a terrible plague of locusts, and the inhabitants prayed to the Virgin Mary for deliverance.<\/p>\n<p>And it worked so well that the town was soon free of it.<\/p>\n<p>The Pope then decided <strong>in 1868<\/strong> that the Virgin would be the patron saint of Barcelona.<\/p>\n<p>And since then, the party has grown to become <strong>a truly popular gathering!<\/strong><\/p>\n<p>&nbsp;<\/p>\n<p><strong>La F\u00eate de la Merc\u00e8, the biggest street festival of the year!<\/strong><\/p>\n<p>Commonly known as the summer holidays, <strong>the Merc\u00e8 festivities mark the end of summer<\/strong> and the gradual arrival of autumn. The heat will gradually diminish.<\/p>\n<p><em>A chance to celebrate one last time!<\/em><\/p>\n<p>These are <strong>more than 500 activities will be organized all over the city!<\/strong><\/p>\n<p>And for all audiences: children, adults, lovers of Catalan traditions,...<\/p>\n<p><em><strong>And they're usually free!<\/strong><\/em><\/p>\n<p>&nbsp;<\/p>\n<h2><strong>The poster and the preg\u00f3 de la Merc\u00e8<\/strong><\/h2>\n<p>The Merc\u00e8 line-up is eagerly awaited, because every year it's <strong>a Catalan artist<\/strong> who makes it happen.<\/p>\n<p><strong>Antoni Tapi\u00e8s<\/strong> had this honor, as did photographer Joan Fontcuberta in 2013.<\/p>\n<p>&nbsp;<\/p>\n<p>Also,<strong> the \"preg\u00f3\",<\/strong> It's the speech that signals the start of the festival, and it's usually a well-known figure from the world of culture who delivers it, before the eyes of thousands of spectators. In 1995, it was<strong> Tarik Kupusovic,<\/strong> the mayor of Sarajevo, who launched the festivities.<\/p>\n<p>And later <em>sociologist Fatima Mernissi and writer Carlos Ruiz Zaf\u00f3n.<\/em><\/p>\n<p>&nbsp;<\/p>\n<h2><strong>What Catalan folklore is featured at Merc\u00e8?<\/strong><\/h2>\n<p>It's Catalan popular culture that's <strong>the great queen of the Merc\u00e8 festivities.<\/strong><\/p>\n<p><img decoding=\"async\" class=\"size-medium wp-image-1621 alignright\" src=\"https:\/\/bonjourbarcelone.fr\/wp-content\/uploads\/2019\/05\/8017538423_7e85a1d838_b-300x209.jpg\" alt=\"\" width=\"300\" height=\"209\" srcset=\"https:\/\/bonjourbarcelone.fr\/wp-content\/uploads\/2019\/05\/8017538423_7e85a1d838_b-300x209.jpg 300w, https:\/\/bonjourbarcelone.fr\/wp-content\/uploads\/2019\/05\/8017538423_7e85a1d838_b-768x535.jpg 768w, https:\/\/bonjourbarcelone.fr\/wp-content\/uploads\/2019\/05\/8017538423_7e85a1d838_b.jpg 919w\" sizes=\"(max-width: 300px) 100vw, 300px\" \/><\/p>\n<p>First of all, I hope you get the chance to see <strong>a Correfoc! <\/strong><\/p>\n<p>It's a pyrotechnic festival where participants, called \"Devils\" and \"Dragons\", run around with large flaming sticks. When ignited, the sticks form <strong>marvellous lights that escape in thousands of tiny sparks.<\/strong><\/p>\n<p>It happens in the street and I advise you to protect yourself well so as not to burn your clothes!<\/p>\n<p><strong>Glasses and hoodies<\/strong> are de rigueur!<\/p>\n<p>&nbsp;<\/p>\n<p>Folk dances, called <strong>Sardanes<\/strong>are visible in the town's squares.<\/p>\n<p>Just like the human towers, called<strong> the castellers<\/strong> in Catalan, which tend to take place in the middle of the day!<\/p>\n<p>Participants form towers by building floors with their own bodies. And it's the lightest one, usually a child or a \" <strong>l'enxaneta \"<\/strong>which climbs to the top of the tower.<\/p>\n<p><img decoding=\"async\" class=\"size-medium wp-image-1623 alignright\" src=\"https:\/\/bonjourbarcelone.fr\/wp-content\/uploads\/2019\/05\/castellers-921008_960_720-225x300.jpg\" alt=\"\" width=\"225\" height=\"300\" srcset=\"https:\/\/bonjourbarcelone.fr\/wp-content\/uploads\/2019\/05\/castellers-921008_960_720-225x300.jpg 225w, https:\/\/bonjourbarcelone.fr\/wp-content\/uploads\/2019\/05\/castellers-921008_960_720.jpg 480w\" sizes=\"(max-width: 225px) 100vw, 225px\" \/><\/p>\n<p><em>It's a feat that's interesting to watch, and requires a lot of practice.<\/em><\/p>\n<p>&nbsp;<\/p>\n<p><strong>Sculptures of giants<\/strong> (kings, queens, noblemen) are also out and about, strolling through the town to the sound of brass bands.<\/p>\n<p>&nbsp;<\/p>\n<p><strong>And so many others!<\/strong><\/p>\n<p>&nbsp;<\/p>\n<h2><strong>The highlight: fireworks on Montjuic<\/strong><\/h2>\n<p>Don't miss the show that marks the end of the festivities at the magic fountain of <a href=\"https:\/\/bonjourbarcelone.fr\/en\/montjuic-park-barcelona\/\">Montjuic<\/a>\u00a0!<\/p>\n<p>&nbsp;<\/p>\n<h2><strong>Getting around during the Merc\u00e8 festivities<\/strong><\/p>\n<p>I really advise you to use public transport and especially <strong>metros with optimized service and 24-hour operation<\/strong> especially for the event.<\/p>\n<p>&nbsp;<\/p>\n<h2><strong>La Merc\u00e8 or Sainte Eulalie?<\/strong><\/h2>\n<p>You may hear that Barcelona's patron saint is not the Merc\u00e8 but Saint Eulalie.<\/p>\n<p>And those who tell you this will not be entirely wrong, because <strong>Eulalie is the town's patron saint.<\/strong><\/p>\n<p>While Merc\u00e8 is the patron saint of the Barcelona district.<\/p>\n<p><em>Sainte-Eulalie is celebrated on February 12.\u00a0<\/em>! It's also an important festival in Barcelona!<\/p>\n<p>But the Merc\u00e8 festivities are clearly more important!<\/p>\n<p><strong>And the rain that sometimes falls during these festive celebrations is sometimes attributed to the tears of Saint Eulalia, momentarily forgotten by the people of Barcelona...<\/strong><\/p>\n<p>&nbsp;<\/p>\n<h2><strong>Who was Sainte-Eulalie?<\/strong><\/h2>\n<p>Sainte-Eulalie came from Sarri\u00e0, a town on the outskirts of Barcelona. <strong>the persecution of Christians under Emperor Diocletian<\/strong>. She was imprisoned and tortured.<\/p>\n<p>&nbsp;<\/p>\n<p><strong>What happens on February 12?<\/strong><\/p>\n<p>The town celebrates Sainte-Eulalie with a series of dances, correfocs, human towers and giant processions.<\/p>\n<p>&nbsp;<\/p>\n<p><strong>Where to see Sainte-Eulalie<\/strong><\/p>\n<p>You can see the Saint in the alleyway <em>La bajada de Santa Eulalia <\/em>in the old town.<\/p>","protected":false},"excerpt":{"rendered":"<p>Si il y a bien une c\u00e9l\u00e9bration qu\u2019il ne faut pas rater \u00e0 Barcelone, ce sont les f\u00eates de la Merc\u00e8! 5 jours pour c\u00e9l\u00e9brer la Sainte-patronne de Barcelone. Le jour officiel est le 24 septembre mais ce sont 5 jours cons\u00e9cutifs remplis de danses folkloriques, d\u2019activit\u00e9s pr\u00e9vues dans toute la ville, de tours humaines, [&hellip;]<\/p>","protected":false},"author":2,"featured_media":1617,"comment_status":"open","ping_status":"open","sticky":false,"template":"","format":"standard","meta":{"om_disable_all_campaigns":false,"_genesis_hide_title":false,"_genesis_hide_breadcrumbs":false,"_genesis_hide_singular_image":false,"_genesis_hide_footer_widgets":false,"_genesis_custom_body_class":"","_genesis_custom_post_class":"","_genesis_layout":"","footnotes":""},"categories":[8],"tags":[],"class_list":{"0":"post-1620","1":"post","2":"type-post","3":"status-publish","4":"format-standard","5":"has-post-thumbnail","7":"category-activites","8":"entry"},"yoast_head":"<!-- This site is optimized with the Yoast SEO plugin v26.5 - https:\/\/yoast.com\/wordpress\/plugins\/seo\/ -->\n<title>Merc\u00e8 de Barcelone\u00a0: 5 jours uniques\u00a0de f\u00eates \u00e0 vivre absolument !<\/title>\n<meta name=\"description\" content=\"Vous trouverez dans cet article toutes les informations concernant les f\u00eates de la Merc\u00e8 de Barcelone, un \u00e9v\u00e8nement \u00e0 vivre absolument !\" \/>\n<meta name=\"robots\" content=\"index, follow, max-snippet:-1, max-image-preview:large, max-video-preview:-1\" \/>\n<link rel=\"canonical\" href=\"https:\/\/bonjourbarcelone.fr\/en\/merce-barcelona\/\" \/>\n<meta property=\"og:locale\" content=\"en_US\" \/>\n<meta property=\"og:type\" content=\"article\" \/>\n<meta property=\"og:title\" content=\"Merc\u00e8 de Barcelone\u00a0: 5 jours uniques\u00a0de f\u00eates \u00e0 vivre absolument !\" \/>\n<meta property=\"og:description\" content=\"Vous trouverez dans cet article toutes les informations concernant les f\u00eates de la Merc\u00e8 de Barcelone, un \u00e9v\u00e8nement \u00e0 vivre absolument !\" \/>\n<meta property=\"og:url\" content=\"https:\/\/bonjourbarcelone.fr\/en\/merce-barcelona\/\" \/>\n<meta property=\"og:site_name\" content=\"Visiter Barcelone\" \/>\n<meta property=\"article:published_time\" content=\"2019-05-21T13:49:11+00:00\" \/>\n<meta property=\"article:modified_time\" content=\"2022-10-31T14:10:47+00:00\" \/>\n<meta property=\"og:image\" content=\"https:\/\/bonjourbarcelone.fr\/wp-content\/uploads\/2019\/05\/Chupinazo8.jpg\" \/>\n\t<meta property=\"og:image:width\" content=\"640\" \/>\n\t<meta property=\"og:image:height\" content=\"427\" \/>\n\t<meta property=\"og:image:type\" content=\"image\/jpeg\" \/>\n<meta name=\"author\" content=\"Thibaut\" \/>\n<meta name=\"twitter:card\" content=\"summary_large_image\" \/>\n<meta name=\"twitter:label1\" content=\"Written by\" \/>\n\t<meta name=\"twitter:data1\" content=\"Thibaut\" \/>\n\t<meta name=\"twitter:label2\" content=\"Est. reading time\" \/>\n\t<meta name=\"twitter:data2\" content=\"6 minutes\" \/>\n<script type=\"application\/ld+json\" class=\"yoast-schema-graph\">{\"@context\":\"https:\/\/schema.org\",\"@graph\":[{\"@type\":\"WebPage\",\"@id\":\"https:\/\/bonjourbarcelone.fr\/merce-barcelone\/\",\"url\":\"https:\/\/bonjourbarcelone.fr\/merce-barcelone\/\",\"name\":\"Merc\u00e8 de Barcelone\u00a0: 5 jours uniques\u00a0de f\u00eates \u00e0 vivre absolument !\",\"isPartOf\":{\"@id\":\"https:\/\/bonjourbarcelone.fr\/#website\"},\"primaryImageOfPage\":{\"@id\":\"https:\/\/bonjourbarcelone.fr\/merce-barcelone\/#primaryimage\"},\"image\":{\"@id\":\"https:\/\/bonjourbarcelone.fr\/merce-barcelone\/#primaryimage\"},\"thumbnailUrl\":\"https:\/\/bonjourbarcelone.fr\/wp-content\/uploads\/2019\/05\/Chupinazo8.jpg\",\"datePublished\":\"2019-05-21T13:49:11+00:00\",\"dateModified\":\"2022-10-31T14:10:47+00:00\",\"author\":{\"@id\":\"https:\/\/bonjourbarcelone.fr\/#\/schema\/person\/0bda2897d0b8e0150a7ece6f930ff5e5\"},\"description\":\"Vous trouverez dans cet article toutes les informations concernant les f\u00eates de la Merc\u00e8 de Barcelone, un \u00e9v\u00e8nement \u00e0 vivre absolument !\",\"breadcrumb\":{\"@id\":\"https:\/\/bonjourbarcelone.fr\/merce-barcelone\/#breadcrumb\"},\"inLanguage\":\"en-US\",\"potentialAction\":[{\"@type\":\"ReadAction\",\"target\":[\"https:\/\/bonjourbarcelone.fr\/merce-barcelone\/\"]}]},{\"@type\":\"ImageObject\",\"inLanguage\":\"en-US\",\"@id\":\"https:\/\/bonjourbarcelone.fr\/merce-barcelone\/#primaryimage\",\"url\":\"https:\/\/bonjourbarcelone.fr\/wp-content\/uploads\/2019\/05\/Chupinazo8.jpg\",\"contentUrl\":\"https:\/\/bonjourbarcelone.fr\/wp-content\/uploads\/2019\/05\/Chupinazo8.jpg\",\"width\":640,\"height\":427,\"caption\":\"merc\u00e9\"},{\"@type\":\"BreadcrumbList\",\"@id\":\"https:\/\/bonjourbarcelone.fr\/merce-barcelone\/#breadcrumb\",\"itemListElement\":[{\"@type\":\"ListItem\",\"position\":1,\"name\":\"Accueil\",\"item\":\"https:\/\/bonjourbarcelone.fr\/\"},{\"@type\":\"ListItem\",\"position\":2,\"name\":\"Merc\u00e8 de Barcelone\u00a0: 5 jours uniques\u00a0de f\u00eates \u00e0 vivre absolument !\"}]},{\"@type\":\"WebSite\",\"@id\":\"https:\/\/bonjourbarcelone.fr\/#website\",\"url\":\"https:\/\/bonjourbarcelone.fr\/\",\"name\":\"Visiter Barcelone\",\"description\":\"Tout pour passer un s\u00e9jour inoubliable en 2026 !\",\"potentialAction\":[{\"@type\":\"SearchAction\",\"target\":{\"@type\":\"EntryPoint\",\"urlTemplate\":\"https:\/\/bonjourbarcelone.fr\/?s={search_term_string}\"},\"query-input\":{\"@type\":\"PropertyValueSpecification\",\"valueRequired\":true,\"valueName\":\"search_term_string\"}}],\"inLanguage\":\"en-US\"},{\"@type\":\"Person\",\"@id\":\"https:\/\/bonjourbarcelone.fr\/#\/schema\/person\/0bda2897d0b8e0150a7ece6f930ff5e5\",\"name\":\"Thibaut\",\"image\":{\"@type\":\"ImageObject\",\"inLanguage\":\"en-US\",\"@id\":\"https:\/\/bonjourbarcelone.fr\/#\/schema\/person\/image\/\",\"url\":\"https:\/\/secure.gravatar.com\/avatar\/436636a11d7c80b948817b5a66d82f9305017ea4c84ab9a676db1d62ccc2c25d?s=96&r=g\",\"contentUrl\":\"https:\/\/secure.gravatar.com\/avatar\/436636a11d7c80b948817b5a66d82f9305017ea4c84ab9a676db1d62ccc2c25d?s=96&r=g\",\"caption\":\"Thibaut\"},\"description\":\"J'aide les voyageurs \u00e0 mieux visiter la ville de Barcelone avec un contenu \u00e9crit et actualis\u00e9 par des experts locaux pour vivre la meilleure exp\u00e9rience possible ! Notre agence de voyage propose \u00e9galement des visites guid\u00e9es en fran\u00e7ais.\"}]}<\/script>\n<!-- \/ Yoast SEO plugin. -->","yoast_head_json":{"title":"Merc\u00e8 in Barcelona: 5 unique days of festivities!","description":"In this article you'll find all the information you need about Barcelona's Fiestas de la Merc\u00e8, a must-see event!","robots":{"index":"index","follow":"follow","max-snippet":"max-snippet:-1","max-image-preview":"max-image-preview:large","max-video-preview":"max-video-preview:-1"},"canonical":"https:\/\/bonjourbarcelone.fr\/en\/merce-barcelona\/","og_locale":"en_US","og_type":"article","og_title":"Merc\u00e8 de Barcelone\u00a0: 5 jours uniques\u00a0de f\u00eates \u00e0 vivre absolument !","og_description":"Vous trouverez dans cet article toutes les informations concernant les f\u00eates de la Merc\u00e8 de Barcelone, un \u00e9v\u00e8nement \u00e0 vivre absolument !","og_url":"https:\/\/bonjourbarcelone.fr\/en\/merce-barcelona\/","og_site_name":"Visiter Barcelone","article_published_time":"2019-05-21T13:49:11+00:00","article_modified_time":"2022-10-31T14:10:47+00:00","og_image":[{"width":640,"height":427,"url":"https:\/\/bonjourbarcelone.fr\/wp-content\/uploads\/2019\/05\/Chupinazo8.jpg","type":"image\/jpeg"}],"author":"Thibaut","twitter_card":"summary_large_image","twitter_misc":{"Written by":"Thibaut","Est. reading time":"6 minutes"},"schema":{"@context":"https:\/\/schema.org","@graph":[{"@type":"WebPage","@id":"https:\/\/bonjourbarcelone.fr\/merce-barcelone\/","url":"https:\/\/bonjourbarcelone.fr\/merce-barcelone\/","name":"Merc\u00e8 in Barcelona: 5 unique days of festivities!","isPartOf":{"@id":"https:\/\/bonjourbarcelone.fr\/#website"},"primaryImageOfPage":{"@id":"https:\/\/bonjourbarcelone.fr\/merce-barcelone\/#primaryimage"},"image":{"@id":"https:\/\/bonjourbarcelone.fr\/merce-barcelone\/#primaryimage"},"thumbnailUrl":"https:\/\/bonjourbarcelone.fr\/wp-content\/uploads\/2019\/05\/Chupinazo8.jpg","datePublished":"2019-05-21T13:49:11+00:00","dateModified":"2022-10-31T14:10:47+00:00","author":{"@id":"https:\/\/bonjourbarcelone.fr\/#\/schema\/person\/0bda2897d0b8e0150a7ece6f930ff5e5"},"description":"In this article you'll find all the information you need about Barcelona's Fiestas de la Merc\u00e8, a must-see event!","breadcrumb":{"@id":"https:\/\/bonjourbarcelone.fr\/merce-barcelone\/#breadcrumb"},"inLanguage":"en-US","potentialAction":[{"@type":"ReadAction","target":["https:\/\/bonjourbarcelone.fr\/merce-barcelone\/"]}]},{"@type":"ImageObject","inLanguage":"en-US","@id":"https:\/\/bonjourbarcelone.fr\/merce-barcelone\/#primaryimage","url":"https:\/\/bonjourbarcelone.fr\/wp-content\/uploads\/2019\/05\/Chupinazo8.jpg","contentUrl":"https:\/\/bonjourbarcelone.fr\/wp-content\/uploads\/2019\/05\/Chupinazo8.jpg","width":640,"height":427,"caption":"merc\u00e9"},{"@type":"BreadcrumbList","@id":"https:\/\/bonjourbarcelone.fr\/merce-barcelone\/#breadcrumb","itemListElement":[{"@type":"ListItem","position":1,"name":"Accueil","item":"https:\/\/bonjourbarcelone.fr\/"},{"@type":"ListItem","position":2,"name":"Merc\u00e8 de Barcelone\u00a0: 5 jours uniques\u00a0de f\u00eates \u00e0 vivre absolument !"}]},{"@type":"WebSite","@id":"https:\/\/bonjourbarcelone.fr\/#website","url":"https:\/\/bonjourbarcelone.fr\/","name":"Visiting Barcelona","description":"Tout pour passer un s\u00e9jour inoubliable en 2026 !","potentialAction":[{"@type":"SearchAction","target":{"@type":"EntryPoint","urlTemplate":"https:\/\/bonjourbarcelone.fr\/?s={search_term_string}"},"query-input":{"@type":"PropertyValueSpecification","valueRequired":true,"valueName":"search_term_string"}}],"inLanguage":"en-US"},{"@type":"Person","@id":"https:\/\/bonjourbarcelone.fr\/#\/schema\/person\/0bda2897d0b8e0150a7ece6f930ff5e5","name":"Thibaut","image":{"@type":"ImageObject","inLanguage":"en-US","@id":"https:\/\/bonjourbarcelone.fr\/#\/schema\/person\/image\/","url":"https:\/\/secure.gravatar.com\/avatar\/436636a11d7c80b948817b5a66d82f9305017ea4c84ab9a676db1d62ccc2c25d?s=96&r=g","contentUrl":"https:\/\/secure.gravatar.com\/avatar\/436636a11d7c80b948817b5a66d82f9305017ea4c84ab9a676db1d62ccc2c25d?s=96&r=g","caption":"Thibaut"},"description":"I help travelers get the most out of visiting Barcelona with content written and updated by local experts for the best possible experience! Our travel agency also offers guided tours in French."}]}},"_links":{"self":[{"href":"https:\/\/bonjourbarcelone.fr\/en\/wp-json\/wp\/v2\/posts\/1620","targetHints":{"allow":["GET"]}}],"collection":[{"href":"https:\/\/bonjourbarcelone.fr\/en\/wp-json\/wp\/v2\/posts"}],"about":[{"href":"https:\/\/bonjourbarcelone.fr\/en\/wp-json\/wp\/v2\/types\/post"}],"author":[{"embeddable":true,"href":"https:\/\/bonjourbarcelone.fr\/en\/wp-json\/wp\/v2\/users\/2"}],"replies":[{"embeddable":true,"href":"https:\/\/bonjourbarcelone.fr\/en\/wp-json\/wp\/v2\/comments?post=1620"}],"version-history":[{"count":0,"href":"https:\/\/bonjourbarcelone.fr\/en\/wp-json\/wp\/v2\/posts\/1620\/revisions"}],"wp:featuredmedia":[{"embeddable":true,"href":"https:\/\/bonjourbarcelone.fr\/en\/wp-json\/wp\/v2\/media\/1617"}],"wp:attachment":[{"href":"https:\/\/bonjourbarcelone.fr\/en\/wp-json\/wp\/v2\/media?parent=1620"}],"wp:term":[{"taxonomy":"category","embeddable":true,"href":"https:\/\/bonjourbarcelone.fr\/en\/wp-json\/wp\/v2\/categories?post=1620"},{"taxonomy":"post_tag","embeddable":true,"href":"https:\/\/bonjourbarcelone.fr\/en\/wp-json\/wp\/v2\/tags?post=1620"}],"curies":[{"name":"wp","href":"https:\/\/api.w.org\/{rel}","templated":true}]}}