{"id":1469,"date":"2019-04-15T10:46:30","date_gmt":"2019-04-15T10:46:30","guid":{"rendered":"https:\/\/bonjourbarcelone.fr\/?p=1469"},"modified":"2020-07-10T15:17:39","modified_gmt":"2020-07-10T15:17:39","slug":"maraton-barcelona","status":"publish","type":"post","link":"https:\/\/bonjourbarcelone.fr\/es\/maraton-barcelona\/","title":{"rendered":"El Marat\u00f3n de Barcelona: \u00a1un acontecimiento \u00fanico que no debe perderse!"},"content":{"rendered":"<p>El Marat\u00f3n de Barcelona se llama Zurich Marat\u00f3 de Barcelona y aprovecha la<em><strong> maravilloso clima mediterr\u00e1neo. <\/strong><\/em><\/p>\n<p>Se cre\u00f3 <strong>en 1978<\/strong> y es <strong>un acontecimiento anual.<\/strong><\/p>\n<p>Apodado el <em><strong>Marat\u00f3n de Z\u00farich<\/strong><\/em> porque Zurich Insurance Group es el principal patrocinador del marat\u00f3n. El organizador es <em><strong>Amaury Sport Organisation.<\/strong><\/em><\/p>\n<p><img decoding=\"async\" class=\"size-medium wp-image-1470 alignright\" src=\"https:\/\/bonjourbarcelone.fr\/wp-content\/uploads\/2019\/04\/1280px-Marat\u00f3_de_Barcelona_2012_-_Backside_tshirt-300x225.jpg\" alt=\"\" width=\"300\" height=\"225\" srcset=\"https:\/\/bonjourbarcelone.fr\/wp-content\/uploads\/2019\/04\/1280px-Marat\u00f3_de_Barcelona_2012_-_Backside_tshirt-300x225.jpg 300w, https:\/\/bonjourbarcelone.fr\/wp-content\/uploads\/2019\/04\/1280px-Marat\u00f3_de_Barcelona_2012_-_Backside_tshirt.jpg 640w\" sizes=\"(max-width: 300px) 100vw, 300px\" \/><\/p>\n<p>La carrera comienza en la Place d'Espagne y<em><strong> la ruta abarca realmente toda la ciudad, <\/strong>desde el Camp Nou (el legendario estadio de f\u00fatbol del Bar\u00e7a) pasando por la Sagrada, el barrio de Sant Andreu, un amplio tramo de la Meridiana (la avenida que atraviesa la ciudad) y de vuelta a la playa.<\/em><\/p>\n<p>El bucle es enorme y abarca m\u00e1s de <strong>40 kil\u00f3metros.<\/strong><\/p>\n<p>&nbsp;<\/p>\n<p><strong><em>La pr\u00f3xima edici\u00f3n tendr\u00e1 lugar el domingo 15 de marzo de 2020.<\/em><\/strong><\/p>\n<p>&nbsp;<\/p>\n<h2><strong>\u00bfC\u00f3mo me registro?<\/strong><\/h2>\n<p>Puede inscribirse en l\u00ednea en el sitio web del marat\u00f3n (que tambi\u00e9n est\u00e1 en franc\u00e9s): <a href=\"https:\/\/www.zurichmaratobarcelona.es\/fra\/\">https:\/\/www.zurichmaratobarcelona.es\/fra\/<\/a><\/p>\n<p>&nbsp;<\/p>\n<h2><strong>C\u00f3mo y d\u00f3nde recoger su n\u00famero<\/strong><\/h2>\n<p>Una vez que se haya inscrito en l\u00ednea, recibir\u00e1 un correo electr\u00f3nico de confirmaci\u00f3n con su n\u00famero de dorsal.<\/p>\n<p>Si este n\u00famero no figura en la lista, tambi\u00e9n estar\u00e1 disponible en el sitio web la semana anterior al acto.<\/p>\n<p>Debe recoger su n\u00famero en <em>Expo Deportes<\/em> y esto,<em> con su documento de identidad o pasaporte.<\/em><\/p>\n<p><strong><em>Atenci\u00f3n: los dorsales no pueden recogerse el d\u00eda de la carrera.<\/em><\/strong><\/p>\n<p>&nbsp;<\/p>\n<h2><strong>Zonas de restauraci\u00f3n <\/strong><\/h2>\n<p>Estas zonas incluyen<em> agua, bebidas energ\u00e9ticas y fruta.<\/em><\/p>\n<p><strong><em>\u00bfd\u00f3nde?<\/em><\/strong> km5, km7'5, km10, km12'5, km15, km17'5, km20, km22'5, km25, km27'5, km30, km32'5, km35, km38, km40<\/p>\n<p>&nbsp;<\/p>\n<h2><strong>Categor\u00edas de jinetes<\/strong><\/h2>\n<p>Sub 23: 18-22 a\u00f1os<\/p>\n<p>Senior: 23-34 a\u00f1os<\/p>\n<p>Veteranos A: 35-44 a\u00f1os<\/p>\n<p>Veteranos B: 45-54 a\u00f1os<\/p>\n<p>Veteranos C: 55-64 a\u00f1os<\/p>\n<p>Veteranos D: 65 a\u00f1os o m\u00e1s<\/p>\n<p>&nbsp;<\/p>\n<h2><strong>Ecomarat\u00f3n: gesti\u00f3n de residuos, transporte p\u00fablico aumentado y lavabos qu\u00edmicos<\/strong><\/h2>\n<p>La ciudad de Barcelona y los organizadores del marat\u00f3n han puesto en marcha toda una serie de medidas para garantizar que el marat\u00f3n sea lo m\u00e1s respetuoso posible con el medio ambiente.<\/p>\n<p>Por lo tanto, se pide a los motoristas que <strong>respetar estas medidas.<\/strong><\/p>\n<p>En primer lugar, hay cientos de contenedores por toda la ciudad y es esencial<strong> clasificaci\u00f3n de residuos.<\/strong><\/p>\n<p>La ciudad tambi\u00e9n ha introducido <strong>aumento del n\u00famero de servicios de transporte p\u00fablico<\/strong> para llegar r\u00e1pida y f\u00e1cilmente a la salida de la carrera.<\/p>\n<p>&nbsp;<\/p>\n<h2><strong>\u00bfC\u00f3mo llegar a la entrada de la carrera?<\/strong><\/h2>\n<p>Llegar a la entrada del marat\u00f3n es muy f\u00e1cil:<\/p>\n<p>&#8211;\u00a0\u00a0\u00a0\u00a0\u00a0\u00a0\u00a0\u00a0\u00a0\u00a0\u00a0\u00a0 <em><strong>por metro<\/strong><\/em> (Pla\u00e7a de Espanya - L\u00ednea 3 Verde y L\u00ednea 1 Roja);<\/p>\n<p>- e<em><strong>n autob\u00fas<\/strong><\/em> :13. 23. 37. 46. 50. 65. 79. 91. 150. 165 y V7;<\/p>\n<p>- Si llega <em><strong>en tren,<\/strong><\/em> la forma m\u00e1s f\u00e1cil es llegar desde el <strong>Estaci\u00f3 Sants<\/strong> que est\u00e1 a unos quince minutos a pie de la salida de la carrera;<\/p>\n<p>- La <em><strong>trenes perif\u00e9ricos<\/strong><\/em> - RENFE RODALIES - han establecido una colaboraci\u00f3n y todos los participantes en la carrera pueden viajar gratuitamente (R11. R12. R13. R14. R15. R16).<\/p>\n<p>&nbsp;<\/p>\n<p><img decoding=\"async\" class=\"size-medium wp-image-1471 alignright\" src=\"https:\/\/bonjourbarcelone.fr\/wp-content\/uploads\/2019\/04\/090301-F-0000R-148-300x225.jpg\" alt=\"\" width=\"300\" height=\"225\" srcset=\"https:\/\/bonjourbarcelone.fr\/wp-content\/uploads\/2019\/04\/090301-F-0000R-148-300x225.jpg 300w, https:\/\/bonjourbarcelone.fr\/wp-content\/uploads\/2019\/04\/090301-F-0000R-148.jpg 640w\" sizes=\"(max-width: 300px) 100vw, 300px\" \/><\/p>\n<h2><strong>Un sistema de guardarropa: \u00bfd\u00f3nde y cu\u00e1ndo puede dejar sus cosas?<\/strong><\/h2>\n<p>Puedes venir <strong>deje sus pertenencias entre las 6.30 y las 8.15 horas.<\/strong><\/p>\n<p>Tenga en cuenta lo siguiente, <strong><em>la carrera empieza a las 8.30<\/em><\/strong><\/p>\n<p>&nbsp;<\/p>\n<p>Los art\u00edculos deben entregarse en <em><strong>la Fira \/ pabell\u00f3n italiano.<\/strong><\/em><\/p>\n<p>&nbsp;<\/p>\n<p>Evidentemente, est\u00e1 prohibido correr con mochilas que puedan estorbarte a ti y a los dem\u00e1s corredores.<\/p>\n<p>&nbsp;<\/p>\n<h2><strong>Instalaciones disponibles a la salida<\/strong><\/h2>\n<p>Una vez finalizada la carrera, podr\u00e1 acceder a una serie de servicios:<\/p>\n<ul>\n<li><em>La zona de refrigeraci\u00f3n l\u00edquida ;<\/em><\/li>\n<li><em>Entrega de medallas;<\/em><\/li>\n<li><em>\u00c1rea de recuperaci\u00f3n f\u00edsica que incluye fisioterapia y podolog\u00eda;<\/em><\/li>\n<li><em>Los podios;<\/em><\/li>\n<li><em>Varios puntos de informaci\u00f3n ;<\/em><\/li>\n<li><em>Los autobuses que te llevan a las duchas <\/em>(Av. Rius i Taulet (Caixa Forum) a Piscine Picornell).<\/li>\n<\/ul>\n<p>&nbsp;<\/p>\n<h2><strong>Las actividades<\/strong><\/h2>\n<ul>\n<li><strong>El s\u00e1bado anterior al marat\u00f3n: la Pasta Party<\/strong><\/li>\n<\/ul>\n<p>En la Expo Sports, la v\u00edspera del marat\u00f3n (de 12.00 a 16.00 horas), todos los participantes recibir\u00e1n un plato de pasta.<\/p>\n<p><em><strong>Una gran oportunidad para conocer<\/strong><\/em> \u00a1antes de la gran partida!<\/p>\n<p>&nbsp;<\/p>\n<p><img decoding=\"async\" class=\"size-medium wp-image-1472 alignright\" src=\"https:\/\/bonjourbarcelone.fr\/wp-content\/uploads\/2019\/04\/Marat\u00f3_de_Barcelona_2018_2-300x225.jpg\" alt=\"\" width=\"300\" height=\"225\" srcset=\"https:\/\/bonjourbarcelone.fr\/wp-content\/uploads\/2019\/04\/Marat\u00f3_de_Barcelona_2018_2-300x225.jpg 300w, https:\/\/bonjourbarcelone.fr\/wp-content\/uploads\/2019\/04\/Marat\u00f3_de_Barcelona_2018_2.jpg 640w\" sizes=\"(max-width: 300px) 100vw, 300px\" \/><\/p>\n<ul>\n<li><strong>Durante el marat\u00f3n: timbaleros y bandas de m\u00fasica<\/strong><\/li>\n<\/ul>\n<p>A lo largo de la carrera tendr\u00e1n lugar numerosos conciertos, espect\u00e1culos de percusi\u00f3n y bandas de m\u00fasica.<\/p>\n<p>&nbsp;<\/p>\n<ul>\n<li><strong>Despu\u00e9s del marat\u00f3n: Breakfast Run by MRW 2020<\/strong><\/li>\n<\/ul>\n<p>Los Juegos Ol\u00edmpicos de 1992 fueron muy importantes para la ciudad de Barcelona.<\/p>\n<p>En el<em><strong> Desayunos<\/strong><\/em>Los \u00faltimos cuatro kil\u00f3metros del marat\u00f3n de 1992 se correr\u00e1n cerca de la fuente de Montjuic.<\/p>\n<p>La carrera es gratuita y comienza a las 9.30 h. Tras la carrera, desayunar\u00e1 con los participantes.<\/p>\n<p>&nbsp;<\/p>\n<h2><strong>El marat\u00f3n de los ni\u00f1os : MARAT\u00d3N INFANTIL<\/strong><\/h2>\n<p>El s\u00e1bado 14 de marzo de 2020, los ni\u00f1os podr\u00e1n participar en un circuito de 200 metros en la Avenida Maria Cristina.<\/p>\n<p>Plazas limitadas a 800.<\/p>\n<p>&nbsp;<\/p>\n<p><strong>CATEGOR\u00cdAS<\/strong><\/p>\n<ul>\n<li>Nin: 2015-16 (400 m)<\/li>\n<\/ul>\n<ul>\n<li>Pre-Benjam\u00edn: 2013-14 (600m)<\/li>\n<\/ul>\n<ul>\n<li>Benjam\u00edn: 2011-12 (600m)<\/li>\n<\/ul>\n<ul>\n<li>Alev\u00edn: 2009-10 (600m)<\/li>\n<\/ul>\n<ul>\n<li>Infantil: 2007-08 (600m)<\/li>\n<\/ul>\n<ul>\n<li>Cadete: 2005-06 (1000m)<\/li>\n<li><\/li>\n<\/ul>\n<h2><strong>Paralelamente: la Expo-Deportes<\/strong><\/h2>\n<p><strong><em>M\u00e1s de 130 expositores y 70.000 visitantes en la edici\u00f3n de 2018.<\/em><\/strong><\/p>\n<p>Cada a\u00f1o, son m\u00e1s los visitantes que acuden a la Fira de Barcelona para descubrir los stands de la exposici\u00f3n, donde pueden descubrir <strong><em>nuevos productos dedicados al mundo del deporte, as\u00ed como fabricantes, marcas y distribuidores.<\/em><\/strong><\/p>\n<p>La pr\u00f3xima edici\u00f3n tendr\u00e1 lugar los d\u00edas 13 y 14 de marzo de 2020 en la Fira de Barcelona. Recinto Montju\u00efc (Pabell\u00f3n 8).<\/p>\n<p>El Marat\u00f3n de Barcelona no es s\u00f3lo un fant\u00e1stico acontecimiento deportivo, sino tambi\u00e9n una oportunidad \u00fanica para conocer gente y descubrir el mundo del deporte.<\/p>","protected":false},"excerpt":{"rendered":"<p>Le Marathon de Barcelone s\u2019appelle le Zurich Marat\u00f3 de Barcelona et profite du formidable climat m\u00e9diterran\u00e9en. Il a \u00e9t\u00e9 cr\u00e9\u00e9 en 1978 et est un \u00e9v\u00e9nement annuel. Surnomm\u00e9 le Zurich Marathon car les assurances Zurich (Zurich Insurance Group) sont les sponsors principaux du marathon. L\u2019organisateur est Amaury Sport Organisation. La course d\u00e9marre sur la place [&hellip;]<\/p>","protected":false},"author":2,"featured_media":1471,"comment_status":"open","ping_status":"open","sticky":false,"template":"","format":"standard","meta":{"om_disable_all_campaigns":false,"_genesis_hide_title":false,"_genesis_hide_breadcrumbs":false,"_genesis_hide_singular_image":false,"_genesis_hide_footer_widgets":false,"_genesis_custom_body_class":"","_genesis_custom_post_class":"","_genesis_layout":"","footnotes":""},"categories":[8],"tags":[],"class_list":{"0":"post-1469","1":"post","2":"type-post","3":"status-publish","4":"format-standard","5":"has-post-thumbnail","7":"category-activites","8":"entry"},"yoast_head":"<!-- This site is optimized with the Yoast SEO plugin v26.5 - https:\/\/yoast.com\/wordpress\/plugins\/seo\/ -->\n<title>Le Marathon de Barcelone: un \u00e9v\u00e9nement unique \u00e0 ne pas manquer !<\/title>\n<meta name=\"description\" content=\"Vous trouverez ici toutes les informations concernant le marathon de Barcelone, un \u00e9v\u00e8nement \u00e0 ne pas manquer pour tous les fans de course !\" \/>\n<meta name=\"robots\" content=\"index, follow, max-snippet:-1, max-image-preview:large, max-video-preview:-1\" \/>\n<link rel=\"canonical\" href=\"https:\/\/bonjourbarcelone.fr\/es\/maraton-barcelona\/\" \/>\n<meta property=\"og:locale\" content=\"es_ES\" \/>\n<meta property=\"og:type\" content=\"article\" \/>\n<meta property=\"og:title\" content=\"Le Marathon de Barcelone: un \u00e9v\u00e9nement unique \u00e0 ne pas manquer !\" \/>\n<meta property=\"og:description\" content=\"Vous trouverez ici toutes les informations concernant le marathon de Barcelone, un \u00e9v\u00e8nement \u00e0 ne pas manquer pour tous les fans de course !\" \/>\n<meta property=\"og:url\" content=\"https:\/\/bonjourbarcelone.fr\/es\/maraton-barcelona\/\" \/>\n<meta property=\"og:site_name\" content=\"Visiter Barcelone\" \/>\n<meta property=\"article:published_time\" content=\"2019-04-15T10:46:30+00:00\" \/>\n<meta property=\"article:modified_time\" content=\"2020-07-10T15:17:39+00:00\" \/>\n<meta property=\"og:image\" content=\"https:\/\/bonjourbarcelone.fr\/wp-content\/uploads\/2019\/04\/090301-F-0000R-148.jpg\" \/>\n\t<meta property=\"og:image:width\" content=\"640\" \/>\n\t<meta property=\"og:image:height\" content=\"480\" \/>\n\t<meta property=\"og:image:type\" content=\"image\/jpeg\" \/>\n<meta name=\"author\" content=\"Thibaut\" \/>\n<meta name=\"twitter:card\" content=\"summary_large_image\" \/>\n<meta name=\"twitter:label1\" content=\"Escrito por\" \/>\n\t<meta name=\"twitter:data1\" content=\"Thibaut\" \/>\n\t<meta name=\"twitter:label2\" content=\"Tiempo de lectura\" \/>\n\t<meta name=\"twitter:data2\" content=\"5 minutos\" \/>\n<script type=\"application\/ld+json\" class=\"yoast-schema-graph\">{\"@context\":\"https:\/\/schema.org\",\"@graph\":[{\"@type\":\"WebPage\",\"@id\":\"https:\/\/bonjourbarcelone.fr\/marathon-barcelone\/\",\"url\":\"https:\/\/bonjourbarcelone.fr\/marathon-barcelone\/\",\"name\":\"Le Marathon de Barcelone: un \u00e9v\u00e9nement unique \u00e0 ne pas manquer !\",\"isPartOf\":{\"@id\":\"https:\/\/bonjourbarcelone.fr\/#website\"},\"primaryImageOfPage\":{\"@id\":\"https:\/\/bonjourbarcelone.fr\/marathon-barcelone\/#primaryimage\"},\"image\":{\"@id\":\"https:\/\/bonjourbarcelone.fr\/marathon-barcelone\/#primaryimage\"},\"thumbnailUrl\":\"https:\/\/bonjourbarcelone.fr\/wp-content\/uploads\/2019\/04\/090301-F-0000R-148.jpg\",\"datePublished\":\"2019-04-15T10:46:30+00:00\",\"dateModified\":\"2020-07-10T15:17:39+00:00\",\"author\":{\"@id\":\"https:\/\/bonjourbarcelone.fr\/#\/schema\/person\/0bda2897d0b8e0150a7ece6f930ff5e5\"},\"description\":\"Vous trouverez ici toutes les informations concernant le marathon de Barcelone, un \u00e9v\u00e8nement \u00e0 ne pas manquer pour tous les fans de course !\",\"breadcrumb\":{\"@id\":\"https:\/\/bonjourbarcelone.fr\/marathon-barcelone\/#breadcrumb\"},\"inLanguage\":\"es\",\"potentialAction\":[{\"@type\":\"ReadAction\",\"target\":[\"https:\/\/bonjourbarcelone.fr\/marathon-barcelone\/\"]}]},{\"@type\":\"ImageObject\",\"inLanguage\":\"es\",\"@id\":\"https:\/\/bonjourbarcelone.fr\/marathon-barcelone\/#primaryimage\",\"url\":\"https:\/\/bonjourbarcelone.fr\/wp-content\/uploads\/2019\/04\/090301-F-0000R-148.jpg\",\"contentUrl\":\"https:\/\/bonjourbarcelone.fr\/wp-content\/uploads\/2019\/04\/090301-F-0000R-148.jpg\",\"width\":640,\"height\":480},{\"@type\":\"BreadcrumbList\",\"@id\":\"https:\/\/bonjourbarcelone.fr\/marathon-barcelone\/#breadcrumb\",\"itemListElement\":[{\"@type\":\"ListItem\",\"position\":1,\"name\":\"Accueil\",\"item\":\"https:\/\/bonjourbarcelone.fr\/\"},{\"@type\":\"ListItem\",\"position\":2,\"name\":\"Le Marathon de Barcelone: un \u00e9v\u00e9nement unique \u00e0 ne pas manquer !\"}]},{\"@type\":\"WebSite\",\"@id\":\"https:\/\/bonjourbarcelone.fr\/#website\",\"url\":\"https:\/\/bonjourbarcelone.fr\/\",\"name\":\"Visiter Barcelone\",\"description\":\"Tout pour passer un s\u00e9jour inoubliable en 2026 !\",\"potentialAction\":[{\"@type\":\"SearchAction\",\"target\":{\"@type\":\"EntryPoint\",\"urlTemplate\":\"https:\/\/bonjourbarcelone.fr\/?s={search_term_string}\"},\"query-input\":{\"@type\":\"PropertyValueSpecification\",\"valueRequired\":true,\"valueName\":\"search_term_string\"}}],\"inLanguage\":\"es\"},{\"@type\":\"Person\",\"@id\":\"https:\/\/bonjourbarcelone.fr\/#\/schema\/person\/0bda2897d0b8e0150a7ece6f930ff5e5\",\"name\":\"Thibaut\",\"image\":{\"@type\":\"ImageObject\",\"inLanguage\":\"es\",\"@id\":\"https:\/\/bonjourbarcelone.fr\/#\/schema\/person\/image\/\",\"url\":\"https:\/\/secure.gravatar.com\/avatar\/436636a11d7c80b948817b5a66d82f9305017ea4c84ab9a676db1d62ccc2c25d?s=96&r=g\",\"contentUrl\":\"https:\/\/secure.gravatar.com\/avatar\/436636a11d7c80b948817b5a66d82f9305017ea4c84ab9a676db1d62ccc2c25d?s=96&r=g\",\"caption\":\"Thibaut\"},\"description\":\"J'aide les voyageurs \u00e0 mieux visiter la ville de Barcelone avec un contenu \u00e9crit et actualis\u00e9 par des experts locaux pour vivre la meilleure exp\u00e9rience possible ! Notre agence de voyage propose \u00e9galement des visites guid\u00e9es en fran\u00e7ais.\"}]}<\/script>\n<!-- \/ Yoast SEO plugin. -->","yoast_head_json":{"title":"El Marat\u00f3n de Barcelona: \u00a1un acontecimiento \u00fanico que no debe perderse!","description":"Aqu\u00ed encontrar\u00e1s toda la informaci\u00f3n que necesitas sobre el Marat\u00f3n de Barcelona, una cita ineludible para cualquier aficionado al running.","robots":{"index":"index","follow":"follow","max-snippet":"max-snippet:-1","max-image-preview":"max-image-preview:large","max-video-preview":"max-video-preview:-1"},"canonical":"https:\/\/bonjourbarcelone.fr\/es\/maraton-barcelona\/","og_locale":"es_ES","og_type":"article","og_title":"Le Marathon de Barcelone: un \u00e9v\u00e9nement unique \u00e0 ne pas manquer !","og_description":"Vous trouverez ici toutes les informations concernant le marathon de Barcelone, un \u00e9v\u00e8nement \u00e0 ne pas manquer pour tous les fans de course !","og_url":"https:\/\/bonjourbarcelone.fr\/es\/maraton-barcelona\/","og_site_name":"Visiter Barcelone","article_published_time":"2019-04-15T10:46:30+00:00","article_modified_time":"2020-07-10T15:17:39+00:00","og_image":[{"width":640,"height":480,"url":"https:\/\/bonjourbarcelone.fr\/wp-content\/uploads\/2019\/04\/090301-F-0000R-148.jpg","type":"image\/jpeg"}],"author":"Thibaut","twitter_card":"summary_large_image","twitter_misc":{"Escrito por":"Thibaut","Tiempo de lectura":"5 minutos"},"schema":{"@context":"https:\/\/schema.org","@graph":[{"@type":"WebPage","@id":"https:\/\/bonjourbarcelone.fr\/marathon-barcelone\/","url":"https:\/\/bonjourbarcelone.fr\/marathon-barcelone\/","name":"El Marat\u00f3n de Barcelona: \u00a1un acontecimiento \u00fanico que no debe perderse!","isPartOf":{"@id":"https:\/\/bonjourbarcelone.fr\/#website"},"primaryImageOfPage":{"@id":"https:\/\/bonjourbarcelone.fr\/marathon-barcelone\/#primaryimage"},"image":{"@id":"https:\/\/bonjourbarcelone.fr\/marathon-barcelone\/#primaryimage"},"thumbnailUrl":"https:\/\/bonjourbarcelone.fr\/wp-content\/uploads\/2019\/04\/090301-F-0000R-148.jpg","datePublished":"2019-04-15T10:46:30+00:00","dateModified":"2020-07-10T15:17:39+00:00","author":{"@id":"https:\/\/bonjourbarcelone.fr\/#\/schema\/person\/0bda2897d0b8e0150a7ece6f930ff5e5"},"description":"Aqu\u00ed encontrar\u00e1s toda la informaci\u00f3n que necesitas sobre el Marat\u00f3n de Barcelona, una cita ineludible para cualquier aficionado al running.","breadcrumb":{"@id":"https:\/\/bonjourbarcelone.fr\/marathon-barcelone\/#breadcrumb"},"inLanguage":"es","potentialAction":[{"@type":"ReadAction","target":["https:\/\/bonjourbarcelone.fr\/marathon-barcelone\/"]}]},{"@type":"ImageObject","inLanguage":"es","@id":"https:\/\/bonjourbarcelone.fr\/marathon-barcelone\/#primaryimage","url":"https:\/\/bonjourbarcelone.fr\/wp-content\/uploads\/2019\/04\/090301-F-0000R-148.jpg","contentUrl":"https:\/\/bonjourbarcelone.fr\/wp-content\/uploads\/2019\/04\/090301-F-0000R-148.jpg","width":640,"height":480},{"@type":"BreadcrumbList","@id":"https:\/\/bonjourbarcelone.fr\/marathon-barcelone\/#breadcrumb","itemListElement":[{"@type":"ListItem","position":1,"name":"Accueil","item":"https:\/\/bonjourbarcelone.fr\/"},{"@type":"ListItem","position":2,"name":"Le Marathon de Barcelone: un \u00e9v\u00e9nement unique \u00e0 ne pas manquer !"}]},{"@type":"WebSite","@id":"https:\/\/bonjourbarcelone.fr\/#website","url":"https:\/\/bonjourbarcelone.fr\/","name":"Visitar Barcelona","description":"Tout pour passer un s\u00e9jour inoubliable en 2026 !","potentialAction":[{"@type":"SearchAction","target":{"@type":"EntryPoint","urlTemplate":"https:\/\/bonjourbarcelone.fr\/?s={search_term_string}"},"query-input":{"@type":"PropertyValueSpecification","valueRequired":true,"valueName":"search_term_string"}}],"inLanguage":"es"},{"@type":"Person","@id":"https:\/\/bonjourbarcelone.fr\/#\/schema\/person\/0bda2897d0b8e0150a7ece6f930ff5e5","name":"Thibaut","image":{"@type":"ImageObject","inLanguage":"es","@id":"https:\/\/bonjourbarcelone.fr\/#\/schema\/person\/image\/","url":"https:\/\/secure.gravatar.com\/avatar\/436636a11d7c80b948817b5a66d82f9305017ea4c84ab9a676db1d62ccc2c25d?s=96&r=g","contentUrl":"https:\/\/secure.gravatar.com\/avatar\/436636a11d7c80b948817b5a66d82f9305017ea4c84ab9a676db1d62ccc2c25d?s=96&r=g","caption":"Thibaut"},"description":"Ayudo a los viajeros a aprovechar al m\u00e1ximo su visita a Barcelona con contenidos escritos y actualizados por expertos locales para garantizar la mejor experiencia posible. Nuestra agencia de viajes tambi\u00e9n ofrece visitas guiadas en franc\u00e9s."}]}},"_links":{"self":[{"href":"https:\/\/bonjourbarcelone.fr\/es\/wp-json\/wp\/v2\/posts\/1469","targetHints":{"allow":["GET"]}}],"collection":[{"href":"https:\/\/bonjourbarcelone.fr\/es\/wp-json\/wp\/v2\/posts"}],"about":[{"href":"https:\/\/bonjourbarcelone.fr\/es\/wp-json\/wp\/v2\/types\/post"}],"author":[{"embeddable":true,"href":"https:\/\/bonjourbarcelone.fr\/es\/wp-json\/wp\/v2\/users\/2"}],"replies":[{"embeddable":true,"href":"https:\/\/bonjourbarcelone.fr\/es\/wp-json\/wp\/v2\/comments?post=1469"}],"version-history":[{"count":0,"href":"https:\/\/bonjourbarcelone.fr\/es\/wp-json\/wp\/v2\/posts\/1469\/revisions"}],"wp:featuredmedia":[{"embeddable":true,"href":"https:\/\/bonjourbarcelone.fr\/es\/wp-json\/wp\/v2\/media\/1471"}],"wp:attachment":[{"href":"https:\/\/bonjourbarcelone.fr\/es\/wp-json\/wp\/v2\/media?parent=1469"}],"wp:term":[{"taxonomy":"category","embeddable":true,"href":"https:\/\/bonjourbarcelone.fr\/es\/wp-json\/wp\/v2\/categories?post=1469"},{"taxonomy":"post_tag","embeddable":true,"href":"https:\/\/bonjourbarcelone.fr\/es\/wp-json\/wp\/v2\/tags?post=1469"}],"curies":[{"name":"wp","href":"https:\/\/api.w.org\/{rel}","templated":true}]}}