{"id":1641,"date":"2019-06-08T14:17:14","date_gmt":"2019-06-08T14:17:14","guid":{"rendered":"https:\/\/bonjourbarcelone.fr\/?p=1641"},"modified":"2022-10-31T14:13:53","modified_gmt":"2022-10-31T14:13:53","slug":"danza-sardana","status":"publish","type":"post","link":"https:\/\/bonjourbarcelone.fr\/es\/danza-sardana\/","title":{"rendered":"La danza de la sardana: parte esencial del folclore catal\u00e1n"},"content":{"rendered":"<p><strong style=\"font-size: 16px\">\u00bfQu\u00e9 es la sardana?<\/strong><strong>En pocas palabras...<\/strong><\/p>\n<p>La sardana es una danza folcl\u00f3rica que se puede encontrar en los siguientes lugares <strong>en toda Catalu\u00f1a,<\/strong> tanto del lado espa\u00f1ol como del franc\u00e9s. Se trata de un baile que alterna <strong>pasos cortos y largos<\/strong> y bailaron en c\u00edrculo.<\/p>\n<p>Si ha estado en Barcelona, probablemente los habr\u00e1 visto en algunas zonas del casco antiguo, donde j\u00f3venes y mayores se re\u00fanen para practicar este arte.<strong> parte esencial de la cultura catalana.<\/strong><\/p>\n<p>Cualquiera puede bailarla. Por eso fue tan popular en su momento, porque <strong>no distingu\u00eda entre clases sociales<\/strong>.<\/p>\n<p>Aunque es mejor saber lo b\u00e1sico, porque un paso en falso trastornar\u00e1 todo el c\u00edrculo.<\/p>\n<p><em>Su melod\u00eda, f\u00e1cilmente reconocible con sus diversos instrumentos de viento<\/em> Te encantar\u00e1, \u00a1y t\u00fa tambi\u00e9n querr\u00e1s empezar!<\/p>\n<p>&nbsp;<\/p>\n<h2><strong>Los or\u00edgenes de la danza sardana...<\/strong><\/h2>\n<p>La sardana es una danza muy antigua, que se remonta a <strong>en el siglo XV a.C. y vinculada a la diosa Ceres<\/strong>. Esta danza fue interpretada por <strong>los cretenses, los etruscos, los helenos y los griegos.<\/strong> En el siglo I d.C., se pensaba que la danza era una ofrenda a la Luna, y ser\u00eda <strong><em>los \u00edberos fueron los primeros en practicarla en lo que hoy son los Pirineos Orientales.<\/em><\/strong><\/p>\n<p><a href=\"https:\/\/bonjourbarcelone.fr\/wp-content\/uploads\/2019\/06\/2009_Barcelona_Sardana_Volkstanz.jpg\"><img decoding=\"async\" class=\"size-medium wp-image-1642\" src=\"https:\/\/bonjourbarcelone.fr\/wp-content\/uploads\/2019\/06\/2009_Barcelona_Sardana_Volkstanz-300x200.jpg\" alt=\"\" width=\"300\" height=\"200\" srcset=\"https:\/\/bonjourbarcelone.fr\/wp-content\/uploads\/2019\/06\/2009_Barcelona_Sardana_Volkstanz-300x200.jpg 300w, https:\/\/bonjourbarcelone.fr\/wp-content\/uploads\/2019\/06\/2009_Barcelona_Sardana_Volkstanz.jpg 640w\" sizes=\"(max-width: 300px) 100vw, 300px\" \/><\/a><\/p>\n<p>Posteriormente, el <strong>\"contrap\u00e0s<\/strong> que se asemeja a la sardana, se registra por primera vez en el siglo XIX, y m\u00e1s tarde la sardana pas\u00f3 a animar las fiestas de los pueblos del norte y el sur de Catalu\u00f1a.<\/p>\n<p>Un m\u00fasico de Figueres es muy famoso por ser el instigador de la sardana moderna. Fue <strong>Pep Ventura.<\/strong><\/p>\n<p>&nbsp;<\/p>\n<h2><strong>Las fiestas de la Merc\u00e8<\/strong><\/h2>\n<p>Si hay una celebraci\u00f3n que no quiere perderse en Barcelona, son las fiestas de la Merc\u00e8.<\/p>\n<p><strong>Cinco d\u00edas para festejar a la patrona de Barcelona<\/strong><\/p>\n<p>La fecha oficial es el 24 de septiembre, pero son 5 d\u00edas consecutivos repletos de bailes folcl\u00f3ricos, actividades programadas por toda la ciudad, torres humanas, fuegos artificiales... \u00a1Y la lista contin\u00faa! Cada a\u00f1o, la fiesta es m\u00e1s impresionante y hermosa. Conocida en catal\u00e1n como la<em> Fiesta mayor de verano, toda Barcelona se vuelca para celebrar la Mare de D\u00e9u de la Merc\u00e8.<\/em>\u00a0(Notre-Dame-de-Gr\u00e2ce).<\/p>\n<p>La Virgen de la Merc\u00e8 es venerada por los cat\u00f3licos y tambi\u00e9n es conocida como la Virgen de la Misericordia. El 1<sup>er<\/sup> En agosto de 1218, la Virgen Mar\u00eda se apareci\u00f3 a tres conocidos ciudadanos de Barcelona. Entre ellos se encontraba San Pedro Nolasco, fundador de la Orden de la Merc\u00e8.<\/p>\n<p>Com\u00fanmente conocidas como las fiestas de verano, <strong>las fiestas de la Merc\u00e8 marcan el final del verano y la llegada progresiva del oto\u00f1o<\/strong>. El calor disminuir\u00e1 gradualmente.<\/p>\n<p>Es m\u00e1s que <strong>500 actividades<\/strong> \u00a1que se organizar\u00e1n por toda la ciudad!<\/p>\n<p>Y para todos los p\u00fablicos:<em> ni\u00f1os, adultos, amantes de las tradiciones catalanas,... <\/em><\/p>\n<p>Y en general, <em>estas actividades son gratuitas <\/em><\/p>\n<p>La cultura popular catalana es la reina de las fiestas de la Merc\u00e8.<\/p>\n<p>&nbsp;<\/p>\n<h2><strong>Vestidos con trajes tradicionales<\/strong><\/h2>\n<p>Aunque se pueden ver bailes de sardanas en los que todo el mundo va vestido normalmente, hay trajes tradicionales, diferentes para hombres y mujeres.<\/p>\n<p><strong>Los hombres llevan la barretina y la faixa. <\/strong><\/p>\n<p><strong>Las mujeres llevan tocados.<\/strong><\/p>\n<p>&nbsp;<\/p>\n<h2><strong>Pasos de baile: alternar pasos cortos y largos<\/strong><\/h2>\n<p>Los bailarines se colocan en c\u00edrculo, alternando pasos cortos y largos.<\/p>\n<p>Ten cuidado, porque es responsabilidad del grupo respetar los pasos, ya que de ello depende la fuerza de todo el baile.<\/p>\n<p>Los bailarines danzan <strong><em>redondo<\/em> <\/strong>y <strong><em>tomarse de la mano<\/em><\/strong>. Siguen<em><strong> el ritmo de la Cobla<\/strong><\/em>la orquesta formada por <em>de once a trece m\u00fasicos, con instrumentos de viento t\u00edpicamente catalanes e instrumentos como el oboe, las flautas, las trompetas y los trombones.<\/em><\/p>\n<p>&nbsp;<\/p>\n<h2><strong>La cultura catalana bajo el franquismo<\/strong><\/h2>\n<p><strong>El folclore catal\u00e1n y la lengua catalana estaban prohibidos en la Espa\u00f1a franquista.<\/strong> (1936\/9 \u00e0 1977).<\/p>\n<p>El catalanismo es ahora uno de los debates fundamentales en Espa\u00f1a, con un gran porcentaje de la poblaci\u00f3n que quiere establecer la independencia catalana y separarse as\u00ed de Espa\u00f1a.<\/p>\n<p>El folclore, y en particular la danza sardana, forma una parte importante del <strong>Identidad catalana reprimida<\/strong> durante d\u00e9cadas de dictadura.<\/p>\n<p>&nbsp;<\/p>\n<h2><strong>La sardana en las canciones de Charles Trenet<\/strong><\/h2>\n<p>La sardana es muy conocida e incluso ha sido inmortalizada en la canci\u00f3n de Trenet \"La Sardane\":<\/p>\n<p><em>La Sardana es tan bonita<\/em><em><br \/>\nBailemos de la mano<br \/>\nEn la tierra de los pl\u00e1tanos verdes<br \/>\nDe la tierra de los tramontanos.<br \/>\nA las chicas j\u00f3venes les gusta esto<br \/>\nY hasta los viejos de sus bastones<br \/>\nGolp\u00e9alo en las piedras del camino<br \/>\nEsta noche cu\u00e1ntos romances<br \/>\nFlorecer\u00e1 en los corazones de los veintea\u00f1eros<br \/>\nConocen la Sardana<br \/>\nLo bailaban de ni\u00f1os<br \/>\nCu\u00e1ntos perder\u00e1n la cabeza<br \/>\nPara ti, Sardane de la campi\u00f1a catalana.<br \/>\nAmigos, es tiempo de fiesta en Collioure.<br \/>\nEl viejo puerto estaba engalanado<br \/>\nY frente al mar circundante<br \/>\nAqu\u00ed est\u00e1 el eterno campanario dorado<br \/>\nEn los guijarros, verde y rosa<br \/>\nBarcos de colores tiernos<br \/>\nComienza la metamorfosis<br \/>\nSus velos se convirtieron en flores<br \/>\nY bajo la luna errante<br \/>\nLa sardana forma un c\u00edrculo.<br \/>\nLa Sardana es tan bonita<br \/>\nBailemos de la mano<br \/>\nDesde el pa\u00eds de los tramontanos<br \/>\nVuela a los pa\u00edses vecinos<br \/>\nEsta noche cu\u00e1ntos romances<br \/>\nFlorecer\u00e1 en los corazones de los veintea\u00f1eros<br \/>\nCu\u00e1ntos perder\u00e1n la cabeza<br \/>\nPara ti, Sardana de la Campi\u00f1a Catalana<br \/>\nPara ti, Sardane del pa\u00eds catal\u00e1n.<\/em><\/p>\n<h2><strong>Catalu\u00f1a: un territorio franc\u00e9s y espa\u00f1ol<\/strong><\/h2>\n<p>Y s\u00ed, Catalu\u00f1a est\u00e1 ahora dividida en dos partes.<\/p>\n<p>Territorios de la zona francesa, es decir, el departamento de <strong>Pirineos Orientales<\/strong> o com\u00fanmente conocido como <strong>Catalu\u00f1a Norte<\/strong> y los territorios situados en la zona espa\u00f1ola, Catalu\u00f1a Sur.<\/p>\n<p><em>Y la sardana se practica en toda Catalu\u00f1a, de norte a sur.<\/em><\/p>\n<p>&nbsp;<\/p>\n<h2><strong>\u00bfD\u00f3nde se pueden ver espect\u00e1culos de danza sardana?<\/strong><\/h2>\n<p>En el centro de Barcelona, en la Plaza de la Catedral, <strong>Catedral de Sante-Croix<\/strong>tienes dos opciones.<\/p>\n<p>Puede llegar el s\u00e1bado a las 19.00 horas o el domingo hacia las 12.00 horas.<\/p>\n<p><strong>Plaza Sant Jaume<\/strong> tambi\u00e9n acoge Sardanes los domingos por la tarde.<\/p>\n<p>Es una oportunidad para descubrir la tradici\u00f3n sin salir del centro de la ciudad.<\/p>\n<p>Barcelona tambi\u00e9n es una ciudad festiva. Y en verano, hay <strong><em>Fiestas Mayores<\/em><\/strong>Y es muy probable que Sardanes est\u00e9 en el cartel.<\/p>\n<p>Y, por supuesto, hay Fiestas Mayores por toda Catalu\u00f1a.<\/p>\n<p>Las fiestas de Sant Joan, de San Juan y de la Merc\u00e8 tambi\u00e9n son una buena ocasi\u00f3n para ver estos bailes.<\/p>\n<p><em>Inf\u00f3rmese para no perder esta gran oportunidad.<\/em><\/p>\n<p>&nbsp;<\/p>\n<h2><strong>Folclore catal\u00e1n: \u00bfes s\u00f3lo la Sardana?<\/strong><\/h2>\n<p>Y no, el folclore catal\u00e1n no es s\u00f3lo la sardana.<\/p>\n<p><strong><a href=\"https:\/\/bonjourbarcelone.fr\/wp-content\/uploads\/2019\/06\/1428169183_46f8331647_b.jpg\"><img decoding=\"async\" class=\"size-medium wp-image-1643 alignright\" src=\"https:\/\/bonjourbarcelone.fr\/wp-content\/uploads\/2019\/06\/1428169183_46f8331647_b-300x225.jpg\" alt=\"\" width=\"300\" height=\"225\" srcset=\"https:\/\/bonjourbarcelone.fr\/wp-content\/uploads\/2019\/06\/1428169183_46f8331647_b-300x225.jpg 300w, https:\/\/bonjourbarcelone.fr\/wp-content\/uploads\/2019\/06\/1428169183_46f8331647_b.jpg 640w\" sizes=\"(max-width: 300px) 100vw, 300px\" \/><\/a><\/strong><\/p>\n<p>En primer lugar, espero que tambi\u00e9n tenga la oportunidad de ver un <strong>Correfoc<\/strong> \u00a1! Se trata de un festival pirot\u00e9cnico en el que los participantes, conocidos como los \"Diablos\" y los \"Dragones\", corren con grandes palos en llamas.<\/p>\n<p>Cuando se encienden, forman luces maravillosas que salen disparadas en miles de peque\u00f1as chispas.<\/p>\n<p>Como las torres humanas, conocidas como castellers en catal\u00e1n, \u00a1que se celebran en pleno d\u00eda! Los participantes forman torres construyendo pisos con sus propios cuerpos. Y es la persona m\u00e1s ligera, normalmente un ni\u00f1o o un \"\u00a0<strong>l'enxaneta<\/strong>que sube a lo alto de la torre. Es una haza\u00f1a interesante de ver y que requiere mucha pr\u00e1ctica.<\/p>\n<p><strong>Esculturas gigantes<\/strong> (reyes, reinas, nobles) tambi\u00e9n se pasean por la ciudad al son de las bandas de m\u00fasica.<\/p>\n<p><a href=\"https:\/\/bonjourbarcelone.fr\/wp-content\/uploads\/2019\/06\/Gegants_i_Cap-grossos_de_Matar\u00f3.jpg\"><img decoding=\"async\" class=\"size-medium wp-image-1644 alignright\" src=\"https:\/\/bonjourbarcelone.fr\/wp-content\/uploads\/2019\/06\/Gegants_i_Cap-grossos_de_Matar\u00f3-300x225.jpg\" alt=\"\" width=\"300\" height=\"225\" srcset=\"https:\/\/bonjourbarcelone.fr\/wp-content\/uploads\/2019\/06\/Gegants_i_Cap-grossos_de_Matar\u00f3-300x225.jpg 300w, https:\/\/bonjourbarcelone.fr\/wp-content\/uploads\/2019\/06\/Gegants_i_Cap-grossos_de_Matar\u00f3.jpg 640w\" sizes=\"(max-width: 300px) 100vw, 300px\" \/><\/a>Y tantos otros.<\/p>\n<p>&nbsp;<\/p>\n<h2><strong>\u00bfY hoy?<\/strong><\/h2>\n<p>Al igual que los trajes, el baile ha evolucionado con los tiempos. Incluso hay DJ que fusionan la m\u00fasica electr\u00f3nica con los sonidos de la sardana.<\/p>\n<p>Estoy pensando en <strong>Raph Dumas<\/strong>de Perpi\u00f1\u00e1n.<\/p>\n<p>Reconocido en todo el mundo<\/p>\n<p>La Sardana figura en la <strong>Patrimonio festivo de Catalu\u00f1a por la Generalitat de Catalu\u00f1a.\u00a0<\/strong><\/p>","protected":false},"excerpt":{"rendered":"<p>Qu\u2019est-ce que la Sardane ?En quelques mots\u2026 La danse sardane est une danse folklorique que l\u2019on retrouve dans toute la Catalogne, donc du c\u00f4t\u00e9 espagnol mais aussi fran\u00e7ais. Il s\u2019agit d\u2019une danse qui alterne des pas courts et des pas longs et que l\u2019on danse en cercle. Sans doute, si vous avez d\u00e9j\u00e0 visit\u00e9 Barcelone, [&hellip;]<\/p>","protected":false},"author":2,"featured_media":1642,"comment_status":"open","ping_status":"open","sticky":false,"template":"","format":"standard","meta":{"om_disable_all_campaigns":false,"_genesis_hide_title":false,"_genesis_hide_breadcrumbs":false,"_genesis_hide_singular_image":false,"_genesis_hide_footer_widgets":false,"_genesis_custom_body_class":"","_genesis_custom_post_class":"","_genesis_layout":"","footnotes":""},"categories":[8],"tags":[],"class_list":{"0":"post-1641","1":"post","2":"type-post","3":"status-publish","4":"format-standard","5":"has-post-thumbnail","7":"category-activites","8":"entry"},"yoast_head":"<!-- This site is optimized with the Yoast SEO plugin v26.5 - https:\/\/yoast.com\/wordpress\/plugins\/seo\/ -->\n<title>La danse Sardane: l&#039;incontournable du folklore catalan<\/title>\n<meta name=\"robots\" content=\"index, follow, max-snippet:-1, max-image-preview:large, max-video-preview:-1\" \/>\n<link rel=\"canonical\" href=\"https:\/\/bonjourbarcelone.fr\/es\/danza-sardana\/\" \/>\n<meta property=\"og:locale\" content=\"es_ES\" \/>\n<meta property=\"og:type\" content=\"article\" \/>\n<meta property=\"og:title\" content=\"La danse Sardane: l&#039;incontournable du folklore catalan\" \/>\n<meta property=\"og:description\" content=\"Qu\u2019est-ce que la Sardane ?En quelques mots\u2026 La danse sardane est une danse folklorique que l\u2019on retrouve dans toute la Catalogne, donc du c\u00f4t\u00e9 espagnol mais aussi fran\u00e7ais. Il s\u2019agit d\u2019une danse qui alterne des pas courts et des pas longs et que l\u2019on danse en cercle. Sans doute, si vous avez d\u00e9j\u00e0 visit\u00e9 Barcelone, [&hellip;]\" \/>\n<meta property=\"og:url\" content=\"https:\/\/bonjourbarcelone.fr\/es\/danza-sardana\/\" \/>\n<meta property=\"og:site_name\" content=\"Visiter Barcelone\" \/>\n<meta property=\"article:published_time\" content=\"2019-06-08T14:17:14+00:00\" \/>\n<meta property=\"article:modified_time\" content=\"2022-10-31T14:13:53+00:00\" \/>\n<meta property=\"og:image\" content=\"https:\/\/bonjourbarcelone.fr\/wp-content\/uploads\/2019\/06\/2009_Barcelona_Sardana_Volkstanz.jpg\" \/>\n\t<meta property=\"og:image:width\" content=\"640\" \/>\n\t<meta property=\"og:image:height\" content=\"426\" \/>\n\t<meta property=\"og:image:type\" content=\"image\/jpeg\" \/>\n<meta name=\"author\" content=\"Thibaut\" \/>\n<meta name=\"twitter:card\" content=\"summary_large_image\" \/>\n<meta name=\"twitter:label1\" content=\"Escrito por\" \/>\n\t<meta name=\"twitter:data1\" content=\"Thibaut\" \/>\n\t<meta name=\"twitter:label2\" content=\"Tiempo de lectura\" \/>\n\t<meta name=\"twitter:data2\" content=\"8 minutos\" \/>\n<script type=\"application\/ld+json\" class=\"yoast-schema-graph\">{\"@context\":\"https:\/\/schema.org\",\"@graph\":[{\"@type\":\"WebPage\",\"@id\":\"https:\/\/bonjourbarcelone.fr\/danse-sardane\/\",\"url\":\"https:\/\/bonjourbarcelone.fr\/danse-sardane\/\",\"name\":\"La danse Sardane: l'incontournable du folklore catalan\",\"isPartOf\":{\"@id\":\"https:\/\/bonjourbarcelone.fr\/#website\"},\"primaryImageOfPage\":{\"@id\":\"https:\/\/bonjourbarcelone.fr\/danse-sardane\/#primaryimage\"},\"image\":{\"@id\":\"https:\/\/bonjourbarcelone.fr\/danse-sardane\/#primaryimage\"},\"thumbnailUrl\":\"https:\/\/bonjourbarcelone.fr\/wp-content\/uploads\/2019\/06\/2009_Barcelona_Sardana_Volkstanz.jpg\",\"datePublished\":\"2019-06-08T14:17:14+00:00\",\"dateModified\":\"2022-10-31T14:13:53+00:00\",\"author\":{\"@id\":\"https:\/\/bonjourbarcelone.fr\/#\/schema\/person\/0bda2897d0b8e0150a7ece6f930ff5e5\"},\"breadcrumb\":{\"@id\":\"https:\/\/bonjourbarcelone.fr\/danse-sardane\/#breadcrumb\"},\"inLanguage\":\"es\",\"potentialAction\":[{\"@type\":\"ReadAction\",\"target\":[\"https:\/\/bonjourbarcelone.fr\/danse-sardane\/\"]}]},{\"@type\":\"ImageObject\",\"inLanguage\":\"es\",\"@id\":\"https:\/\/bonjourbarcelone.fr\/danse-sardane\/#primaryimage\",\"url\":\"https:\/\/bonjourbarcelone.fr\/wp-content\/uploads\/2019\/06\/2009_Barcelona_Sardana_Volkstanz.jpg\",\"contentUrl\":\"https:\/\/bonjourbarcelone.fr\/wp-content\/uploads\/2019\/06\/2009_Barcelona_Sardana_Volkstanz.jpg\",\"width\":640,\"height\":426},{\"@type\":\"BreadcrumbList\",\"@id\":\"https:\/\/bonjourbarcelone.fr\/danse-sardane\/#breadcrumb\",\"itemListElement\":[{\"@type\":\"ListItem\",\"position\":1,\"name\":\"Accueil\",\"item\":\"https:\/\/bonjourbarcelone.fr\/\"},{\"@type\":\"ListItem\",\"position\":2,\"name\":\"La danse Sardane: l&rsquo;incontournable du folklore catalan\"}]},{\"@type\":\"WebSite\",\"@id\":\"https:\/\/bonjourbarcelone.fr\/#website\",\"url\":\"https:\/\/bonjourbarcelone.fr\/\",\"name\":\"Visiter Barcelone\",\"description\":\"Tout pour passer un s\u00e9jour inoubliable en 2026 !\",\"potentialAction\":[{\"@type\":\"SearchAction\",\"target\":{\"@type\":\"EntryPoint\",\"urlTemplate\":\"https:\/\/bonjourbarcelone.fr\/?s={search_term_string}\"},\"query-input\":{\"@type\":\"PropertyValueSpecification\",\"valueRequired\":true,\"valueName\":\"search_term_string\"}}],\"inLanguage\":\"es\"},{\"@type\":\"Person\",\"@id\":\"https:\/\/bonjourbarcelone.fr\/#\/schema\/person\/0bda2897d0b8e0150a7ece6f930ff5e5\",\"name\":\"Thibaut\",\"image\":{\"@type\":\"ImageObject\",\"inLanguage\":\"es\",\"@id\":\"https:\/\/bonjourbarcelone.fr\/#\/schema\/person\/image\/\",\"url\":\"https:\/\/secure.gravatar.com\/avatar\/436636a11d7c80b948817b5a66d82f9305017ea4c84ab9a676db1d62ccc2c25d?s=96&r=g\",\"contentUrl\":\"https:\/\/secure.gravatar.com\/avatar\/436636a11d7c80b948817b5a66d82f9305017ea4c84ab9a676db1d62ccc2c25d?s=96&r=g\",\"caption\":\"Thibaut\"},\"description\":\"J'aide les voyageurs \u00e0 mieux visiter la ville de Barcelone avec un contenu \u00e9crit et actualis\u00e9 par des experts locaux pour vivre la meilleure exp\u00e9rience possible ! Notre agence de voyage propose \u00e9galement des visites guid\u00e9es en fran\u00e7ais.\"}]}<\/script>\n<!-- \/ Yoast SEO plugin. -->","yoast_head_json":{"title":"La danza de la sardana: parte esencial del folclore catal\u00e1n","robots":{"index":"index","follow":"follow","max-snippet":"max-snippet:-1","max-image-preview":"max-image-preview:large","max-video-preview":"max-video-preview:-1"},"canonical":"https:\/\/bonjourbarcelone.fr\/es\/danza-sardana\/","og_locale":"es_ES","og_type":"article","og_title":"La danse Sardane: l'incontournable du folklore catalan","og_description":"Qu\u2019est-ce que la Sardane ?En quelques mots\u2026 La danse sardane est une danse folklorique que l\u2019on retrouve dans toute la Catalogne, donc du c\u00f4t\u00e9 espagnol mais aussi fran\u00e7ais. Il s\u2019agit d\u2019une danse qui alterne des pas courts et des pas longs et que l\u2019on danse en cercle. Sans doute, si vous avez d\u00e9j\u00e0 visit\u00e9 Barcelone, [&hellip;]","og_url":"https:\/\/bonjourbarcelone.fr\/es\/danza-sardana\/","og_site_name":"Visiter Barcelone","article_published_time":"2019-06-08T14:17:14+00:00","article_modified_time":"2022-10-31T14:13:53+00:00","og_image":[{"width":640,"height":426,"url":"https:\/\/bonjourbarcelone.fr\/wp-content\/uploads\/2019\/06\/2009_Barcelona_Sardana_Volkstanz.jpg","type":"image\/jpeg"}],"author":"Thibaut","twitter_card":"summary_large_image","twitter_misc":{"Escrito por":"Thibaut","Tiempo de lectura":"8 minutos"},"schema":{"@context":"https:\/\/schema.org","@graph":[{"@type":"WebPage","@id":"https:\/\/bonjourbarcelone.fr\/danse-sardane\/","url":"https:\/\/bonjourbarcelone.fr\/danse-sardane\/","name":"La danza de la sardana: parte esencial del folclore catal\u00e1n","isPartOf":{"@id":"https:\/\/bonjourbarcelone.fr\/#website"},"primaryImageOfPage":{"@id":"https:\/\/bonjourbarcelone.fr\/danse-sardane\/#primaryimage"},"image":{"@id":"https:\/\/bonjourbarcelone.fr\/danse-sardane\/#primaryimage"},"thumbnailUrl":"https:\/\/bonjourbarcelone.fr\/wp-content\/uploads\/2019\/06\/2009_Barcelona_Sardana_Volkstanz.jpg","datePublished":"2019-06-08T14:17:14+00:00","dateModified":"2022-10-31T14:13:53+00:00","author":{"@id":"https:\/\/bonjourbarcelone.fr\/#\/schema\/person\/0bda2897d0b8e0150a7ece6f930ff5e5"},"breadcrumb":{"@id":"https:\/\/bonjourbarcelone.fr\/danse-sardane\/#breadcrumb"},"inLanguage":"es","potentialAction":[{"@type":"ReadAction","target":["https:\/\/bonjourbarcelone.fr\/danse-sardane\/"]}]},{"@type":"ImageObject","inLanguage":"es","@id":"https:\/\/bonjourbarcelone.fr\/danse-sardane\/#primaryimage","url":"https:\/\/bonjourbarcelone.fr\/wp-content\/uploads\/2019\/06\/2009_Barcelona_Sardana_Volkstanz.jpg","contentUrl":"https:\/\/bonjourbarcelone.fr\/wp-content\/uploads\/2019\/06\/2009_Barcelona_Sardana_Volkstanz.jpg","width":640,"height":426},{"@type":"BreadcrumbList","@id":"https:\/\/bonjourbarcelone.fr\/danse-sardane\/#breadcrumb","itemListElement":[{"@type":"ListItem","position":1,"name":"Accueil","item":"https:\/\/bonjourbarcelone.fr\/"},{"@type":"ListItem","position":2,"name":"La danse Sardane: l&rsquo;incontournable du folklore catalan"}]},{"@type":"WebSite","@id":"https:\/\/bonjourbarcelone.fr\/#website","url":"https:\/\/bonjourbarcelone.fr\/","name":"Visitar Barcelona","description":"Tout pour passer un s\u00e9jour inoubliable en 2026 !","potentialAction":[{"@type":"SearchAction","target":{"@type":"EntryPoint","urlTemplate":"https:\/\/bonjourbarcelone.fr\/?s={search_term_string}"},"query-input":{"@type":"PropertyValueSpecification","valueRequired":true,"valueName":"search_term_string"}}],"inLanguage":"es"},{"@type":"Person","@id":"https:\/\/bonjourbarcelone.fr\/#\/schema\/person\/0bda2897d0b8e0150a7ece6f930ff5e5","name":"Thibaut","image":{"@type":"ImageObject","inLanguage":"es","@id":"https:\/\/bonjourbarcelone.fr\/#\/schema\/person\/image\/","url":"https:\/\/secure.gravatar.com\/avatar\/436636a11d7c80b948817b5a66d82f9305017ea4c84ab9a676db1d62ccc2c25d?s=96&r=g","contentUrl":"https:\/\/secure.gravatar.com\/avatar\/436636a11d7c80b948817b5a66d82f9305017ea4c84ab9a676db1d62ccc2c25d?s=96&r=g","caption":"Thibaut"},"description":"Ayudo a los viajeros a aprovechar al m\u00e1ximo su visita a Barcelona con contenidos escritos y actualizados por expertos locales para garantizar la mejor experiencia posible. Nuestra agencia de viajes tambi\u00e9n ofrece visitas guiadas en franc\u00e9s."}]}},"_links":{"self":[{"href":"https:\/\/bonjourbarcelone.fr\/es\/wp-json\/wp\/v2\/posts\/1641","targetHints":{"allow":["GET"]}}],"collection":[{"href":"https:\/\/bonjourbarcelone.fr\/es\/wp-json\/wp\/v2\/posts"}],"about":[{"href":"https:\/\/bonjourbarcelone.fr\/es\/wp-json\/wp\/v2\/types\/post"}],"author":[{"embeddable":true,"href":"https:\/\/bonjourbarcelone.fr\/es\/wp-json\/wp\/v2\/users\/2"}],"replies":[{"embeddable":true,"href":"https:\/\/bonjourbarcelone.fr\/es\/wp-json\/wp\/v2\/comments?post=1641"}],"version-history":[{"count":0,"href":"https:\/\/bonjourbarcelone.fr\/es\/wp-json\/wp\/v2\/posts\/1641\/revisions"}],"wp:featuredmedia":[{"embeddable":true,"href":"https:\/\/bonjourbarcelone.fr\/es\/wp-json\/wp\/v2\/media\/1642"}],"wp:attachment":[{"href":"https:\/\/bonjourbarcelone.fr\/es\/wp-json\/wp\/v2\/media?parent=1641"}],"wp:term":[{"taxonomy":"category","embeddable":true,"href":"https:\/\/bonjourbarcelone.fr\/es\/wp-json\/wp\/v2\/categories?post=1641"},{"taxonomy":"post_tag","embeddable":true,"href":"https:\/\/bonjourbarcelone.fr\/es\/wp-json\/wp\/v2\/tags?post=1641"}],"curies":[{"name":"wp","href":"https:\/\/api.w.org\/{rel}","templated":true}]}}