{"id":2194,"date":"2023-02-13T17:19:18","date_gmt":"2023-02-13T17:19:18","guid":{"rendered":"https:\/\/bonjourbarcelone.fr\/?p=2194"},"modified":"2023-12-16T15:00:21","modified_gmt":"2023-12-16T15:00:21","slug":"palacio-guell","status":"publish","type":"post","link":"https:\/\/bonjourbarcelone.fr\/es\/palacio-guell\/","title":{"rendered":"Palacio G\u00fcell: una peque\u00f1a joya en el coraz\u00f3n de Barcelona"},"content":{"rendered":"<p>Le <strong>Palacio G\u00fcell<\/strong> es un edificio modernista catal\u00e1n dise\u00f1ado por Antoni Gaud\u00ed como residencia para Eusebi G\u00fcell y su familia.<\/p>\n<p>Construido entre 1886 y 1890, el palacio est\u00e1 situado en el <a href=\"https:\/\/bonjourbarcelone.fr\/es\/el-raval-barcelona\/\">El Raval<\/a>en el <a href=\"https:\/\/bonjourbarcelone.fr\/es\/centro-historico-de-barcelona\/\">Centro hist\u00f3rico de Barcelona<\/a>.<\/p>\n<p>Descubr\u00e1moslo juntos.<\/p>\n<h2 class=\"summary-title\">Palais G\u00fcell: resumen del art\u00edculo<\/h2>\n<div class=\"summary-box\">\n<ul class=\"summary-list\">\n<li><a href=\"#_Toc127131947\">Breve historia del Palau G\u00fcell<\/a><\/li>\n<li><a href=\"#_Toc127131948\">\u00bfCu\u00e1l es el horario de apertura?<\/a><\/li>\n<li><a href=\"#_Toc127131949\">\u00bfCu\u00e1nto cuesta el billete?<\/a><\/li>\n<li><a href=\"#_Toc127131950\">\u00bfQu\u00e9 se puede ver en el Palacio G\u00fcell?<\/a><\/li>\n<\/ul>\n<\/div>\n<h2><a name=\"_Toc127131947\"><\/a><strong>Breve historia del Palau G\u00fcell<\/strong><\/h2>\n<p>Eusebi G\u00fcell ya pose\u00eda otra propiedad en <a href=\"https:\/\/bonjourbarcelone.fr\/es\/las-ramblas-barcelona\/\">Las Ramblas<\/a> cuando cobr\u00f3 <a href=\"https:\/\/bonjourbarcelone.fr\/es\/gaudi-barcelona\/\">Antoni Gaud\u00ed<\/a> para dise\u00f1ar el Palau G\u00fcell. Es decir, esta casa solariega empez\u00f3 siendo una ampliaci\u00f3n de aquella primera casa y, como tal, el joven arquitecto <strong>incluye un pasillo acristalado que une los dos edificios<\/strong> que a\u00fan hoy puede visitarse en la planta baja.<\/p>\n<p>Antoni Gaud\u00ed pas\u00f3 alrededor de <strong>cuatro a\u00f1os para terminar el Palacio G\u00fcell<\/strong>. Los espacios interiores son armoniosos, equilibrados y sim\u00e9tricos.<\/p>\n<p>Pero el principal legado de este palacio burgu\u00e9s fueron las soluciones arquitect\u00f3nicas y decorativas ideadas por el arquitecto catal\u00e1n, que sirvieron de ensayo para sus futuras obras maestras (como el <a href=\"https:\/\/bonjourbarcelone.fr\/es\/parc-guell-barcelona\/\">Parque G\u00fcell<\/a>el <a href=\"https:\/\/bonjourbarcelone.fr\/es\/casa-batllo-barcelona\/\">Casa Batll\u00f3<\/a>el <a href=\"https:\/\/bonjourbarcelone.fr\/es\/casa-mila-barcelona-pedrera\/\">Casa Mil\u00e0<\/a>la cripta de <a href=\"https:\/\/bonjourbarcelone.fr\/es\/colonia-guell\/\">Colonia G\u00fcell<\/a>y la Bas\u00edlica de <a href=\"https:\/\/bonjourbarcelone.fr\/es\/sagrada-familia-interior-entradas\/\">Sagrada Familia<\/a>).<\/p>\n<p><a href=\"https:\/\/bonjourbarcelone.fr\/wp-content\/uploads\/2023\/02\/palais-guell.jpg\"><img decoding=\"async\" class=\"alignnone size-full wp-image-2195\" src=\"https:\/\/bonjourbarcelone.fr\/wp-content\/uploads\/2023\/02\/palais-guell.jpg\" alt=\"palacio guell\" width=\"1021\" height=\"679\" srcset=\"https:\/\/bonjourbarcelone.fr\/wp-content\/uploads\/2023\/02\/palais-guell.jpg 1021w, https:\/\/bonjourbarcelone.fr\/wp-content\/uploads\/2023\/02\/palais-guell-300x200.jpg 300w, https:\/\/bonjourbarcelone.fr\/wp-content\/uploads\/2023\/02\/palais-guell-768x511.jpg 768w\" sizes=\"(max-width: 1021px) 100vw, 1021px\" \/><\/a><\/p>\n<h2><a name=\"_Toc127131948\"><\/a><strong>\u00bfCu\u00e1l es el horario de apertura?<\/strong><\/h2>\n<p>Apertura del Palacio G\u00fcell :<\/p>\n<ul>\n<li>De martes a domingo <strong>De 10.00 a 17.30 h (del 1 de octubre al 31 de marzo)<\/strong><\/li>\n<li><strong>De 10.00 a 20.00 horas (del 1 de abril al 30 de septiembre)<\/strong><\/li>\n<\/ul>\n<p>Cierre de taquillas <strong>a las 16.30 y a las 19.00 horas<\/strong>.<\/p>\n<h2><a name=\"_Toc127131949\"><\/a><strong>\u00bfCu\u00e1nto cuesta el billete?<\/strong><\/h2>\n<p>Costes de admisi\u00f3n :<\/p>\n<ul>\n<li><strong>12\u00a0\u20ac<\/strong> para adultos<\/li>\n<li><strong>9\u00a0\u20ac<\/strong> para estudiantes mayores de 18 a\u00f1os<\/li>\n<li><strong>5\u00a0\u20ac<\/strong> para ni\u00f1os y j\u00f3venes de 10 a 17 a\u00f1os<\/li>\n<\/ul>\n<h2><a name=\"_Toc127131950\"><\/a><strong>\u00bfQu\u00e9 se puede ver en el Palacio G\u00fcell?<\/strong><\/h2>\n<p>Hay much\u00edsimo que ver en el Palau G\u00fcell de Barcelona. Como el recinto es enorme, te voy a contar lo principal que ver durante tu visita.<\/p>\n<h3><strong>La fachada principal<\/strong><\/h3>\n<p>La fachada principal del Palacio G\u00fcell est\u00e1 marcada por los dos arcos parab\u00f3licos del centro, que albergan <strong>grandes puertas de hierro forjado<\/strong>.<\/p>\n<p>De hecho, el hierro forjado es el material decorativo que m\u00e1s destaca aqu\u00ed. Aparte de eso, la estructura se ha <strong>construido casi exclusivamente con piedra caliza del Mass\u00eds del Garraf.<\/strong><\/p>\n<p>Un detalle muy curioso de la fachada principal del Palacio G\u00fcell es el escudo de Catalu\u00f1a, instalado entre las puertas de entrada. Tambi\u00e9n de hierro forjado, est\u00e1 coronado por un ave f\u00e9nix, s\u00edmbolo de la Renaixen\u00e7a (movimiento literario y cultural catal\u00e1n del siglo XIX).<\/p>\n<h3><strong>Palacio G\u00fcell: las caballerizas y el patio <\/strong><\/h3>\n<p>El s\u00f3tano del Palacio G\u00fcell se utilizaba como establo, con acceso a trav\u00e9s de dos rampas diferentes: una rampa en espiral de suave pendiente por la que sub\u00edan y bajaban los caballos; y una rampa en espiral m\u00e1s empinada utilizada por los sirvientes del palacio.<\/p>\n<p>Sin embargo, lo m\u00e1s llamativo de este espacio son los gruesos pilares de ladrillo con capiteles en forma de seta, <strong>que soportan gran parte del peso del edificio<\/strong>. Tambi\u00e9n hay un peque\u00f1o patio en el s\u00f3tano, que proporciona ventilaci\u00f3n y luz al establo y serv\u00eda para recoger el agua de lluvia.<\/p>\n<h3><strong>La antesala <\/strong><\/h3>\n<p>La primera estancia de la planta baja del Palacio G\u00fcell es, por supuesto, la antesala. Y, aunque la entrada no es exactamente la estancia m\u00e1s importante de una casa, s\u00ed es la estancia m\u00e1s importante de la casa, <a href=\"https:\/\/bonjourbarcelone.fr\/es\/gaudi-barcelona\/\">Antoni Gaud\u00ed<\/a> no ha descuidado su decoraci\u00f3n, incorporando una gran variedad de materiales (m\u00e1rmol, hierro, cristal, lat\u00f3n, madera, etc.).<\/p>\n<h3><strong>Palacio G\u00fcell: el vest\u00edbulo central<\/strong><\/h3>\n<p>Con m\u00e1s de 80 metros cuadrados y 17 metros de altura, el vest\u00edbulo central es el \"coraz\u00f3n\" del Palau G\u00fcell. Cuando la familia G\u00fcell viv\u00eda en la mansi\u00f3n, esta gran sala se utilizaba para todo tipo de actos sociales y culturales, por lo que Antoni Gaud\u00ed <strong>lo equip\u00f3 con una capilla y una consola de \u00f3rgano.<\/strong><\/p>\n<p>La c\u00fapula parab\u00f3lica que corona el vest\u00edbulo central es una de las ideas m\u00e1s brillantes del arquitecto catal\u00e1n. Sostenida por cuatro arcos parab\u00f3licos, la c\u00fapula est\u00e1 cubierta por piezas hexagonales de alabastro calado, que permiten el paso de la luz natural. <strong>para simular un cielo estrellado<\/strong><\/p>\n<h3><strong>La terraza orientada al sur y la fachada trasera <\/strong><\/h3>\n<p>La terraza orientada al sur se encuentra en la parte trasera del Palacio G\u00fcell. Es accesible desde el comedor, la sala de billar y el pasillo.<\/p>\n<p>Las vistas que se tienen de este espacio son las tres calles: Carrer de Lancaster, Carrer Nou y<a href=\"https:\/\/bonjourbarcelone.fr\/es\/las-ramblas-barcelona\/\"> Las Ramblas.<\/a><\/p>\n<p>A pesar de ello, el elemento m\u00e1s relevante de este patio es <strong>el mirador de hierro forjado.<\/strong><\/p>\n<p>La fachada posterior se completa con un balc\u00f3n en el piso superior, que comunica el dormitorio de Eusebi G\u00fcell con el de Isabel L\u00f3pez .<\/p>\n<p>Visitar el Palau G\u00fcell de Barcelona es toda una experiencia. Descubrir\u00e1 la magn\u00edfica obra de Gaud\u00ed y <strong>Lo pasar\u00e1 en grande en este lugar cargado de historia.<\/strong><\/p>","protected":false},"excerpt":{"rendered":"<p>Le palais G\u00fcell est un b\u00e2timent de style moderniste catalan con\u00e7u par Antoni Gaud\u00ed pour servir de r\u00e9sidence \u00e0 Eusebi G\u00fcell et \u00e0 sa famille. Construit entre 1886 et 1890, le palais se situe dans le quartier El Raval, dans le centre historique de Barcelone. Partons ensemble \u00e0 sa d\u00e9couverte. Palais G\u00fcell : sommaire de [&hellip;]<\/p>","protected":false},"author":2,"featured_media":2195,"comment_status":"open","ping_status":"open","sticky":false,"template":"","format":"standard","meta":{"om_disable_all_campaigns":false,"_genesis_hide_title":false,"_genesis_hide_breadcrumbs":false,"_genesis_hide_singular_image":false,"_genesis_hide_footer_widgets":false,"_genesis_custom_body_class":"","_genesis_custom_post_class":"","_genesis_layout":"","footnotes":""},"categories":[3],"tags":[],"class_list":{"0":"post-2194","1":"post","2":"type-post","3":"status-publish","4":"format-standard","5":"has-post-thumbnail","7":"category-barcelone","8":"entry"},"yoast_head":"<!-- This site is optimized with the Yoast SEO plugin v26.5 - https:\/\/yoast.com\/wordpress\/plugins\/seo\/ -->\n<title>Palais G\u00fcell : un petit bijou au c\u0153ur de Barcelone<\/title>\n<meta name=\"description\" content=\"Le palais G\u00fcell est un lieu que vous ne devez pas rater lors de votre passage \u00e0 Barcelone. Je vous en parle en d\u00e9tail dans cet article.\" \/>\n<meta name=\"robots\" content=\"index, follow, max-snippet:-1, max-image-preview:large, max-video-preview:-1\" \/>\n<link rel=\"canonical\" href=\"https:\/\/bonjourbarcelone.fr\/es\/palacio-guell\/\" \/>\n<meta property=\"og:locale\" content=\"es_ES\" \/>\n<meta property=\"og:type\" content=\"article\" \/>\n<meta property=\"og:title\" content=\"Palais G\u00fcell : un petit bijou au c\u0153ur de Barcelone\" \/>\n<meta property=\"og:description\" content=\"Le palais G\u00fcell est un lieu que vous ne devez pas rater lors de votre passage \u00e0 Barcelone. Je vous en parle en d\u00e9tail dans cet article.\" \/>\n<meta property=\"og:url\" content=\"https:\/\/bonjourbarcelone.fr\/es\/palacio-guell\/\" \/>\n<meta property=\"og:site_name\" content=\"Visiter Barcelone\" \/>\n<meta property=\"article:published_time\" content=\"2023-02-13T17:19:18+00:00\" \/>\n<meta property=\"article:modified_time\" content=\"2023-12-16T15:00:21+00:00\" \/>\n<meta property=\"og:image\" content=\"https:\/\/bonjourbarcelone.fr\/wp-content\/uploads\/2023\/02\/palais-guell.jpg\" \/>\n\t<meta property=\"og:image:width\" content=\"1021\" \/>\n\t<meta property=\"og:image:height\" content=\"679\" \/>\n\t<meta property=\"og:image:type\" content=\"image\/jpeg\" \/>\n<meta name=\"author\" content=\"Thibaut\" \/>\n<meta name=\"twitter:card\" content=\"summary_large_image\" \/>\n<meta name=\"twitter:label1\" content=\"Escrito por\" \/>\n\t<meta name=\"twitter:data1\" content=\"Thibaut\" \/>\n\t<meta name=\"twitter:label2\" content=\"Tiempo de lectura\" \/>\n\t<meta name=\"twitter:data2\" content=\"5 minutos\" \/>\n<script type=\"application\/ld+json\" class=\"yoast-schema-graph\">{\"@context\":\"https:\/\/schema.org\",\"@graph\":[{\"@type\":\"WebPage\",\"@id\":\"https:\/\/bonjourbarcelone.fr\/palais-guell\/\",\"url\":\"https:\/\/bonjourbarcelone.fr\/palais-guell\/\",\"name\":\"Palais G\u00fcell : un petit bijou au c\u0153ur de Barcelone\",\"isPartOf\":{\"@id\":\"https:\/\/bonjourbarcelone.fr\/#website\"},\"primaryImageOfPage\":{\"@id\":\"https:\/\/bonjourbarcelone.fr\/palais-guell\/#primaryimage\"},\"image\":{\"@id\":\"https:\/\/bonjourbarcelone.fr\/palais-guell\/#primaryimage\"},\"thumbnailUrl\":\"https:\/\/bonjourbarcelone.fr\/wp-content\/uploads\/2023\/02\/palais-guell.jpg\",\"datePublished\":\"2023-02-13T17:19:18+00:00\",\"dateModified\":\"2023-12-16T15:00:21+00:00\",\"author\":{\"@id\":\"https:\/\/bonjourbarcelone.fr\/#\/schema\/person\/0bda2897d0b8e0150a7ece6f930ff5e5\"},\"description\":\"Le palais G\u00fcell est un lieu que vous ne devez pas rater lors de votre passage \u00e0 Barcelone. Je vous en parle en d\u00e9tail dans cet article.\",\"breadcrumb\":{\"@id\":\"https:\/\/bonjourbarcelone.fr\/palais-guell\/#breadcrumb\"},\"inLanguage\":\"es\",\"potentialAction\":[{\"@type\":\"ReadAction\",\"target\":[\"https:\/\/bonjourbarcelone.fr\/palais-guell\/\"]}]},{\"@type\":\"ImageObject\",\"inLanguage\":\"es\",\"@id\":\"https:\/\/bonjourbarcelone.fr\/palais-guell\/#primaryimage\",\"url\":\"https:\/\/bonjourbarcelone.fr\/wp-content\/uploads\/2023\/02\/palais-guell.jpg\",\"contentUrl\":\"https:\/\/bonjourbarcelone.fr\/wp-content\/uploads\/2023\/02\/palais-guell.jpg\",\"width\":1021,\"height\":679,\"caption\":\"palais guell\"},{\"@type\":\"BreadcrumbList\",\"@id\":\"https:\/\/bonjourbarcelone.fr\/palais-guell\/#breadcrumb\",\"itemListElement\":[{\"@type\":\"ListItem\",\"position\":1,\"name\":\"Accueil\",\"item\":\"https:\/\/bonjourbarcelone.fr\/\"},{\"@type\":\"ListItem\",\"position\":2,\"name\":\"Palais G\u00fcell : un petit bijou au c\u0153ur de Barcelone\"}]},{\"@type\":\"WebSite\",\"@id\":\"https:\/\/bonjourbarcelone.fr\/#website\",\"url\":\"https:\/\/bonjourbarcelone.fr\/\",\"name\":\"Visiter Barcelone\",\"description\":\"Tout pour passer un s\u00e9jour inoubliable en 2026 !\",\"potentialAction\":[{\"@type\":\"SearchAction\",\"target\":{\"@type\":\"EntryPoint\",\"urlTemplate\":\"https:\/\/bonjourbarcelone.fr\/?s={search_term_string}\"},\"query-input\":{\"@type\":\"PropertyValueSpecification\",\"valueRequired\":true,\"valueName\":\"search_term_string\"}}],\"inLanguage\":\"es\"},{\"@type\":\"Person\",\"@id\":\"https:\/\/bonjourbarcelone.fr\/#\/schema\/person\/0bda2897d0b8e0150a7ece6f930ff5e5\",\"name\":\"Thibaut\",\"image\":{\"@type\":\"ImageObject\",\"inLanguage\":\"es\",\"@id\":\"https:\/\/bonjourbarcelone.fr\/#\/schema\/person\/image\/\",\"url\":\"https:\/\/secure.gravatar.com\/avatar\/436636a11d7c80b948817b5a66d82f9305017ea4c84ab9a676db1d62ccc2c25d?s=96&r=g\",\"contentUrl\":\"https:\/\/secure.gravatar.com\/avatar\/436636a11d7c80b948817b5a66d82f9305017ea4c84ab9a676db1d62ccc2c25d?s=96&r=g\",\"caption\":\"Thibaut\"},\"description\":\"J'aide les voyageurs \u00e0 mieux visiter la ville de Barcelone avec un contenu \u00e9crit et actualis\u00e9 par des experts locaux pour vivre la meilleure exp\u00e9rience possible ! Notre agence de voyage propose \u00e9galement des visites guid\u00e9es en fran\u00e7ais.\"}]}<\/script>\n<!-- \/ Yoast SEO plugin. -->","yoast_head_json":{"title":"Palacio G\u00fcell: una peque\u00f1a joya en el coraz\u00f3n de Barcelona","description":"El Palau G\u00fcell es una visita obligada en Barcelona. Te lo cuento todo en este art\u00edculo.","robots":{"index":"index","follow":"follow","max-snippet":"max-snippet:-1","max-image-preview":"max-image-preview:large","max-video-preview":"max-video-preview:-1"},"canonical":"https:\/\/bonjourbarcelone.fr\/es\/palacio-guell\/","og_locale":"es_ES","og_type":"article","og_title":"Palais G\u00fcell : un petit bijou au c\u0153ur de Barcelone","og_description":"Le palais G\u00fcell est un lieu que vous ne devez pas rater lors de votre passage \u00e0 Barcelone. Je vous en parle en d\u00e9tail dans cet article.","og_url":"https:\/\/bonjourbarcelone.fr\/es\/palacio-guell\/","og_site_name":"Visiter Barcelone","article_published_time":"2023-02-13T17:19:18+00:00","article_modified_time":"2023-12-16T15:00:21+00:00","og_image":[{"width":1021,"height":679,"url":"https:\/\/bonjourbarcelone.fr\/wp-content\/uploads\/2023\/02\/palais-guell.jpg","type":"image\/jpeg"}],"author":"Thibaut","twitter_card":"summary_large_image","twitter_misc":{"Escrito por":"Thibaut","Tiempo de lectura":"5 minutos"},"schema":{"@context":"https:\/\/schema.org","@graph":[{"@type":"WebPage","@id":"https:\/\/bonjourbarcelone.fr\/palais-guell\/","url":"https:\/\/bonjourbarcelone.fr\/palais-guell\/","name":"Palacio G\u00fcell: una peque\u00f1a joya en el coraz\u00f3n de Barcelona","isPartOf":{"@id":"https:\/\/bonjourbarcelone.fr\/#website"},"primaryImageOfPage":{"@id":"https:\/\/bonjourbarcelone.fr\/palais-guell\/#primaryimage"},"image":{"@id":"https:\/\/bonjourbarcelone.fr\/palais-guell\/#primaryimage"},"thumbnailUrl":"https:\/\/bonjourbarcelone.fr\/wp-content\/uploads\/2023\/02\/palais-guell.jpg","datePublished":"2023-02-13T17:19:18+00:00","dateModified":"2023-12-16T15:00:21+00:00","author":{"@id":"https:\/\/bonjourbarcelone.fr\/#\/schema\/person\/0bda2897d0b8e0150a7ece6f930ff5e5"},"description":"El Palau G\u00fcell es una visita obligada en Barcelona. Te lo cuento todo en este art\u00edculo.","breadcrumb":{"@id":"https:\/\/bonjourbarcelone.fr\/palais-guell\/#breadcrumb"},"inLanguage":"es","potentialAction":[{"@type":"ReadAction","target":["https:\/\/bonjourbarcelone.fr\/palais-guell\/"]}]},{"@type":"ImageObject","inLanguage":"es","@id":"https:\/\/bonjourbarcelone.fr\/palais-guell\/#primaryimage","url":"https:\/\/bonjourbarcelone.fr\/wp-content\/uploads\/2023\/02\/palais-guell.jpg","contentUrl":"https:\/\/bonjourbarcelone.fr\/wp-content\/uploads\/2023\/02\/palais-guell.jpg","width":1021,"height":679,"caption":"palais guell"},{"@type":"BreadcrumbList","@id":"https:\/\/bonjourbarcelone.fr\/palais-guell\/#breadcrumb","itemListElement":[{"@type":"ListItem","position":1,"name":"Accueil","item":"https:\/\/bonjourbarcelone.fr\/"},{"@type":"ListItem","position":2,"name":"Palais G\u00fcell : un petit bijou au c\u0153ur de Barcelone"}]},{"@type":"WebSite","@id":"https:\/\/bonjourbarcelone.fr\/#website","url":"https:\/\/bonjourbarcelone.fr\/","name":"Visitar Barcelona","description":"Tout pour passer un s\u00e9jour inoubliable en 2026 !","potentialAction":[{"@type":"SearchAction","target":{"@type":"EntryPoint","urlTemplate":"https:\/\/bonjourbarcelone.fr\/?s={search_term_string}"},"query-input":{"@type":"PropertyValueSpecification","valueRequired":true,"valueName":"search_term_string"}}],"inLanguage":"es"},{"@type":"Person","@id":"https:\/\/bonjourbarcelone.fr\/#\/schema\/person\/0bda2897d0b8e0150a7ece6f930ff5e5","name":"Thibaut","image":{"@type":"ImageObject","inLanguage":"es","@id":"https:\/\/bonjourbarcelone.fr\/#\/schema\/person\/image\/","url":"https:\/\/secure.gravatar.com\/avatar\/436636a11d7c80b948817b5a66d82f9305017ea4c84ab9a676db1d62ccc2c25d?s=96&r=g","contentUrl":"https:\/\/secure.gravatar.com\/avatar\/436636a11d7c80b948817b5a66d82f9305017ea4c84ab9a676db1d62ccc2c25d?s=96&r=g","caption":"Thibaut"},"description":"Ayudo a los viajeros a aprovechar al m\u00e1ximo su visita a Barcelona con contenidos escritos y actualizados por expertos locales para garantizar la mejor experiencia posible. Nuestra agencia de viajes tambi\u00e9n ofrece visitas guiadas en franc\u00e9s."}]}},"_links":{"self":[{"href":"https:\/\/bonjourbarcelone.fr\/es\/wp-json\/wp\/v2\/posts\/2194","targetHints":{"allow":["GET"]}}],"collection":[{"href":"https:\/\/bonjourbarcelone.fr\/es\/wp-json\/wp\/v2\/posts"}],"about":[{"href":"https:\/\/bonjourbarcelone.fr\/es\/wp-json\/wp\/v2\/types\/post"}],"author":[{"embeddable":true,"href":"https:\/\/bonjourbarcelone.fr\/es\/wp-json\/wp\/v2\/users\/2"}],"replies":[{"embeddable":true,"href":"https:\/\/bonjourbarcelone.fr\/es\/wp-json\/wp\/v2\/comments?post=2194"}],"version-history":[{"count":2,"href":"https:\/\/bonjourbarcelone.fr\/es\/wp-json\/wp\/v2\/posts\/2194\/revisions"}],"predecessor-version":[{"id":2940,"href":"https:\/\/bonjourbarcelone.fr\/es\/wp-json\/wp\/v2\/posts\/2194\/revisions\/2940"}],"wp:featuredmedia":[{"embeddable":true,"href":"https:\/\/bonjourbarcelone.fr\/es\/wp-json\/wp\/v2\/media\/2195"}],"wp:attachment":[{"href":"https:\/\/bonjourbarcelone.fr\/es\/wp-json\/wp\/v2\/media?parent=2194"}],"wp:term":[{"taxonomy":"category","embeddable":true,"href":"https:\/\/bonjourbarcelone.fr\/es\/wp-json\/wp\/v2\/categories?post=2194"},{"taxonomy":"post_tag","embeddable":true,"href":"https:\/\/bonjourbarcelone.fr\/es\/wp-json\/wp\/v2\/tags?post=2194"}],"curies":[{"name":"wp","href":"https:\/\/api.w.org\/{rel}","templated":true}]}}