{"id":2474,"date":"2023-04-14T14:34:57","date_gmt":"2023-04-14T14:34:57","guid":{"rendered":"https:\/\/bonjourbarcelone.fr\/?p=2474"},"modified":"2023-12-16T14:59:13","modified_gmt":"2023-12-16T14:59:13","slug":"parque-natural-de-montseny","status":"publish","type":"post","link":"https:\/\/bonjourbarcelone.fr\/es\/parque-natural-de-montseny\/","title":{"rendered":"Parque Natural del Montseny: \u00bfqu\u00e9 se puede ver aqu\u00ed?"},"content":{"rendered":"<p>Si quiere salir por la zona de Barcelona, le aconsejo que vaya a <strong>Parque Natural del Montseny<\/strong>.<\/p>\n<p>Es uno de los pulmones de Catalu\u00f1a.<\/p>\n<p>Hoy les llevo de paseo por los bosques de esta regi\u00f3n.<\/p>\n<h2 class=\"summary-title\">Parque Natural del Montseny: resumen del art\u00edculo<\/h2>\n<div class=\"summary-box\">\n<ul class=\"summary-list\">\n<li><a href=\"#_Toc132229071\">El Parque Natural del Montseny de un vistazo<\/a><\/li>\n<li><a href=\"#_Toc132229072\">\u00bfQu\u00e9 tiempo hace en el Montseny?<\/a><\/li>\n<li><a href=\"#_Toc132229073\">Algunos datos hist\u00f3ricos sobre el Montseny<\/a><\/li>\n<li><a href=\"#_Toc132229074\">\u00bfQu\u00e9 fauna puedes encontrar en el Parque Natural del Montseny?<\/a><\/li>\n<\/ul>\n<\/div>\n<h2><a name=\"_Toc132229071\"><\/a><strong>El Parque Natural del Montseny de un vistazo<\/strong><\/h2>\n<p>El Parque Natural del Montseny est\u00e1 situado en la cordillera prelitoral catalana. Tiene una superficie de 31.063 hect\u00e1reas y est\u00e1 situado en <strong>A 50 km de Barcelona y 25 km de <a href=\"https:\/\/bonjourbarcelone.fr\/es\/costa-brava-barcelona\/\">la Costa Brava<\/a>.<\/strong><\/p>\n<p>Las cumbres de este macizo son las m\u00e1s altas de la cordillera prelitoral, y su nombre (Monte signo) se debe a que los marineros lo utilizaban como punto de referencia para regresar a Catalu\u00f1a tras sus viajes por el Mediterr\u00e1neo hace siglos.<\/p>\n<p>El macizo del Montseny es uno de los espacios protegidos m\u00e1s destacados de Catalu\u00f1a. Por eso, en 1978, la UNESCO lo design\u00f3 Patrimonio de la Humanidad. <strong>incluida en la Red Mundial de Reservas de Biosfera.<\/strong><\/p>\n<p>La silueta del Montseny comienza con elevaciones inferiores a los 200 metros en la vertiente oriental, elev\u00e1ndose hasta algo m\u00e1s de 1.700 metros. El macizo se divide en tres zonas principales:<\/p>\n<ul>\n<li>La Calma<\/li>\n<li>Matagalls<\/li>\n<li>Tur\u00f3 de l'Home<\/li>\n<\/ul>\n<h3><strong>La Calma<\/strong><\/h3>\n<p>La Calma es una gran meseta con hermosas vistas sobre el Mediterr\u00e1neo. <strong>los otros dos parques naturales prelitorales<\/strong> (Sant Lloren\u00e7 del Munt y Montserrat) y los Pirineos.<\/p>\n<h3><strong>Puerto de Sant Mar\u00e7al <\/strong><\/h3>\n<p>El puerto de Sant Mar\u00e7al se encuentra entre las comarcas del Matagalls y del Tur\u00f3 de l'Home. En el paso se encuentra la plataforma de granito de los tres obispos. Se dice que en torno a esta mesa se reun\u00edan los obispos de Barcelona, Girona y Vic. <strong>para que nadie tenga que abandonar su propia di\u00f3cesis.<\/strong><\/p>\n<h3><strong>Pico Matagalls<\/strong><\/h3>\n<p>Es la monta\u00f1a m\u00e1s hermosa, con su forma y sus bosques. Aqu\u00ed encontrar\u00e1 paz y serenidad en paseos excepcionales que no debe perderse.<\/p>\n<h3><strong>Tur\u00f3 de l'Home<\/strong><\/h3>\n<p>El Tur\u00f3 de l'Home (1.707 m), el pico m\u00e1s alto del macizo, no es muy interesante. Tiene pr\u00e1cticamente las mismas vistas que Les Agudes, pero el Tur\u00f3 de l'Home est\u00e1 arruinado. <strong>por un gran n\u00famero de antenas instaladas en la parte superior<\/strong>Tambi\u00e9n hay una estaci\u00f3n meteorol\u00f3gica. Sin embargo, si no te apetece caminar, puedes llegar a la cima en coche.<\/p>\n<p><a href=\"https:\/\/bonjourbarcelone.fr\/wp-content\/uploads\/2023\/04\/parc-naturel-de-montseny.jpg\"><img decoding=\"async\" class=\"alignnone size-large wp-image-2475\" src=\"https:\/\/bonjourbarcelone.fr\/wp-content\/uploads\/2023\/04\/parc-naturel-de-montseny-1024x768.jpg\" alt=\"parque natural de montseny\" width=\"1024\" height=\"768\" srcset=\"https:\/\/bonjourbarcelone.fr\/wp-content\/uploads\/2023\/04\/parc-naturel-de-montseny-1024x768.jpg 1024w, https:\/\/bonjourbarcelone.fr\/wp-content\/uploads\/2023\/04\/parc-naturel-de-montseny-300x225.jpg 300w, https:\/\/bonjourbarcelone.fr\/wp-content\/uploads\/2023\/04\/parc-naturel-de-montseny-768x576.jpg 768w, https:\/\/bonjourbarcelone.fr\/wp-content\/uploads\/2023\/04\/parc-naturel-de-montseny-1536x1152.jpg 1536w, https:\/\/bonjourbarcelone.fr\/wp-content\/uploads\/2023\/04\/parc-naturel-de-montseny.jpg 2048w\" sizes=\"(max-width: 1024px) 100vw, 1024px\" \/><\/a><\/p>\n<h2><a name=\"_Toc132229072\"><\/a><strong>\u00bfQu\u00e9 tiempo hace en el Montseny?<\/strong><\/h2>\n<p>La particular configuraci\u00f3n del terreno, la altitud, las pendientes y la distancia al mar, en una latitud t\u00edpicamente mediterr\u00e1nea, crean las condiciones para una gran diversidad clim\u00e1tica.<\/p>\n<p>A medida que aumenta la altitud, la temperatura y la humedad cambian dr\u00e1sticamente, <strong>Clima mediterr\u00e1neo<\/strong>con diferentes etapas y variaciones seg\u00fan el aspecto de las laderas.<\/p>\n<p>En invierno, la nieve cubre a veces las partes m\u00e1s altas del macizo del Montseny. Sin duda, la mejor \u00e9poca para visitarlo es a finales de oto\u00f1o y principios de invierno. <strong>Noviembre y diciembre<\/strong> son los mejores meses.<\/p>\n<h2><a name=\"_Toc132229073\"><\/a><strong>Algunos datos hist\u00f3ricos sobre el Montseny<\/strong><\/h2>\n<p>En \u00e9poca ib\u00e9rica, hace unos 2.400 a\u00f1os, la zona del macizo fue ocupada y surgieron asentamientos estables en algunas de las colinas, lo que dio lugar a la construcci\u00f3n de fortificaciones, como las murallas. <strong>en la colina de Montgr\u00f2s, en el municipio de El Brull.<\/strong> Este tipo de edificio se denomina oppidum.<\/p>\n<p>El castillo de Montsoriu, a 634 m de altitud, es el ejemplo perfecto de la arquitectura militar g\u00f3tica de los siglos X al XIV. Es el \u00fanico castillo de Catalu\u00f1a <strong>que ha resistido todos los asedios.<\/strong><\/p>\n<p>Por \u00faltimo, est\u00e1 el monasterio de San Salvador de Breda. S\u00f3lo la torre de 32 m de altura y parte del claustro son rom\u00e1nicos. La iglesia es g\u00f3tica. El patio de la abad\u00eda ha sido <strong>construido en el siglo XV.<\/strong><\/p>\n<p>En las d\u00e9cadas de 1960 y 1970, el Montseny sufr\u00eda despoblaci\u00f3n. Las infraestructuras de comunicaciones eran deficientes y la gente no pod\u00eda vivir de lo que produc\u00eda una granja. Pero el agroturismo <strong>ha ayudado a muchas personas a conservar sus hogares.<\/strong><\/p>\n<h2><a name=\"_Toc132229074\"><\/a><strong>\u00bfQu\u00e9 fauna puedes encontrar en el Parque Natural del Montseny?<\/strong><\/h2>\n<p>El Montseny es refugio de numerosas especies t\u00edpicas <strong>entornos de gran altitud.<\/strong><\/p>\n<p>La naturaleza boscosa del Montseny determina en gran medida la fauna que lo habita. Entre las encinas, los mam\u00edferos m\u00e1s conocidos son el jabal\u00ed, el zorro, la gineta y el lir\u00f3n careto.<\/p>\n<p>Entre las aves m\u00e1s comunes est\u00e1n el arrendajo y el petirrojo, y hay varias especies de anfibios, reptiles y peces.<\/p>\n<p>La especie m\u00e1s notable del parque es el trit\u00f3n del Montseny. Se descubri\u00f3 hace pocos a\u00f1os y es <strong>el \u00fanico vertebrado aut\u00f3ctono del macizo<\/strong>. Necesita agua muy oxigenada, por lo que vive por encima de los 600 m de altitud en arroyos y gargantas fr\u00edas. El personal del parque calcula que hay entre 1.000 y 1.500 ejemplares. Sin embargo, la gran demanda de agua de las f\u00e1bricas de los alrededores supone un riesgo para esta especie.<\/p>\n<p>La otra especie en peligro es la Granota Roja, un anfibio muy activo en invierno que se desplaza con facilidad sobre la nieve. Las ranas viven junto al embalse de Santa Fe. Por desgracia, <strong>90 % de sus huevos no producen cr\u00edas.<\/strong><\/p>\n<p>Por \u00faltimo, la salamandra es el otro anfibio caracter\u00edstico del Montseny. Las salamandras respiran por la piel y toleran mejor los inviernos fr\u00edos que los veranos calurosos.<\/p>\n<p>Durante su visita al Montseny, es probable que descubra la fauna y la flora de la regi\u00f3n. Durante su <a href=\"https:\/\/bonjourbarcelone.fr\/es\/visita-a-barcelona\/\">tu paseo<\/a>puedes parar y <strong>descubra las maravillas que ofrece este lugar.<\/strong><\/p>","protected":false},"excerpt":{"rendered":"<p>Si vous souhaitez vous balader dans les alentours de Barcelone, je vous conseille de vous rendre parc naturel de Montseny. C&rsquo;est l\u2019un des poumons de la Catalogne. Aujourd\u2019hui, je vous emm\u00e8ne en balade dans les bois de cette r\u00e9gion. Parc naturel de Montseny : sommaire de l&rsquo;article Le parc naturel de Montseny en bref Quelle [&hellip;]<\/p>","protected":false},"author":2,"featured_media":2475,"comment_status":"open","ping_status":"open","sticky":false,"template":"","format":"standard","meta":{"om_disable_all_campaigns":false,"_genesis_hide_title":false,"_genesis_hide_breadcrumbs":false,"_genesis_hide_singular_image":false,"_genesis_hide_footer_widgets":false,"_genesis_custom_body_class":"","_genesis_custom_post_class":"","_genesis_layout":"","footnotes":""},"categories":[12],"tags":[],"class_list":{"0":"post-2474","1":"post","2":"type-post","3":"status-publish","4":"format-standard","5":"has-post-thumbnail","7":"category-en-dehors-de-barcelone","8":"entry"},"yoast_head":"<!-- This site is optimized with the Yoast SEO plugin v26.5 - https:\/\/yoast.com\/wordpress\/plugins\/seo\/ -->\n<title>Parc naturel de Montseny : que voir dans ce lieu\u2009?<\/title>\n<meta name=\"description\" content=\"Le parc naturel de Montseny est un endroit \u00e0 ne pas manquer si vous passez sur Barcelone. Je vous en parle en d\u00e9tail ici.\" \/>\n<meta name=\"robots\" content=\"index, follow, max-snippet:-1, max-image-preview:large, max-video-preview:-1\" \/>\n<link rel=\"canonical\" href=\"https:\/\/bonjourbarcelone.fr\/es\/parque-natural-de-montseny\/\" \/>\n<meta property=\"og:locale\" content=\"es_ES\" \/>\n<meta property=\"og:type\" content=\"article\" \/>\n<meta property=\"og:title\" content=\"Parc naturel de Montseny : que voir dans ce lieu\u2009?\" \/>\n<meta property=\"og:description\" content=\"Le parc naturel de Montseny est un endroit \u00e0 ne pas manquer si vous passez sur Barcelone. Je vous en parle en d\u00e9tail ici.\" \/>\n<meta property=\"og:url\" content=\"https:\/\/bonjourbarcelone.fr\/es\/parque-natural-de-montseny\/\" \/>\n<meta property=\"og:site_name\" content=\"Visiter Barcelone\" \/>\n<meta property=\"article:published_time\" content=\"2023-04-14T14:34:57+00:00\" \/>\n<meta property=\"article:modified_time\" content=\"2023-12-16T14:59:13+00:00\" \/>\n<meta property=\"og:image\" content=\"https:\/\/bonjourbarcelone.fr\/wp-content\/uploads\/2023\/04\/parc-naturel-de-montseny.jpg\" \/>\n\t<meta property=\"og:image:width\" content=\"2048\" \/>\n\t<meta property=\"og:image:height\" content=\"1536\" \/>\n\t<meta property=\"og:image:type\" content=\"image\/jpeg\" \/>\n<meta name=\"author\" content=\"Thibaut\" \/>\n<meta name=\"twitter:card\" content=\"summary_large_image\" \/>\n<meta name=\"twitter:label1\" content=\"Escrito por\" \/>\n\t<meta name=\"twitter:data1\" content=\"Thibaut\" \/>\n\t<meta name=\"twitter:label2\" content=\"Tiempo de lectura\" \/>\n\t<meta name=\"twitter:data2\" content=\"6 minutos\" \/>\n<script type=\"application\/ld+json\" class=\"yoast-schema-graph\">{\"@context\":\"https:\/\/schema.org\",\"@graph\":[{\"@type\":\"WebPage\",\"@id\":\"https:\/\/bonjourbarcelone.fr\/parc-naturel-de-montseny\/\",\"url\":\"https:\/\/bonjourbarcelone.fr\/parc-naturel-de-montseny\/\",\"name\":\"Parc naturel de Montseny : que voir dans ce lieu\u2009?\",\"isPartOf\":{\"@id\":\"https:\/\/bonjourbarcelone.fr\/#website\"},\"primaryImageOfPage\":{\"@id\":\"https:\/\/bonjourbarcelone.fr\/parc-naturel-de-montseny\/#primaryimage\"},\"image\":{\"@id\":\"https:\/\/bonjourbarcelone.fr\/parc-naturel-de-montseny\/#primaryimage\"},\"thumbnailUrl\":\"https:\/\/bonjourbarcelone.fr\/wp-content\/uploads\/2023\/04\/parc-naturel-de-montseny.jpg\",\"datePublished\":\"2023-04-14T14:34:57+00:00\",\"dateModified\":\"2023-12-16T14:59:13+00:00\",\"author\":{\"@id\":\"https:\/\/bonjourbarcelone.fr\/#\/schema\/person\/0bda2897d0b8e0150a7ece6f930ff5e5\"},\"description\":\"Le parc naturel de Montseny est un endroit \u00e0 ne pas manquer si vous passez sur Barcelone. Je vous en parle en d\u00e9tail ici.\",\"breadcrumb\":{\"@id\":\"https:\/\/bonjourbarcelone.fr\/parc-naturel-de-montseny\/#breadcrumb\"},\"inLanguage\":\"es\",\"potentialAction\":[{\"@type\":\"ReadAction\",\"target\":[\"https:\/\/bonjourbarcelone.fr\/parc-naturel-de-montseny\/\"]}]},{\"@type\":\"ImageObject\",\"inLanguage\":\"es\",\"@id\":\"https:\/\/bonjourbarcelone.fr\/parc-naturel-de-montseny\/#primaryimage\",\"url\":\"https:\/\/bonjourbarcelone.fr\/wp-content\/uploads\/2023\/04\/parc-naturel-de-montseny.jpg\",\"contentUrl\":\"https:\/\/bonjourbarcelone.fr\/wp-content\/uploads\/2023\/04\/parc-naturel-de-montseny.jpg\",\"width\":2048,\"height\":1536,\"caption\":\"parc naturel de montseny\"},{\"@type\":\"BreadcrumbList\",\"@id\":\"https:\/\/bonjourbarcelone.fr\/parc-naturel-de-montseny\/#breadcrumb\",\"itemListElement\":[{\"@type\":\"ListItem\",\"position\":1,\"name\":\"Accueil\",\"item\":\"https:\/\/bonjourbarcelone.fr\/\"},{\"@type\":\"ListItem\",\"position\":2,\"name\":\"Parc naturel de Montseny : que voir dans ce lieu\u2009?\"}]},{\"@type\":\"WebSite\",\"@id\":\"https:\/\/bonjourbarcelone.fr\/#website\",\"url\":\"https:\/\/bonjourbarcelone.fr\/\",\"name\":\"Visiter Barcelone\",\"description\":\"Tout pour passer un s\u00e9jour inoubliable en 2026 !\",\"potentialAction\":[{\"@type\":\"SearchAction\",\"target\":{\"@type\":\"EntryPoint\",\"urlTemplate\":\"https:\/\/bonjourbarcelone.fr\/?s={search_term_string}\"},\"query-input\":{\"@type\":\"PropertyValueSpecification\",\"valueRequired\":true,\"valueName\":\"search_term_string\"}}],\"inLanguage\":\"es\"},{\"@type\":\"Person\",\"@id\":\"https:\/\/bonjourbarcelone.fr\/#\/schema\/person\/0bda2897d0b8e0150a7ece6f930ff5e5\",\"name\":\"Thibaut\",\"image\":{\"@type\":\"ImageObject\",\"inLanguage\":\"es\",\"@id\":\"https:\/\/bonjourbarcelone.fr\/#\/schema\/person\/image\/\",\"url\":\"https:\/\/secure.gravatar.com\/avatar\/436636a11d7c80b948817b5a66d82f9305017ea4c84ab9a676db1d62ccc2c25d?s=96&r=g\",\"contentUrl\":\"https:\/\/secure.gravatar.com\/avatar\/436636a11d7c80b948817b5a66d82f9305017ea4c84ab9a676db1d62ccc2c25d?s=96&r=g\",\"caption\":\"Thibaut\"},\"description\":\"J'aide les voyageurs \u00e0 mieux visiter la ville de Barcelone avec un contenu \u00e9crit et actualis\u00e9 par des experts locaux pour vivre la meilleure exp\u00e9rience possible ! Notre agence de voyage propose \u00e9galement des visites guid\u00e9es en fran\u00e7ais.\"}]}<\/script>\n<!-- \/ Yoast SEO plugin. -->","yoast_head_json":{"title":"Parque Natural del Montseny: \u00bfqu\u00e9 se puede ver aqu\u00ed?","description":"El Parque Natural del Montseny es una visita obligada si est\u00e1s en Barcelona. Te lo cuento todo aqu\u00ed.","robots":{"index":"index","follow":"follow","max-snippet":"max-snippet:-1","max-image-preview":"max-image-preview:large","max-video-preview":"max-video-preview:-1"},"canonical":"https:\/\/bonjourbarcelone.fr\/es\/parque-natural-de-montseny\/","og_locale":"es_ES","og_type":"article","og_title":"Parc naturel de Montseny : que voir dans ce lieu\u2009?","og_description":"Le parc naturel de Montseny est un endroit \u00e0 ne pas manquer si vous passez sur Barcelone. Je vous en parle en d\u00e9tail ici.","og_url":"https:\/\/bonjourbarcelone.fr\/es\/parque-natural-de-montseny\/","og_site_name":"Visiter Barcelone","article_published_time":"2023-04-14T14:34:57+00:00","article_modified_time":"2023-12-16T14:59:13+00:00","og_image":[{"width":2048,"height":1536,"url":"https:\/\/bonjourbarcelone.fr\/wp-content\/uploads\/2023\/04\/parc-naturel-de-montseny.jpg","type":"image\/jpeg"}],"author":"Thibaut","twitter_card":"summary_large_image","twitter_misc":{"Escrito por":"Thibaut","Tiempo de lectura":"6 minutos"},"schema":{"@context":"https:\/\/schema.org","@graph":[{"@type":"WebPage","@id":"https:\/\/bonjourbarcelone.fr\/parc-naturel-de-montseny\/","url":"https:\/\/bonjourbarcelone.fr\/parc-naturel-de-montseny\/","name":"Parque Natural del Montseny: \u00bfqu\u00e9 se puede ver aqu\u00ed?","isPartOf":{"@id":"https:\/\/bonjourbarcelone.fr\/#website"},"primaryImageOfPage":{"@id":"https:\/\/bonjourbarcelone.fr\/parc-naturel-de-montseny\/#primaryimage"},"image":{"@id":"https:\/\/bonjourbarcelone.fr\/parc-naturel-de-montseny\/#primaryimage"},"thumbnailUrl":"https:\/\/bonjourbarcelone.fr\/wp-content\/uploads\/2023\/04\/parc-naturel-de-montseny.jpg","datePublished":"2023-04-14T14:34:57+00:00","dateModified":"2023-12-16T14:59:13+00:00","author":{"@id":"https:\/\/bonjourbarcelone.fr\/#\/schema\/person\/0bda2897d0b8e0150a7ece6f930ff5e5"},"description":"El Parque Natural del Montseny es una visita obligada si est\u00e1s en Barcelona. Te lo cuento todo aqu\u00ed.","breadcrumb":{"@id":"https:\/\/bonjourbarcelone.fr\/parc-naturel-de-montseny\/#breadcrumb"},"inLanguage":"es","potentialAction":[{"@type":"ReadAction","target":["https:\/\/bonjourbarcelone.fr\/parc-naturel-de-montseny\/"]}]},{"@type":"ImageObject","inLanguage":"es","@id":"https:\/\/bonjourbarcelone.fr\/parc-naturel-de-montseny\/#primaryimage","url":"https:\/\/bonjourbarcelone.fr\/wp-content\/uploads\/2023\/04\/parc-naturel-de-montseny.jpg","contentUrl":"https:\/\/bonjourbarcelone.fr\/wp-content\/uploads\/2023\/04\/parc-naturel-de-montseny.jpg","width":2048,"height":1536,"caption":"parc naturel de montseny"},{"@type":"BreadcrumbList","@id":"https:\/\/bonjourbarcelone.fr\/parc-naturel-de-montseny\/#breadcrumb","itemListElement":[{"@type":"ListItem","position":1,"name":"Accueil","item":"https:\/\/bonjourbarcelone.fr\/"},{"@type":"ListItem","position":2,"name":"Parc naturel de Montseny : que voir dans ce lieu\u2009?"}]},{"@type":"WebSite","@id":"https:\/\/bonjourbarcelone.fr\/#website","url":"https:\/\/bonjourbarcelone.fr\/","name":"Visitar Barcelona","description":"Tout pour passer un s\u00e9jour inoubliable en 2026 !","potentialAction":[{"@type":"SearchAction","target":{"@type":"EntryPoint","urlTemplate":"https:\/\/bonjourbarcelone.fr\/?s={search_term_string}"},"query-input":{"@type":"PropertyValueSpecification","valueRequired":true,"valueName":"search_term_string"}}],"inLanguage":"es"},{"@type":"Person","@id":"https:\/\/bonjourbarcelone.fr\/#\/schema\/person\/0bda2897d0b8e0150a7ece6f930ff5e5","name":"Thibaut","image":{"@type":"ImageObject","inLanguage":"es","@id":"https:\/\/bonjourbarcelone.fr\/#\/schema\/person\/image\/","url":"https:\/\/secure.gravatar.com\/avatar\/436636a11d7c80b948817b5a66d82f9305017ea4c84ab9a676db1d62ccc2c25d?s=96&r=g","contentUrl":"https:\/\/secure.gravatar.com\/avatar\/436636a11d7c80b948817b5a66d82f9305017ea4c84ab9a676db1d62ccc2c25d?s=96&r=g","caption":"Thibaut"},"description":"Ayudo a los viajeros a aprovechar al m\u00e1ximo su visita a Barcelona con contenidos escritos y actualizados por expertos locales para garantizar la mejor experiencia posible. Nuestra agencia de viajes tambi\u00e9n ofrece visitas guiadas en franc\u00e9s."}]}},"_links":{"self":[{"href":"https:\/\/bonjourbarcelone.fr\/es\/wp-json\/wp\/v2\/posts\/2474","targetHints":{"allow":["GET"]}}],"collection":[{"href":"https:\/\/bonjourbarcelone.fr\/es\/wp-json\/wp\/v2\/posts"}],"about":[{"href":"https:\/\/bonjourbarcelone.fr\/es\/wp-json\/wp\/v2\/types\/post"}],"author":[{"embeddable":true,"href":"https:\/\/bonjourbarcelone.fr\/es\/wp-json\/wp\/v2\/users\/2"}],"replies":[{"embeddable":true,"href":"https:\/\/bonjourbarcelone.fr\/es\/wp-json\/wp\/v2\/comments?post=2474"}],"version-history":[{"count":1,"href":"https:\/\/bonjourbarcelone.fr\/es\/wp-json\/wp\/v2\/posts\/2474\/revisions"}],"predecessor-version":[{"id":2729,"href":"https:\/\/bonjourbarcelone.fr\/es\/wp-json\/wp\/v2\/posts\/2474\/revisions\/2729"}],"wp:featuredmedia":[{"embeddable":true,"href":"https:\/\/bonjourbarcelone.fr\/es\/wp-json\/wp\/v2\/media\/2475"}],"wp:attachment":[{"href":"https:\/\/bonjourbarcelone.fr\/es\/wp-json\/wp\/v2\/media?parent=2474"}],"wp:term":[{"taxonomy":"category","embeddable":true,"href":"https:\/\/bonjourbarcelone.fr\/es\/wp-json\/wp\/v2\/categories?post=2474"},{"taxonomy":"post_tag","embeddable":true,"href":"https:\/\/bonjourbarcelone.fr\/es\/wp-json\/wp\/v2\/tags?post=2474"}],"curies":[{"name":"wp","href":"https:\/\/api.w.org\/{rel}","templated":true}]}}