{"id":2711,"date":"2023-04-22T13:07:38","date_gmt":"2023-04-22T13:07:38","guid":{"rendered":"https:\/\/bonjourbarcelone.fr\/?p=2711"},"modified":"2023-12-16T14:58:31","modified_gmt":"2023-12-16T14:58:31","slug":"parque-joan-miro","status":"publish","type":"post","link":"https:\/\/bonjourbarcelone.fr\/es\/parque-joan-miro\/","title":{"rendered":"Parc Joan Mir\u00f3: el lugar perfecto para relajarse"},"content":{"rendered":"<p>Le <strong>Parque Joan Mir\u00f3<\/strong> se encuentra en el emplazamiento del antiguo matadero de la ciudad.<\/p>\n<p>Abarca una superficie equivalente a cuatro manzanas del Eixample.<\/p>\n<p>El parque cuenta con grandes grupos de pinos, encinas y palmeras, as\u00ed como con la Mujer y el P\u00e1jaro, obra del gran artista Joan Mir\u00f3.<\/p>\n<p>Hoy me gustar\u00eda explic\u00e1rselo en detalle.<\/p>\n<h2 class=\"summary-title\">Parque Joan Mir\u00f3: resumen del art\u00edculo<\/h2>\n<div class=\"summary-box\">\n<ul class=\"summary-list\">\n<li><a href=\"#_Toc133058828\">El Parque Joan Mir\u00f3 en breve<\/a><\/li>\n<li><a href=\"#_Toc133058829\">Breve historia del parque<\/a><\/li>\n<li><a href=\"#_Toc133058830\">Disfrute de una gran variedad de plantas<\/a><\/li>\n<li><a href=\"#_Toc133058831\">Paisajismo con un toque de dise\u00f1o moderno<\/a><\/li>\n<li><a href=\"#_Toc133058832\">Algo de arte y arquitectura<\/a><\/li>\n<li><a href=\"#_Toc133058833\">C\u00f3mo llegar al Parc Joan Mir\u00f3<\/a><\/li>\n<li><a href=\"#_Toc133058834\">\u00bfCu\u00e1les son los horarios de apertura?<\/a><\/li>\n<\/ul>\n<\/div>\n<h2><a name=\"_Toc133058828\"><\/a><strong>El Parque Joan Mir\u00f3 en breve<\/strong><\/h2>\n<p>Es un parque que sorprende al visitante en cada una de sus m\u00faltiples entradas. Las entradas dan acceso a zonas muy diferentes, tanto en estructura como en uso. Es un parque agradable para vivir, donde la<strong>elige tu zona en funci\u00f3n de lo que quieras hacer.<\/strong><\/p>\n<p>Los vecinos se re\u00fanen aqu\u00ed todos los d\u00edas en el pinar, para charlar en la terraza de uno de los quioscos-bar o ver jugar a los ni\u00f1os en una de las seis zonas de juegos. El palmeral cuenta con pistas de petanca para los aficionados a este deporte. Y por \u00faltimo, pero no por ello menos importante, <strong>una gran zona de 720 m\u00b2 para que corran los perros<\/strong> tambi\u00e9n est\u00e1 presente.<\/p>\n<p>Si buscas una tarde tranquila despu\u00e9s de una larga ma\u00f1ana de turismo, este es un lugar que te recomiendo. El ambiente es tranquilo y enseguida podr\u00e1s relajarte y disfrutar de una copa. <strong>sentirse relajado aqu\u00ed.<\/strong><\/p>\n<p><a href=\"https:\/\/bonjourbarcelone.fr\/wp-content\/uploads\/2023\/04\/parc-joan-miro.jpg\"><img decoding=\"async\" src=\"https:\/\/bonjourbarcelone.fr\/wp-content\/uploads\/2023\/04\/parc-joan-miro.jpg\" alt=\"parque joan miro\" width=\"800\" height=\"530\" class=\"alignnone size-full wp-image-3217\" srcset=\"https:\/\/bonjourbarcelone.fr\/wp-content\/uploads\/2023\/04\/parc-joan-miro.jpg 800w, https:\/\/bonjourbarcelone.fr\/wp-content\/uploads\/2023\/04\/parc-joan-miro-300x199.jpg 300w, https:\/\/bonjourbarcelone.fr\/wp-content\/uploads\/2023\/04\/parc-joan-miro-768x509.jpg 768w\" sizes=\"(max-width: 800px) 100vw, 800px\" \/><\/a><\/p>\n<h2><a name=\"_Toc133058829\"><\/a><strong>Breve historia del parque<\/strong><\/h2>\n<p>El Parc Joan Mir\u00f3 es el primer parque en el que se ha dado un nuevo uso a espacios urbanos obsoletos.<\/p>\n<p>Situado en <strong>en el emplazamiento del antiguo matadero de la ciudad<\/strong>Es un buen ejemplo del nuevo modelo de estrategia urbana que surgi\u00f3 con la llegada de la democracia. Se basaba en gentrificar la periferia al tiempo que se recuperaba el centro de la ciudad.<\/p>\n<p>La nueva disposici\u00f3n de los espacios urbanos ha propiciado el crecimiento constante de espacios p\u00fablicos amplios y de gran calidad, entre ellos <strong>este parque es el ejemplo perfecto.<\/strong><\/p>\n<h2><a name=\"_Toc133058830\"><\/a><strong>Disfrute de una gran variedad de plantas<\/strong><\/h2>\n<p>Mientras que las palmeras datileras canarias y las palmeras datileras ordinarias (Phoenix canariensis y Phoenix dactylifera) dominan el parque en t\u00e9rminos de n\u00famero, los pinos silvestres y carrascos y las encinas son las principales especies. <strong>una amplia zona de vegetaci\u00f3n t\u00edpicamente mediterr\u00e1nea<\/strong>. Tambi\u00e9n hay grandes eucaliptos.<\/p>\n<p>Hay adelfas junto a setos de cipr\u00e9s cerca de la biblioteca, y majestuosos \u00e1lamos blancos junto al palmeral. Olmos y cedros son otras de las especies presentes en el parque. Las glicinias chinas y las buganvillas destacan brillantemente en las p\u00e9rgolas. Una gran diversidad que hace que el parque <strong>un lugar verdaderamente bot\u00e1nico<\/strong>.<\/p>\n<h2><a name=\"_Toc133058831\"><\/a><strong>Paisajismo con un toque de dise\u00f1o moderno<\/strong><\/h2>\n<p>El parque est\u00e1 organizado en varias zonas. La primera, los Jardines de la Biodiversidad, est\u00e1 dise\u00f1ada para mejorar la calidad del h\u00e1bitat de la flora y la fauna. Crea un nuevo entorno que favorece la presencia de vida salvaje gracias a grupos de \u00e1rboles con <strong>Refugios que atraen a p\u00e1jaros, mariposas y otras especies beneficiosas.<\/strong><\/p>\n<p>La plaza est\u00e1 junto a una extensi\u00f3n de 6.000 m\u00b2 de c\u00e9sped que cubre un aparcamiento subterr\u00e1neo y un dep\u00f3sito de agua de lluvia. A lo largo de un lateral, plataformas de diferentes tama\u00f1os se enlazan a trav\u00e9s de senderos sombreados por p\u00e9rgolas cubiertas de plantas trepadoras que conducen a la zona m\u00e1s salvaje y extensa del parque: <strong>madera<\/strong>. Primero hay un palmeral e inmediatamente despu\u00e9s un pinar.<\/p>\n<p>Al entrar en el parque, encontrar\u00e1 una biblioteca rodeada de agua. La biblioteca p\u00fablica est\u00e1 <strong>una extraordinaria adici\u00f3n a este gran espacio verde urbano<\/strong>.<\/p>\n<h2><a name=\"_Toc133058832\"><\/a><strong>Algo de arte y arquitectura<\/strong><\/h2>\n<p>A un lado de la piscina, una escultura de Joan Mir\u00f3 de 22 metros de altura, titulada Dona i Ocell <strong>domina este gran espacio verde.<\/strong><\/p>\n<p>Realizada en trencad\u00eds, se ha convertido en uno de los principales hitos del parque. El propio escultor la don\u00f3 a la ciudad.<\/p>\n<h2><a name=\"_Toc133058833\"><\/a><strong>C\u00f3mo llegar al Parc Joan Mir\u00f3<\/strong><\/h2>\n<p>Para llegar hasta all\u00ed, puede pedir prestado :<\/p>\n<ul>\n<li>Le <a href=\"https:\/\/bonjourbarcelone.fr\/es\/metro-barcelona\/\">metro<\/a> al salir <strong>en las estaciones de Espanya (L1, L3) o Tarragona (L3)<\/strong><\/li>\n<li>el <a href=\"https:\/\/bonjourbarcelone.fr\/es\/bus-turistico-barcelona\/\">autob\u00fas tur\u00edstico<\/a> hasta la parada Creu Coberta<\/li>\n<\/ul>\n<h2><a name=\"_Toc133058834\"><\/a><strong>\u00bfCu\u00e1les son los horarios de apertura?<\/strong><\/h2>\n<p>Tambi\u00e9n puede visitar el Parc Joan Mir\u00f3 :<\/p>\n<ul>\n<li>Diciembre, enero y febrero: todos los d\u00edas <strong>de 10.00 a 18.00 horas<\/strong><\/li>\n<li>Marzo y noviembre: todos los d\u00edas <strong>de 10.00 a 19.00 horas<\/strong><\/li>\n<li>Abril y octubre: todos los d\u00edas <strong>de 10.00 a 20.00 horas<\/strong><\/li>\n<li>De mayo a septiembre: todos los d\u00edas <strong>de 10.00 a 21.00 horas<\/strong><\/li>\n<\/ul>\n<p>El magn\u00edfico Parc Joan Mir\u00f3 le da la bienvenida todo el a\u00f1o. Si ha terminado con las atracciones m\u00e1s populares de Barcelona, \u00e9ste es el lugar ideal. Disfrutar\u00e1 de un entorno tranquilo y <strong>podr\u00e1s descansar despu\u00e9s de un largo paseo por la ciudad.<\/strong><\/p>","protected":false},"excerpt":{"rendered":"<p>Le parc Joan Miro se trouve \u00e0 l\u2019emplacement de l\u2019ancien abattoir de la ville. Il occupe une superficie \u00e9quivalente \u00e0 quatre p\u00e2t\u00e9s de maisons de l\u2019Eixample. Le parc se distingue par de grands groupes de pins, de ch\u00eanes verts et de palmiers, ainsi que par la Femme et l&rsquo;oiseau, \u0153uvre du grand artiste Joan Miro. [&hellip;]<\/p>","protected":false},"author":2,"featured_media":3217,"comment_status":"open","ping_status":"open","sticky":false,"template":"","format":"standard","meta":{"om_disable_all_campaigns":false,"_genesis_hide_title":false,"_genesis_hide_breadcrumbs":false,"_genesis_hide_singular_image":false,"_genesis_hide_footer_widgets":false,"_genesis_custom_body_class":"","_genesis_custom_post_class":"","_genesis_layout":"","footnotes":""},"categories":[3],"tags":[],"class_list":{"0":"post-2711","1":"post","2":"type-post","3":"status-publish","4":"format-standard","5":"has-post-thumbnail","7":"category-barcelone","8":"entry"},"yoast_head":"<!-- This site is optimized with the Yoast SEO plugin v26.5 - https:\/\/yoast.com\/wordpress\/plugins\/seo\/ -->\n<title>Le parc Joan Miro : un lieu parfait pour se reposer<\/title>\n<meta name=\"description\" content=\"Le parc de Joan Miro est un endroit calme du quartier de l\u2019exemple. Aujourd\u2019hui, je vous emm\u00e8ne vous reposer dans ce lieu.\" \/>\n<meta name=\"robots\" content=\"index, follow, max-snippet:-1, max-image-preview:large, max-video-preview:-1\" \/>\n<link rel=\"canonical\" href=\"https:\/\/bonjourbarcelone.fr\/es\/parque-joan-miro\/\" \/>\n<meta property=\"og:locale\" content=\"es_ES\" \/>\n<meta property=\"og:type\" content=\"article\" \/>\n<meta property=\"og:title\" content=\"Le parc Joan Miro : un lieu parfait pour se reposer\" \/>\n<meta property=\"og:description\" content=\"Le parc de Joan Miro est un endroit calme du quartier de l\u2019exemple. Aujourd\u2019hui, je vous emm\u00e8ne vous reposer dans ce lieu.\" \/>\n<meta property=\"og:url\" content=\"https:\/\/bonjourbarcelone.fr\/es\/parque-joan-miro\/\" \/>\n<meta property=\"og:site_name\" content=\"Visiter Barcelone\" \/>\n<meta property=\"article:published_time\" content=\"2023-04-22T13:07:38+00:00\" \/>\n<meta property=\"article:modified_time\" content=\"2023-12-16T14:58:31+00:00\" \/>\n<meta property=\"og:image\" content=\"https:\/\/bonjourbarcelone.fr\/wp-content\/uploads\/2023\/04\/parc-joan-miro.jpg\" \/>\n\t<meta property=\"og:image:width\" content=\"800\" \/>\n\t<meta property=\"og:image:height\" content=\"530\" \/>\n\t<meta property=\"og:image:type\" content=\"image\/jpeg\" \/>\n<meta name=\"author\" content=\"Thibaut\" \/>\n<meta name=\"twitter:card\" content=\"summary_large_image\" \/>\n<meta name=\"twitter:label1\" content=\"Escrito por\" \/>\n\t<meta name=\"twitter:data1\" content=\"Thibaut\" \/>\n\t<meta name=\"twitter:label2\" content=\"Tiempo de lectura\" \/>\n\t<meta name=\"twitter:data2\" content=\"5 minutos\" \/>\n<script type=\"application\/ld+json\" class=\"yoast-schema-graph\">{\"@context\":\"https:\/\/schema.org\",\"@graph\":[{\"@type\":\"WebPage\",\"@id\":\"https:\/\/bonjourbarcelone.fr\/parc-joan-miro\/\",\"url\":\"https:\/\/bonjourbarcelone.fr\/parc-joan-miro\/\",\"name\":\"Le parc Joan Miro : un lieu parfait pour se reposer\",\"isPartOf\":{\"@id\":\"https:\/\/bonjourbarcelone.fr\/#website\"},\"primaryImageOfPage\":{\"@id\":\"https:\/\/bonjourbarcelone.fr\/parc-joan-miro\/#primaryimage\"},\"image\":{\"@id\":\"https:\/\/bonjourbarcelone.fr\/parc-joan-miro\/#primaryimage\"},\"thumbnailUrl\":\"https:\/\/bonjourbarcelone.fr\/wp-content\/uploads\/2023\/04\/parc-joan-miro.jpg\",\"datePublished\":\"2023-04-22T13:07:38+00:00\",\"dateModified\":\"2023-12-16T14:58:31+00:00\",\"author\":{\"@id\":\"https:\/\/bonjourbarcelone.fr\/#\/schema\/person\/0bda2897d0b8e0150a7ece6f930ff5e5\"},\"description\":\"Le parc de Joan Miro est un endroit calme du quartier de l\u2019exemple. Aujourd\u2019hui, je vous emm\u00e8ne vous reposer dans ce lieu.\",\"breadcrumb\":{\"@id\":\"https:\/\/bonjourbarcelone.fr\/parc-joan-miro\/#breadcrumb\"},\"inLanguage\":\"es\",\"potentialAction\":[{\"@type\":\"ReadAction\",\"target\":[\"https:\/\/bonjourbarcelone.fr\/parc-joan-miro\/\"]}]},{\"@type\":\"ImageObject\",\"inLanguage\":\"es\",\"@id\":\"https:\/\/bonjourbarcelone.fr\/parc-joan-miro\/#primaryimage\",\"url\":\"https:\/\/bonjourbarcelone.fr\/wp-content\/uploads\/2023\/04\/parc-joan-miro.jpg\",\"contentUrl\":\"https:\/\/bonjourbarcelone.fr\/wp-content\/uploads\/2023\/04\/parc-joan-miro.jpg\",\"width\":800,\"height\":530,\"caption\":\"parc joan miro\"},{\"@type\":\"BreadcrumbList\",\"@id\":\"https:\/\/bonjourbarcelone.fr\/parc-joan-miro\/#breadcrumb\",\"itemListElement\":[{\"@type\":\"ListItem\",\"position\":1,\"name\":\"Accueil\",\"item\":\"https:\/\/bonjourbarcelone.fr\/\"},{\"@type\":\"ListItem\",\"position\":2,\"name\":\"Le parc Joan Miro : un lieu parfait pour se reposer\"}]},{\"@type\":\"WebSite\",\"@id\":\"https:\/\/bonjourbarcelone.fr\/#website\",\"url\":\"https:\/\/bonjourbarcelone.fr\/\",\"name\":\"Visiter Barcelone\",\"description\":\"Tout pour passer un s\u00e9jour inoubliable en 2026 !\",\"potentialAction\":[{\"@type\":\"SearchAction\",\"target\":{\"@type\":\"EntryPoint\",\"urlTemplate\":\"https:\/\/bonjourbarcelone.fr\/?s={search_term_string}\"},\"query-input\":{\"@type\":\"PropertyValueSpecification\",\"valueRequired\":true,\"valueName\":\"search_term_string\"}}],\"inLanguage\":\"es\"},{\"@type\":\"Person\",\"@id\":\"https:\/\/bonjourbarcelone.fr\/#\/schema\/person\/0bda2897d0b8e0150a7ece6f930ff5e5\",\"name\":\"Thibaut\",\"image\":{\"@type\":\"ImageObject\",\"inLanguage\":\"es\",\"@id\":\"https:\/\/bonjourbarcelone.fr\/#\/schema\/person\/image\/\",\"url\":\"https:\/\/secure.gravatar.com\/avatar\/436636a11d7c80b948817b5a66d82f9305017ea4c84ab9a676db1d62ccc2c25d?s=96&r=g\",\"contentUrl\":\"https:\/\/secure.gravatar.com\/avatar\/436636a11d7c80b948817b5a66d82f9305017ea4c84ab9a676db1d62ccc2c25d?s=96&r=g\",\"caption\":\"Thibaut\"},\"description\":\"J'aide les voyageurs \u00e0 mieux visiter la ville de Barcelone avec un contenu \u00e9crit et actualis\u00e9 par des experts locaux pour vivre la meilleure exp\u00e9rience possible ! Notre agence de voyage propose \u00e9galement des visites guid\u00e9es en fran\u00e7ais.\"}]}<\/script>\n<!-- \/ Yoast SEO plugin. -->","yoast_head_json":{"title":"Parc Joan Mir\u00f3: el lugar perfecto para relajarse","description":"El parque Joan Mir\u00f3 es un lugar tranquilo en el distrito de Example. Hoy me gustar\u00eda llevarte all\u00ed a relajarte.","robots":{"index":"index","follow":"follow","max-snippet":"max-snippet:-1","max-image-preview":"max-image-preview:large","max-video-preview":"max-video-preview:-1"},"canonical":"https:\/\/bonjourbarcelone.fr\/es\/parque-joan-miro\/","og_locale":"es_ES","og_type":"article","og_title":"Le parc Joan Miro : un lieu parfait pour se reposer","og_description":"Le parc de Joan Miro est un endroit calme du quartier de l\u2019exemple. Aujourd\u2019hui, je vous emm\u00e8ne vous reposer dans ce lieu.","og_url":"https:\/\/bonjourbarcelone.fr\/es\/parque-joan-miro\/","og_site_name":"Visiter Barcelone","article_published_time":"2023-04-22T13:07:38+00:00","article_modified_time":"2023-12-16T14:58:31+00:00","og_image":[{"width":800,"height":530,"url":"https:\/\/bonjourbarcelone.fr\/wp-content\/uploads\/2023\/04\/parc-joan-miro.jpg","type":"image\/jpeg"}],"author":"Thibaut","twitter_card":"summary_large_image","twitter_misc":{"Escrito por":"Thibaut","Tiempo de lectura":"5 minutos"},"schema":{"@context":"https:\/\/schema.org","@graph":[{"@type":"WebPage","@id":"https:\/\/bonjourbarcelone.fr\/parc-joan-miro\/","url":"https:\/\/bonjourbarcelone.fr\/parc-joan-miro\/","name":"Parc Joan Mir\u00f3: el lugar perfecto para relajarse","isPartOf":{"@id":"https:\/\/bonjourbarcelone.fr\/#website"},"primaryImageOfPage":{"@id":"https:\/\/bonjourbarcelone.fr\/parc-joan-miro\/#primaryimage"},"image":{"@id":"https:\/\/bonjourbarcelone.fr\/parc-joan-miro\/#primaryimage"},"thumbnailUrl":"https:\/\/bonjourbarcelone.fr\/wp-content\/uploads\/2023\/04\/parc-joan-miro.jpg","datePublished":"2023-04-22T13:07:38+00:00","dateModified":"2023-12-16T14:58:31+00:00","author":{"@id":"https:\/\/bonjourbarcelone.fr\/#\/schema\/person\/0bda2897d0b8e0150a7ece6f930ff5e5"},"description":"El parque Joan Mir\u00f3 es un lugar tranquilo en el distrito de Example. Hoy me gustar\u00eda llevarte all\u00ed a relajarte.","breadcrumb":{"@id":"https:\/\/bonjourbarcelone.fr\/parc-joan-miro\/#breadcrumb"},"inLanguage":"es","potentialAction":[{"@type":"ReadAction","target":["https:\/\/bonjourbarcelone.fr\/parc-joan-miro\/"]}]},{"@type":"ImageObject","inLanguage":"es","@id":"https:\/\/bonjourbarcelone.fr\/parc-joan-miro\/#primaryimage","url":"https:\/\/bonjourbarcelone.fr\/wp-content\/uploads\/2023\/04\/parc-joan-miro.jpg","contentUrl":"https:\/\/bonjourbarcelone.fr\/wp-content\/uploads\/2023\/04\/parc-joan-miro.jpg","width":800,"height":530,"caption":"parc joan miro"},{"@type":"BreadcrumbList","@id":"https:\/\/bonjourbarcelone.fr\/parc-joan-miro\/#breadcrumb","itemListElement":[{"@type":"ListItem","position":1,"name":"Accueil","item":"https:\/\/bonjourbarcelone.fr\/"},{"@type":"ListItem","position":2,"name":"Le parc Joan Miro : un lieu parfait pour se reposer"}]},{"@type":"WebSite","@id":"https:\/\/bonjourbarcelone.fr\/#website","url":"https:\/\/bonjourbarcelone.fr\/","name":"Visitar Barcelona","description":"Tout pour passer un s\u00e9jour inoubliable en 2026 !","potentialAction":[{"@type":"SearchAction","target":{"@type":"EntryPoint","urlTemplate":"https:\/\/bonjourbarcelone.fr\/?s={search_term_string}"},"query-input":{"@type":"PropertyValueSpecification","valueRequired":true,"valueName":"search_term_string"}}],"inLanguage":"es"},{"@type":"Person","@id":"https:\/\/bonjourbarcelone.fr\/#\/schema\/person\/0bda2897d0b8e0150a7ece6f930ff5e5","name":"Thibaut","image":{"@type":"ImageObject","inLanguage":"es","@id":"https:\/\/bonjourbarcelone.fr\/#\/schema\/person\/image\/","url":"https:\/\/secure.gravatar.com\/avatar\/436636a11d7c80b948817b5a66d82f9305017ea4c84ab9a676db1d62ccc2c25d?s=96&r=g","contentUrl":"https:\/\/secure.gravatar.com\/avatar\/436636a11d7c80b948817b5a66d82f9305017ea4c84ab9a676db1d62ccc2c25d?s=96&r=g","caption":"Thibaut"},"description":"Ayudo a los viajeros a aprovechar al m\u00e1ximo su visita a Barcelona con contenidos escritos y actualizados por expertos locales para garantizar la mejor experiencia posible. Nuestra agencia de viajes tambi\u00e9n ofrece visitas guiadas en franc\u00e9s."}]}},"_links":{"self":[{"href":"https:\/\/bonjourbarcelone.fr\/es\/wp-json\/wp\/v2\/posts\/2711","targetHints":{"allow":["GET"]}}],"collection":[{"href":"https:\/\/bonjourbarcelone.fr\/es\/wp-json\/wp\/v2\/posts"}],"about":[{"href":"https:\/\/bonjourbarcelone.fr\/es\/wp-json\/wp\/v2\/types\/post"}],"author":[{"embeddable":true,"href":"https:\/\/bonjourbarcelone.fr\/es\/wp-json\/wp\/v2\/users\/2"}],"replies":[{"embeddable":true,"href":"https:\/\/bonjourbarcelone.fr\/es\/wp-json\/wp\/v2\/comments?post=2711"}],"version-history":[{"count":2,"href":"https:\/\/bonjourbarcelone.fr\/es\/wp-json\/wp\/v2\/posts\/2711\/revisions"}],"predecessor-version":[{"id":3218,"href":"https:\/\/bonjourbarcelone.fr\/es\/wp-json\/wp\/v2\/posts\/2711\/revisions\/3218"}],"wp:featuredmedia":[{"embeddable":true,"href":"https:\/\/bonjourbarcelone.fr\/es\/wp-json\/wp\/v2\/media\/3217"}],"wp:attachment":[{"href":"https:\/\/bonjourbarcelone.fr\/es\/wp-json\/wp\/v2\/media?parent=2711"}],"wp:term":[{"taxonomy":"category","embeddable":true,"href":"https:\/\/bonjourbarcelone.fr\/es\/wp-json\/wp\/v2\/categories?post=2711"},{"taxonomy":"post_tag","embeddable":true,"href":"https:\/\/bonjourbarcelone.fr\/es\/wp-json\/wp\/v2\/tags?post=2711"}],"curies":[{"name":"wp","href":"https:\/\/api.w.org\/{rel}","templated":true}]}}