{"id":1965,"date":"2023-01-17T04:25:36","date_gmt":"2023-01-17T04:25:36","guid":{"rendered":"https:\/\/bonjourbarcelone.fr\/?p=1965"},"modified":"2023-12-16T15:04:03","modified_gmt":"2023-12-16T15:04:03","slug":"festa-major-de-gracia","status":"publish","type":"post","link":"https:\/\/bonjourbarcelone.fr\/fr\/festa-major-de-gracia\/","title":{"rendered":"Festa Major de Gracia : un festival \u00e0 ne pas rater"},"content":{"rendered":"<p><strong>Le Festa Major de Gracia<\/strong> est un festival de rue local tr\u00e8s color\u00e9 qui inonde plus de 20 rues et places du quartier Gracia de Barcelone.<\/p>\n<p>Aujourd\u2019hui, je vous parle de ce merveilleux festival annuel.<\/p>\n<h2 class=\"summary-title\">La Festa Major de Gracia : sommaire de l&rsquo;article<\/h2>\n<div class=\"summary-box\">\n<ul class=\"summary-list\">\n<li><a href=\"#_Toc124754843\">La Festa Major de Gracia en quelques mots<\/a><\/li>\n<li><a href=\"#_Toc124754844\">D\u00e9couvrez des rues magnifiquement d\u00e9cor\u00e9es<\/a><\/li>\n<li><a href=\"#_Toc124754845\">Quels sont les horaires du festival Festa de Gracia\u2009?<\/a><\/li>\n<li><a href=\"#_Toc124754846\">O\u00f9 se situe la festa major de Gracia\u2009?<\/a><\/li>\n<li><a href=\"#_Toc124754847\">Comment vous y rendre\u2009?<\/a><\/li>\n<\/ul>\n<\/div>\n<h2><a name=\"_Toc124754843\"><\/a><strong>La Festa Major de Gracia en quelques mots<\/strong><\/h2>\n<p>Le Festival de Gracia est un \u00e9v\u00e9nement annuel qui a lieu dans <a href=\"https:\/\/bonjourbarcelone.fr\/quartier-gracia-barcelone\/\">le quartier de Gracia<\/a> \u00e0 Barcelone. Il a lieu g\u00e9n\u00e9ralement pendant une semaine en ao\u00fbt et attire des milliers de visiteurs chaque ann\u00e9e.<\/p>\n<p>Le festival de Gracia est une c\u00e9l\u00e9bration de la communaut\u00e9 et de la cr\u00e9ativit\u00e9, offrant une vari\u00e9t\u00e9 d\u2019activit\u00e9s pour toute la famille, y compris des comp\u00e9titions, des ateliers, des sports, des concerts et bien plus encore. Les d\u00e9corations de rue sont toutes faites \u00e0 la main et souvent fragiles, ce qui les rend encore plus impressionnantes.<\/p>\n<p>Le meilleur moment pour visiter le festival Gracia est le soir \u00e0 partir de 20 h lorsque les d\u00e9corations s&rsquo;illuminent et que le quartier s&rsquo;anime. Cependant, il est important de noter qu\u2019il y a habituellement plus de monde le premier soir. Je vous recommande de visiter le festival \u00e0 un autre moment pour \u00e9viter les foules. Les lumi\u00e8res de la plupart des rues d\u00e9cor\u00e9es sont allum\u00e9es vers 20 h 30, <strong>offrant une vue\u00a0 magnifique des d\u00e9corations.<\/strong><\/p>\n<p>Notez que les deux premiers jours du festival de Gracia connaissent des piques de fr\u00e9quentation. Je vous recommande de faire preuve de patience lors de la visite.<\/p>\n<p><a href=\"https:\/\/bonjourbarcelone.fr\/wp-content\/uploads\/2023\/01\/48585922771_ee714a460c_k.jpg\"><img decoding=\"async\" class=\"alignnone size-large wp-image-1966\" src=\"https:\/\/bonjourbarcelone.fr\/wp-content\/uploads\/2023\/01\/48585922771_ee714a460c_k-1024x768.jpg\" alt=\"festa major de gracia\" width=\"1024\" height=\"768\" srcset=\"https:\/\/bonjourbarcelone.fr\/wp-content\/uploads\/2023\/01\/48585922771_ee714a460c_k-1024x768.jpg 1024w, https:\/\/bonjourbarcelone.fr\/wp-content\/uploads\/2023\/01\/48585922771_ee714a460c_k-300x225.jpg 300w, https:\/\/bonjourbarcelone.fr\/wp-content\/uploads\/2023\/01\/48585922771_ee714a460c_k-768x576.jpg 768w, https:\/\/bonjourbarcelone.fr\/wp-content\/uploads\/2023\/01\/48585922771_ee714a460c_k-1536x1152.jpg 1536w, https:\/\/bonjourbarcelone.fr\/wp-content\/uploads\/2023\/01\/48585922771_ee714a460c_k.jpg 2048w\" sizes=\"(max-width: 1024px) 100vw, 1024px\" \/><\/a><\/p>\n<h2><a name=\"_Toc124754844\"><\/a><strong>D\u00e9couvrez des rues magnifiquement d\u00e9cor\u00e9es<\/strong><\/h2>\n<p>Le Festival de Gracia \u00e0 Barcelone est c\u00e9l\u00e8bre pour ses d\u00e9corations de rue color\u00e9es fabriqu\u00e9es \u00e0 la main par les r\u00e9sidents. <strong>Les r\u00e9sidents passent des heures \u00e0 transformer leurs rues<\/strong> en mondes fantastiques artisanaux avec des d\u00e9corations charmantes de style carnaval. Les d\u00e9corations changent de th\u00e8me chaque ann\u00e9e.<\/p>\n<p>Toutes les rues d\u00e9cor\u00e9es valent le d\u00e9tour, mais cela peut prendre un certain temps pour toutes les visiter. Il existe certaines rues plus c\u00e9l\u00e8bres pour leurs d\u00e9corations comme <strong>le Carrer de Joan Blanques et le Carrer de Verdi.<\/strong><\/p>\n<p>Le Carrer de Verdi est particuli\u00e8rement int\u00e9ressante, car c\u2019est la premi\u00e8re rue \u00e0 cr\u00e9er ses propres d\u00e9corations et \u00e0 programmer des \u00e9v\u00e9nements de rue en 1862. Consid\u00e9r\u00e9e comme l\u2019une des rues les plus embl\u00e9matiques du festival de Gracia, je vous recommande de ne pas manquer cette rue lors de votre visite.<\/p>\n<h2><a name=\"_Toc124754845\"><\/a><strong>Quels sont les horaires du festival Festa de Gracia\u2009?<\/strong><\/h2>\n<p>Pendant le festival de Gracia, les activit\u00e9s dans les rues d\u00e9cor\u00e9es se prolongent jusqu\u2019\u00e0 <strong>2\u00a0h en semaine et jusqu\u2019\u00e0 3\u00a0h\u00a030 le vendredi et le samedi<\/strong>. Cependant, il y a des exceptions pour certaines places comme Plaza Sol et Plaza Revoluci\u00f3 qui ferment plus t\u00f4t.<\/p>\n<h2><a name=\"_Toc124754846\"><\/a><strong>O\u00f9 se situe la festa major de Gracia\u2009?<\/strong><\/h2>\n<p>Le quartier de Gracia \u00e0 Barcelone se trouve facilement. Il se situe \u00e0 environ 15 \u00e0 20 minutes de marche depuis le centre de Barcelone, en remontant la rue <a href=\"https:\/\/bonjourbarcelone.fr\/passeig-de-gracia\/\">Passeig de Gracia<\/a> depuis la place <a href=\"https:\/\/bonjourbarcelone.fr\/place-catalunya-barcelone\/\">Pla\u00e7a de Catalunya<\/a>.<\/p>\n<p>La majeure partie du festival de Gracia se d\u00e9roule dans la zone appel\u00e9e \u00ab\u2009Vila de Gracia\u2009\u00bb. Si vous prenez un taxi, il vous d\u00e9posera au bord de la zone du festival et vous n\u2019aurez qu\u2019\u00e0 vous promener et d\u00e9couvrir le lieu.<\/p>\n<h2><a name=\"_Toc124754847\"><\/a><strong>Comment vous y rendre\u2009?<\/strong><\/h2>\n<p>Il y a plusieurs fa\u00e7ons de se rendre au Festival de Gracia \u00e0 Barcelone. Si vous \u00eates proche du lieu, vous pouvez vous y rendre \u00e0 pied ou <a href=\"https:\/\/bonjourbarcelone.fr\/velo-barcelone\/\">en v\u00e9lo.<\/a><\/p>\n<p>En transport en commun, le moyen le plus simple est de prendre le m\u00e9tro jusqu\u2019\u00e0 la station de <a href=\"https:\/\/bonjourbarcelone.fr\/metro-barcelone\/\">m\u00e9tro<\/a> <strong>Fontana (L3) ou Joanic (L4)<\/strong> qui se trouvent \u00e0 proximit\u00e9 du quartier de Gracia.<\/p>\n<p>Vous pouvez \u00e9galement prendre le bus ligne 116 qui s\u2019arr\u00eate pr\u00e8s de la zone du festival.<\/p>\n<p>La Festa Major de Gracia est un festival \u00e0 ne pas manquer si vous vous trouvez \u00e0 proximit\u00e9 du lieu. Sur place, vous d\u00e9couvrirez les magnifiques d\u00e9corations r\u00e9alis\u00e9es par les habitants et <strong>c\u00e9l\u00e9brerez cette f\u00eate particuli\u00e8re \u00e0 Barcelone.<\/strong><\/p>\n","protected":false},"excerpt":{"rendered":"<p>Le Festa Major de Gracia est un festival de rue local tr\u00e8s color\u00e9 qui inonde plus de 20 rues et places du quartier Gracia de Barcelone. Aujourd\u2019hui, je vous parle de ce merveilleux festival annuel. La Festa Major de Gracia : sommaire de l&rsquo;article La Festa Major de Gracia en quelques mots D\u00e9couvrez des rues [&hellip;]<\/p>\n","protected":false},"author":2,"featured_media":1966,"comment_status":"open","ping_status":"open","sticky":false,"template":"","format":"standard","meta":{"om_disable_all_campaigns":false,"_genesis_hide_title":false,"_genesis_hide_breadcrumbs":false,"_genesis_hide_singular_image":false,"_genesis_hide_footer_widgets":false,"_genesis_custom_body_class":"","_genesis_custom_post_class":"","_genesis_layout":"","footnotes":""},"categories":[3],"tags":[],"class_list":{"0":"post-1965","1":"post","2":"type-post","3":"status-publish","4":"format-standard","5":"has-post-thumbnail","7":"category-barcelone","8":"entry"},"yoast_head":"<!-- This site is optimized with the Yoast SEO plugin v26.5 - https:\/\/yoast.com\/wordpress\/plugins\/seo\/ -->\n<title>Festa Major de Gracia : un festival \u00e0 ne pas rater<\/title>\n<meta name=\"description\" content=\"La Festa Major de Gracia est un \u00e9v\u00e9nement color\u00e9 \u00e0 ne pas manquer si vous passez en ville. Je vous en parle en d\u00e9tail dans cet article !\" \/>\n<meta name=\"robots\" content=\"index, follow, max-snippet:-1, max-image-preview:large, max-video-preview:-1\" \/>\n<link rel=\"canonical\" href=\"https:\/\/bonjourbarcelone.fr\/fr\/festa-major-de-gracia\/\" \/>\n<meta property=\"og:locale\" content=\"fr_FR\" \/>\n<meta property=\"og:type\" content=\"article\" \/>\n<meta property=\"og:title\" content=\"Festa Major de Gracia : un festival \u00e0 ne pas rater\" \/>\n<meta property=\"og:description\" content=\"La Festa Major de Gracia est un \u00e9v\u00e9nement color\u00e9 \u00e0 ne pas manquer si vous passez en ville. Je vous en parle en d\u00e9tail dans cet article !\" \/>\n<meta property=\"og:url\" content=\"https:\/\/bonjourbarcelone.fr\/fr\/festa-major-de-gracia\/\" \/>\n<meta property=\"og:site_name\" content=\"Visiter Barcelone\" \/>\n<meta property=\"article:published_time\" content=\"2023-01-17T04:25:36+00:00\" \/>\n<meta property=\"article:modified_time\" content=\"2023-12-16T15:04:03+00:00\" \/>\n<meta property=\"og:image\" content=\"https:\/\/bonjourbarcelone.fr\/wp-content\/uploads\/2023\/01\/48585922771_ee714a460c_k.jpg\" \/>\n\t<meta property=\"og:image:width\" content=\"2048\" \/>\n\t<meta property=\"og:image:height\" content=\"1536\" \/>\n\t<meta property=\"og:image:type\" content=\"image\/jpeg\" \/>\n<meta name=\"author\" content=\"Thibaut\" \/>\n<meta name=\"twitter:card\" content=\"summary_large_image\" \/>\n<meta name=\"twitter:label1\" content=\"\u00c9crit par\" \/>\n\t<meta name=\"twitter:data1\" content=\"Thibaut\" \/>\n\t<meta name=\"twitter:label2\" content=\"Dur\u00e9e de lecture estim\u00e9e\" \/>\n\t<meta name=\"twitter:data2\" content=\"4 minutes\" \/>\n<script type=\"application\/ld+json\" class=\"yoast-schema-graph\">{\"@context\":\"https:\/\/schema.org\",\"@graph\":[{\"@type\":\"WebPage\",\"@id\":\"https:\/\/bonjourbarcelone.fr\/festa-major-de-gracia\/\",\"url\":\"https:\/\/bonjourbarcelone.fr\/festa-major-de-gracia\/\",\"name\":\"Festa Major de Gracia : un festival \u00e0 ne pas rater\",\"isPartOf\":{\"@id\":\"https:\/\/bonjourbarcelone.fr\/#website\"},\"primaryImageOfPage\":{\"@id\":\"https:\/\/bonjourbarcelone.fr\/festa-major-de-gracia\/#primaryimage\"},\"image\":{\"@id\":\"https:\/\/bonjourbarcelone.fr\/festa-major-de-gracia\/#primaryimage\"},\"thumbnailUrl\":\"https:\/\/bonjourbarcelone.fr\/wp-content\/uploads\/2023\/01\/48585922771_ee714a460c_k.jpg\",\"datePublished\":\"2023-01-17T04:25:36+00:00\",\"dateModified\":\"2023-12-16T15:04:03+00:00\",\"author\":{\"@id\":\"https:\/\/bonjourbarcelone.fr\/#\/schema\/person\/0bda2897d0b8e0150a7ece6f930ff5e5\"},\"description\":\"La Festa Major de Gracia est un \u00e9v\u00e9nement color\u00e9 \u00e0 ne pas manquer si vous passez en ville. Je vous en parle en d\u00e9tail dans cet article !\",\"breadcrumb\":{\"@id\":\"https:\/\/bonjourbarcelone.fr\/festa-major-de-gracia\/#breadcrumb\"},\"inLanguage\":\"fr-FR\",\"potentialAction\":[{\"@type\":\"ReadAction\",\"target\":[\"https:\/\/bonjourbarcelone.fr\/festa-major-de-gracia\/\"]}]},{\"@type\":\"ImageObject\",\"inLanguage\":\"fr-FR\",\"@id\":\"https:\/\/bonjourbarcelone.fr\/festa-major-de-gracia\/#primaryimage\",\"url\":\"https:\/\/bonjourbarcelone.fr\/wp-content\/uploads\/2023\/01\/48585922771_ee714a460c_k.jpg\",\"contentUrl\":\"https:\/\/bonjourbarcelone.fr\/wp-content\/uploads\/2023\/01\/48585922771_ee714a460c_k.jpg\",\"width\":2048,\"height\":1536,\"caption\":\"festa major de gracia\"},{\"@type\":\"BreadcrumbList\",\"@id\":\"https:\/\/bonjourbarcelone.fr\/festa-major-de-gracia\/#breadcrumb\",\"itemListElement\":[{\"@type\":\"ListItem\",\"position\":1,\"name\":\"Accueil\",\"item\":\"https:\/\/bonjourbarcelone.fr\/\"},{\"@type\":\"ListItem\",\"position\":2,\"name\":\"Festa Major de Gracia : un festival \u00e0 ne pas rater\"}]},{\"@type\":\"WebSite\",\"@id\":\"https:\/\/bonjourbarcelone.fr\/#website\",\"url\":\"https:\/\/bonjourbarcelone.fr\/\",\"name\":\"Visiter Barcelone\",\"description\":\"Tout pour passer un s\u00e9jour inoubliable en 2026 !\",\"potentialAction\":[{\"@type\":\"SearchAction\",\"target\":{\"@type\":\"EntryPoint\",\"urlTemplate\":\"https:\/\/bonjourbarcelone.fr\/?s={search_term_string}\"},\"query-input\":{\"@type\":\"PropertyValueSpecification\",\"valueRequired\":true,\"valueName\":\"search_term_string\"}}],\"inLanguage\":\"fr-FR\"},{\"@type\":\"Person\",\"@id\":\"https:\/\/bonjourbarcelone.fr\/#\/schema\/person\/0bda2897d0b8e0150a7ece6f930ff5e5\",\"name\":\"Thibaut\",\"image\":{\"@type\":\"ImageObject\",\"inLanguage\":\"fr-FR\",\"@id\":\"https:\/\/bonjourbarcelone.fr\/#\/schema\/person\/image\/\",\"url\":\"https:\/\/secure.gravatar.com\/avatar\/436636a11d7c80b948817b5a66d82f9305017ea4c84ab9a676db1d62ccc2c25d?s=96&r=g\",\"contentUrl\":\"https:\/\/secure.gravatar.com\/avatar\/436636a11d7c80b948817b5a66d82f9305017ea4c84ab9a676db1d62ccc2c25d?s=96&r=g\",\"caption\":\"Thibaut\"},\"description\":\"J'aide les voyageurs \u00e0 mieux visiter la ville de Barcelone avec un contenu \u00e9crit et actualis\u00e9 par des experts locaux pour vivre la meilleure exp\u00e9rience possible ! Notre agence de voyage propose \u00e9galement des visites guid\u00e9es en fran\u00e7ais.\"}]}<\/script>\n<!-- \/ Yoast SEO plugin. -->","yoast_head_json":{"title":"Festa Major de Gracia : un festival \u00e0 ne pas rater","description":"La Festa Major de Gracia est un \u00e9v\u00e9nement color\u00e9 \u00e0 ne pas manquer si vous passez en ville. Je vous en parle en d\u00e9tail dans cet article !","robots":{"index":"index","follow":"follow","max-snippet":"max-snippet:-1","max-image-preview":"max-image-preview:large","max-video-preview":"max-video-preview:-1"},"canonical":"https:\/\/bonjourbarcelone.fr\/fr\/festa-major-de-gracia\/","og_locale":"fr_FR","og_type":"article","og_title":"Festa Major de Gracia : un festival \u00e0 ne pas rater","og_description":"La Festa Major de Gracia est un \u00e9v\u00e9nement color\u00e9 \u00e0 ne pas manquer si vous passez en ville. Je vous en parle en d\u00e9tail dans cet article !","og_url":"https:\/\/bonjourbarcelone.fr\/fr\/festa-major-de-gracia\/","og_site_name":"Visiter Barcelone","article_published_time":"2023-01-17T04:25:36+00:00","article_modified_time":"2023-12-16T15:04:03+00:00","og_image":[{"width":2048,"height":1536,"url":"https:\/\/bonjourbarcelone.fr\/wp-content\/uploads\/2023\/01\/48585922771_ee714a460c_k.jpg","type":"image\/jpeg"}],"author":"Thibaut","twitter_card":"summary_large_image","twitter_misc":{"\u00c9crit par":"Thibaut","Dur\u00e9e de lecture estim\u00e9e":"4 minutes"},"schema":{"@context":"https:\/\/schema.org","@graph":[{"@type":"WebPage","@id":"https:\/\/bonjourbarcelone.fr\/festa-major-de-gracia\/","url":"https:\/\/bonjourbarcelone.fr\/festa-major-de-gracia\/","name":"Festa Major de Gracia : un festival \u00e0 ne pas rater","isPartOf":{"@id":"https:\/\/bonjourbarcelone.fr\/#website"},"primaryImageOfPage":{"@id":"https:\/\/bonjourbarcelone.fr\/festa-major-de-gracia\/#primaryimage"},"image":{"@id":"https:\/\/bonjourbarcelone.fr\/festa-major-de-gracia\/#primaryimage"},"thumbnailUrl":"https:\/\/bonjourbarcelone.fr\/wp-content\/uploads\/2023\/01\/48585922771_ee714a460c_k.jpg","datePublished":"2023-01-17T04:25:36+00:00","dateModified":"2023-12-16T15:04:03+00:00","author":{"@id":"https:\/\/bonjourbarcelone.fr\/#\/schema\/person\/0bda2897d0b8e0150a7ece6f930ff5e5"},"description":"La Festa Major de Gracia est un \u00e9v\u00e9nement color\u00e9 \u00e0 ne pas manquer si vous passez en ville. Je vous en parle en d\u00e9tail dans cet article !","breadcrumb":{"@id":"https:\/\/bonjourbarcelone.fr\/festa-major-de-gracia\/#breadcrumb"},"inLanguage":"fr-FR","potentialAction":[{"@type":"ReadAction","target":["https:\/\/bonjourbarcelone.fr\/festa-major-de-gracia\/"]}]},{"@type":"ImageObject","inLanguage":"fr-FR","@id":"https:\/\/bonjourbarcelone.fr\/festa-major-de-gracia\/#primaryimage","url":"https:\/\/bonjourbarcelone.fr\/wp-content\/uploads\/2023\/01\/48585922771_ee714a460c_k.jpg","contentUrl":"https:\/\/bonjourbarcelone.fr\/wp-content\/uploads\/2023\/01\/48585922771_ee714a460c_k.jpg","width":2048,"height":1536,"caption":"festa major de gracia"},{"@type":"BreadcrumbList","@id":"https:\/\/bonjourbarcelone.fr\/festa-major-de-gracia\/#breadcrumb","itemListElement":[{"@type":"ListItem","position":1,"name":"Accueil","item":"https:\/\/bonjourbarcelone.fr\/"},{"@type":"ListItem","position":2,"name":"Festa Major de Gracia : un festival \u00e0 ne pas rater"}]},{"@type":"WebSite","@id":"https:\/\/bonjourbarcelone.fr\/#website","url":"https:\/\/bonjourbarcelone.fr\/","name":"Visiter Barcelone","description":"Tout pour passer un s\u00e9jour inoubliable en 2026 !","potentialAction":[{"@type":"SearchAction","target":{"@type":"EntryPoint","urlTemplate":"https:\/\/bonjourbarcelone.fr\/?s={search_term_string}"},"query-input":{"@type":"PropertyValueSpecification","valueRequired":true,"valueName":"search_term_string"}}],"inLanguage":"fr-FR"},{"@type":"Person","@id":"https:\/\/bonjourbarcelone.fr\/#\/schema\/person\/0bda2897d0b8e0150a7ece6f930ff5e5","name":"Thibaut","image":{"@type":"ImageObject","inLanguage":"fr-FR","@id":"https:\/\/bonjourbarcelone.fr\/#\/schema\/person\/image\/","url":"https:\/\/secure.gravatar.com\/avatar\/436636a11d7c80b948817b5a66d82f9305017ea4c84ab9a676db1d62ccc2c25d?s=96&r=g","contentUrl":"https:\/\/secure.gravatar.com\/avatar\/436636a11d7c80b948817b5a66d82f9305017ea4c84ab9a676db1d62ccc2c25d?s=96&r=g","caption":"Thibaut"},"description":"J'aide les voyageurs \u00e0 mieux visiter la ville de Barcelone avec un contenu \u00e9crit et actualis\u00e9 par des experts locaux pour vivre la meilleure exp\u00e9rience possible ! Notre agence de voyage propose \u00e9galement des visites guid\u00e9es en fran\u00e7ais."}]}},"_links":{"self":[{"href":"https:\/\/bonjourbarcelone.fr\/fr\/wp-json\/wp\/v2\/posts\/1965","targetHints":{"allow":["GET"]}}],"collection":[{"href":"https:\/\/bonjourbarcelone.fr\/fr\/wp-json\/wp\/v2\/posts"}],"about":[{"href":"https:\/\/bonjourbarcelone.fr\/fr\/wp-json\/wp\/v2\/types\/post"}],"author":[{"embeddable":true,"href":"https:\/\/bonjourbarcelone.fr\/fr\/wp-json\/wp\/v2\/users\/2"}],"replies":[{"embeddable":true,"href":"https:\/\/bonjourbarcelone.fr\/fr\/wp-json\/wp\/v2\/comments?post=1965"}],"version-history":[{"count":2,"href":"https:\/\/bonjourbarcelone.fr\/fr\/wp-json\/wp\/v2\/posts\/1965\/revisions"}],"predecessor-version":[{"id":3510,"href":"https:\/\/bonjourbarcelone.fr\/fr\/wp-json\/wp\/v2\/posts\/1965\/revisions\/3510"}],"wp:featuredmedia":[{"embeddable":true,"href":"https:\/\/bonjourbarcelone.fr\/fr\/wp-json\/wp\/v2\/media\/1966"}],"wp:attachment":[{"href":"https:\/\/bonjourbarcelone.fr\/fr\/wp-json\/wp\/v2\/media?parent=1965"}],"wp:term":[{"taxonomy":"category","embeddable":true,"href":"https:\/\/bonjourbarcelone.fr\/fr\/wp-json\/wp\/v2\/categories?post=1965"},{"taxonomy":"post_tag","embeddable":true,"href":"https:\/\/bonjourbarcelone.fr\/fr\/wp-json\/wp\/v2\/tags?post=1965"}],"curies":[{"name":"wp","href":"https:\/\/api.w.org\/{rel}","templated":true}]}}