{"id":2055,"date":"2023-02-02T17:00:35","date_gmt":"2023-02-02T17:00:35","guid":{"rendered":"https:\/\/bonjourbarcelone.fr\/?p=2055"},"modified":"2023-12-16T15:03:28","modified_gmt":"2023-12-16T15:03:28","slug":"torre-bellesguard","status":"publish","type":"post","link":"https:\/\/bonjourbarcelone.fr\/fr\/torre-bellesguard\/","title":{"rendered":"Torre Bellesguard : une \u0153uvre de Gaudi"},"content":{"rendered":"<p>La <strong>Torre Bellesguard<\/strong> \u00e9tait la seule \u0153uvre de Gaud\u00ed pour laquelle il devait trouver un client.<\/p>\n<p>Avec le b\u00e2timent, il a cr\u00e9\u00e9 un hommage au Moyen \u00c2ge et a interpr\u00e9t\u00e9 le style gothique \u00e0 sa mani\u00e8re.<\/p>\n<p>D\u00e9couvrons-la plus en d\u00e9tail\u2009!<\/p>\n<h2 class=\"summary-title\">Torre Bellesguard : sommaire de l&rsquo;article<\/h2>\n<div class=\"summary-box\">\n<ul class=\"summary-list\">\n<li><a href=\"#_Toc126220452\">Quelles sont les raisons de visiter la Torre Bellesguard\u2009?<\/a><\/li>\n<li><a href=\"#_Toc126220453\">L\u2019interpr\u00e9tation du gothique par Gaud\u00ed<\/a><\/li>\n<li><a href=\"#_Toc126220454\">Que voir \u00e0 l\u2019int\u00e9rieur de Bellesguard<\/a><\/li>\n<li><a href=\"#_Toc126220455\">Attardez-vous sur le toit du b\u00e2timent<\/a><\/li>\n<li><a href=\"#_Toc126220456\">Pourquoi Torre Bellesguard vaut le d\u00e9tour\u2009?<\/a><\/li>\n<li><a href=\"#_Toc126220457\">Quels sont les horaires d\u2019ouverture\u2009?<\/a><\/li>\n<li><a href=\"#_Toc126220458\">Comment s\u2019y rendre\u2009?<\/a><\/li>\n<li><a href=\"#_Toc126220459\">Quels sont les tarifs pour visiter le lieu\u2009?<\/a><\/li>\n<\/ul>\n<\/div>\n<h2><a name=\"_Toc126220452\"><\/a><strong>Quelles sont les raisons de visiter la Torre Bellesguard\u2009?<\/strong><\/h2>\n<p>La Torre de Bellesguard est <strong>une \u0153uvre de l\u2019architecte Antoni Gaud\u00ed<\/strong> qui a re\u00e7u peu d\u2019attention jusqu\u2019\u00e0 pr\u00e9sent. Vous pouvez y voir un certain nombre d\u2019\u00e9l\u00e9ments <strong>perfectionn\u00e9s dans ses \u0153uvres ult\u00e9rieures.<\/strong><\/p>\n<p>Cette propri\u00e9t\u00e9 dans le quartier calme de Sant Gervasi et l\u2019histoire particuli\u00e8re autour de la maison ont incit\u00e9 <a href=\"https:\/\/bonjourbarcelone.fr\/gaudi-barcelone\/\">Gaud\u00ed<\/a> \u00e0 acheter la propri\u00e9t\u00e9 et \u00e0 construire <strong>une nouvelle maison sur les ruines m\u00e9di\u00e9vales.<\/strong><\/p>\n<p><a href=\"https:\/\/bonjourbarcelone.fr\/wp-content\/uploads\/2023\/02\/torre-bellesguard.jpg\"><img decoding=\"async\" class=\"alignnone size-large wp-image-2056\" src=\"https:\/\/bonjourbarcelone.fr\/wp-content\/uploads\/2023\/02\/torre-bellesguard-1024x812.jpg\" alt=\"torre bellesguard\" width=\"1024\" height=\"812\" srcset=\"https:\/\/bonjourbarcelone.fr\/wp-content\/uploads\/2023\/02\/torre-bellesguard-1024x812.jpg 1024w, https:\/\/bonjourbarcelone.fr\/wp-content\/uploads\/2023\/02\/torre-bellesguard-300x238.jpg 300w, https:\/\/bonjourbarcelone.fr\/wp-content\/uploads\/2023\/02\/torre-bellesguard-768x609.jpg 768w, https:\/\/bonjourbarcelone.fr\/wp-content\/uploads\/2023\/02\/torre-bellesguard-1536x1218.jpg 1536w, https:\/\/bonjourbarcelone.fr\/wp-content\/uploads\/2023\/02\/torre-bellesguard.jpg 2048w\" sizes=\"(max-width: 1024px) 100vw, 1024px\" \/><\/a><\/p>\n<h2><a name=\"_Toc126220453\"><\/a><strong>L\u2019interpr\u00e9tation du gothique par Gaud\u00ed<\/strong><\/h2>\n<p>La Torre Bellesguard est un b\u00e2timent ind\u00e9pendant avec un plan carr\u00e9, avec des diagonales pointant vers les quatre points cardinaux. En l\u2019honneur de l\u2019apog\u00e9e du gothique catalan, il a interpr\u00e9t\u00e9 <strong>le style gothique \u00e0 sa mani\u00e8re.<\/strong><\/p>\n<p>Bien qu\u2019il n\u2019y ait pas beaucoup d\u2019\u00e9l\u00e9ments gothiques sur le b\u00e2timent, l\u2019ensemble pr\u00e9sente un aspect gothique. Cette impression est particuli\u00e8rement marqu\u00e9e par le grand portail avec son arc en plein cintre, les fen\u00eatres allong\u00e9es et la fa\u00e7ade couronn\u00e9e de cr\u00e9neaux.<\/p>\n<p>Gaud\u00ed a r\u00e9interpr\u00e9t\u00e9 une caract\u00e9ristique essentielle du style gothique : il a dot\u00e9 l\u2019arc de l\u2019entr\u00e9e principale de grandes tesselles hexagonales et octogonales. La texture de ces pierres contraste de fa\u00e7on frappante avec l\u2019ardoise gris-vert du reste du b\u00e2timent. Gr\u00e2ce aux pierres d\u2019ardoise que Gaud\u00ed a trouv\u00e9es sur la propri\u00e9t\u00e9, il a r\u00e9ussi \u00e0 <strong>int\u00e9grer harmonieusement la maison dans son environnement.<\/strong><\/p>\n<h2><a name=\"_Toc126220454\"><\/a><strong>Que voir \u00e0 l\u2019int\u00e9rieur de Bellesguard<\/strong><\/h2>\n<p>L\u2019int\u00e9rieur du b\u00e2timent contraste avec la fa\u00e7ade sombre. Celui-ci est lumineux et inond\u00e9 de lumi\u00e8re. Le blanc \u00e9clatant de la cage d\u2019escalier, peint avec du pl\u00e2tre et de la peinture \u00e0 la chaux, met l\u2019accent sur les formes con\u00e7ues par Gaud\u00ed.<\/p>\n<p>Alors que Gaud\u00ed s\u2019est <strong>inspir\u00e9 du style gothique pour la fa\u00e7ade<\/strong>, l\u2019int\u00e9rieur rappelle l\u2019architecture mauresque et mud\u00e9jare. L\u2019escalier avec ses carreaux muraux color\u00e9s et ses arcs courbes donne au b\u00e2timent l\u2019atmosph\u00e8re d\u2019un palais andalou. On devine ici combien Gaud\u00ed fut impressionn\u00e9 par ce type de construction.<\/p>\n<h2><a name=\"_Toc126220455\"><\/a><strong>Attardez-vous sur le toit du b\u00e2timent<\/strong><\/h2>\n<p>Gaud\u00ed croyait que les maisons individuelles devaient avoir un double toit pour <strong>s\u2019isoler de la chaleur estivale<\/strong>. Les mat\u00e9riaux d\u2019isolation modernes d\u2019aujourd\u2019hui \u00e9taient inconnus \u00e0 l\u2019\u00e9poque.<\/p>\n<p>Le grenier inf\u00e9rieur est une grande pi\u00e8ce qui occupe toute la superficie au sol de la maison. La construction du toit est soutenue par huit piliers et de nombreux arcs en briques.<\/p>\n<h2><a name=\"_Toc126220456\"><\/a><strong>Pourquoi Torre Bellesguard vaut le d\u00e9tour\u2009?<\/strong><\/h2>\n<p>Bellesguard est moins spectaculaire que d\u2019autres b\u00e2timents con\u00e7us par le brillant architecte Antoni Gaud\u00ed. N\u00e9anmoins, il vaut la peine de visiter le b\u00e2timent\u00a0: il est tr\u00e8s beau et, avec son architecture particuli\u00e8re, il repr\u00e9sente une \u0153uvre tr\u00e8s ancienne de Gaud\u00ed. Je vous invite \u00e0 vous attarder et \u00e0 <strong>profiter du calme et de la tranquillit\u00e9 pr\u00e9sente sur les lieux<\/strong>.<\/p>\n<h2><a name=\"_Toc126220457\"><\/a><strong>Quels sont les horaires d\u2019ouverture\u2009?<\/strong><\/h2>\n<p>Le b\u00e2timent est accessible au public\u00a0:<\/p>\n<ul>\n<li>Du mardi au dimanche <strong>de 10\u00a0h \u00e0 15\u00a0h<\/strong><\/li>\n<\/ul>\n<h2><a name=\"_Toc126220458\"><\/a><strong>Comment s\u2019y rendre\u2009?<\/strong><\/h2>\n<p>Pour vous rendre sur place, vous pouvez utiliser\u00a0:<\/p>\n<ul>\n<li>La<strong> ligne de <a href=\"https:\/\/bonjourbarcelone.fr\/bus-barcelone\/\">bus<\/a>\u00a0123<\/strong> qui vous emm\u00e8ne directement sur place en descendant \u00e0 l\u2019arr\u00eat Bellesguard<\/li>\n<li>Le <strong><a href=\"https:\/\/bonjourbarcelone.fr\/metro-barcelone\/\">m\u00e9tro<\/a>\u00a0L7 en sortant \u00e0 la station El Putxet<\/strong><\/li>\n<\/ul>\n<h2><a name=\"_Toc126220459\"><\/a><strong>Quels sont les tarifs pour visiter le lieu\u2009?<\/strong><\/h2>\n<p>Vous pouvez visiter le lieu gr\u00e2ce \u00e0\u00a0:<\/p>\n<ul>\n<li>Une visite guid\u00e9e qui vous coutera <strong>16\u00a0\u20ac par personne<\/strong><\/li>\n<li>Une visite avec audio guide pour <strong>9\u00a0\u20ac par personne<\/strong><\/li>\n<\/ul>\n<p>Une visite \u00e0 Bellesguard vous aidera certainement \u00e0 mieux comprendre Gaud\u00ed et \u00e0 comprendre son d\u00e9veloppement artistique. Certains \u00e9l\u00e9ments peuvent \u00eatre reconnus dans ses constructions ult\u00e9rieures sous une forme modifi\u00e9e. Un passage obligatoire <strong>pour tous les amateurs de l\u2019\u0153uvre de Gaudi.<\/strong><\/p>\n","protected":false},"excerpt":{"rendered":"<p>La Torre Bellesguard \u00e9tait la seule \u0153uvre de Gaud\u00ed pour laquelle il devait trouver un client. Avec le b\u00e2timent, il a cr\u00e9\u00e9 un hommage au Moyen \u00c2ge et a interpr\u00e9t\u00e9 le style gothique \u00e0 sa mani\u00e8re. D\u00e9couvrons-la plus en d\u00e9tail\u2009! Torre Bellesguard : sommaire de l&rsquo;article Quelles sont les raisons de visiter la Torre Bellesguard\u2009? [&hellip;]<\/p>\n","protected":false},"author":2,"featured_media":2056,"comment_status":"open","ping_status":"open","sticky":false,"template":"","format":"standard","meta":{"om_disable_all_campaigns":false,"_genesis_hide_title":false,"_genesis_hide_breadcrumbs":false,"_genesis_hide_singular_image":false,"_genesis_hide_footer_widgets":false,"_genesis_custom_body_class":"","_genesis_custom_post_class":"","_genesis_layout":"","footnotes":""},"categories":[3],"tags":[],"class_list":{"0":"post-2055","1":"post","2":"type-post","3":"status-publish","4":"format-standard","5":"has-post-thumbnail","7":"category-barcelone","8":"entry"},"yoast_head":"<!-- This site is optimized with the Yoast SEO plugin v26.5 - https:\/\/yoast.com\/wordpress\/plugins\/seo\/ -->\n<title>Torre Bellesguard : une \u0153uvre de Gaudi<\/title>\n<meta name=\"description\" content=\"La Torre Bellesguard est une autre \u0153uvre de Gaudi \u00e0 voir \u00e0 Barcelone. Dans cet article, je vous emm\u00e8ne dans ce lieu\u2009!\" \/>\n<meta name=\"robots\" content=\"index, follow, max-snippet:-1, max-image-preview:large, max-video-preview:-1\" \/>\n<link rel=\"canonical\" href=\"https:\/\/bonjourbarcelone.fr\/fr\/torre-bellesguard\/\" \/>\n<meta property=\"og:locale\" content=\"fr_FR\" \/>\n<meta property=\"og:type\" content=\"article\" \/>\n<meta property=\"og:title\" content=\"Torre Bellesguard : une \u0153uvre de Gaudi\" \/>\n<meta property=\"og:description\" content=\"La Torre Bellesguard est une autre \u0153uvre de Gaudi \u00e0 voir \u00e0 Barcelone. Dans cet article, je vous emm\u00e8ne dans ce lieu\u2009!\" \/>\n<meta property=\"og:url\" content=\"https:\/\/bonjourbarcelone.fr\/fr\/torre-bellesguard\/\" \/>\n<meta property=\"og:site_name\" content=\"Visiter Barcelone\" \/>\n<meta property=\"article:published_time\" content=\"2023-02-02T17:00:35+00:00\" \/>\n<meta property=\"article:modified_time\" content=\"2023-12-16T15:03:28+00:00\" \/>\n<meta property=\"og:image\" content=\"https:\/\/bonjourbarcelone.fr\/wp-content\/uploads\/2023\/02\/torre-bellesguard.jpg\" \/>\n\t<meta property=\"og:image:width\" content=\"2048\" \/>\n\t<meta property=\"og:image:height\" content=\"1624\" \/>\n\t<meta property=\"og:image:type\" content=\"image\/jpeg\" \/>\n<meta name=\"author\" content=\"Thibaut\" \/>\n<meta name=\"twitter:card\" content=\"summary_large_image\" \/>\n<meta name=\"twitter:label1\" content=\"\u00c9crit par\" \/>\n\t<meta name=\"twitter:data1\" content=\"Thibaut\" \/>\n\t<meta name=\"twitter:label2\" content=\"Dur\u00e9e de lecture estim\u00e9e\" \/>\n\t<meta name=\"twitter:data2\" content=\"4 minutes\" \/>\n<script type=\"application\/ld+json\" class=\"yoast-schema-graph\">{\"@context\":\"https:\/\/schema.org\",\"@graph\":[{\"@type\":\"WebPage\",\"@id\":\"https:\/\/bonjourbarcelone.fr\/torre-bellesguard\/\",\"url\":\"https:\/\/bonjourbarcelone.fr\/torre-bellesguard\/\",\"name\":\"Torre Bellesguard : une \u0153uvre de Gaudi\",\"isPartOf\":{\"@id\":\"https:\/\/bonjourbarcelone.fr\/#website\"},\"primaryImageOfPage\":{\"@id\":\"https:\/\/bonjourbarcelone.fr\/torre-bellesguard\/#primaryimage\"},\"image\":{\"@id\":\"https:\/\/bonjourbarcelone.fr\/torre-bellesguard\/#primaryimage\"},\"thumbnailUrl\":\"https:\/\/bonjourbarcelone.fr\/wp-content\/uploads\/2023\/02\/torre-bellesguard.jpg\",\"datePublished\":\"2023-02-02T17:00:35+00:00\",\"dateModified\":\"2023-12-16T15:03:28+00:00\",\"author\":{\"@id\":\"https:\/\/bonjourbarcelone.fr\/#\/schema\/person\/0bda2897d0b8e0150a7ece6f930ff5e5\"},\"description\":\"La Torre Bellesguard est une autre \u0153uvre de Gaudi \u00e0 voir \u00e0 Barcelone. Dans cet article, je vous emm\u00e8ne dans ce lieu\u2009!\",\"breadcrumb\":{\"@id\":\"https:\/\/bonjourbarcelone.fr\/torre-bellesguard\/#breadcrumb\"},\"inLanguage\":\"fr-FR\",\"potentialAction\":[{\"@type\":\"ReadAction\",\"target\":[\"https:\/\/bonjourbarcelone.fr\/torre-bellesguard\/\"]}]},{\"@type\":\"ImageObject\",\"inLanguage\":\"fr-FR\",\"@id\":\"https:\/\/bonjourbarcelone.fr\/torre-bellesguard\/#primaryimage\",\"url\":\"https:\/\/bonjourbarcelone.fr\/wp-content\/uploads\/2023\/02\/torre-bellesguard.jpg\",\"contentUrl\":\"https:\/\/bonjourbarcelone.fr\/wp-content\/uploads\/2023\/02\/torre-bellesguard.jpg\",\"width\":2048,\"height\":1624,\"caption\":\"torre bellesguard\"},{\"@type\":\"BreadcrumbList\",\"@id\":\"https:\/\/bonjourbarcelone.fr\/torre-bellesguard\/#breadcrumb\",\"itemListElement\":[{\"@type\":\"ListItem\",\"position\":1,\"name\":\"Accueil\",\"item\":\"https:\/\/bonjourbarcelone.fr\/\"},{\"@type\":\"ListItem\",\"position\":2,\"name\":\"Torre Bellesguard : une \u0153uvre de Gaudi\"}]},{\"@type\":\"WebSite\",\"@id\":\"https:\/\/bonjourbarcelone.fr\/#website\",\"url\":\"https:\/\/bonjourbarcelone.fr\/\",\"name\":\"Visiter Barcelone\",\"description\":\"Tout pour passer un s\u00e9jour inoubliable en 2026 !\",\"potentialAction\":[{\"@type\":\"SearchAction\",\"target\":{\"@type\":\"EntryPoint\",\"urlTemplate\":\"https:\/\/bonjourbarcelone.fr\/?s={search_term_string}\"},\"query-input\":{\"@type\":\"PropertyValueSpecification\",\"valueRequired\":true,\"valueName\":\"search_term_string\"}}],\"inLanguage\":\"fr-FR\"},{\"@type\":\"Person\",\"@id\":\"https:\/\/bonjourbarcelone.fr\/#\/schema\/person\/0bda2897d0b8e0150a7ece6f930ff5e5\",\"name\":\"Thibaut\",\"image\":{\"@type\":\"ImageObject\",\"inLanguage\":\"fr-FR\",\"@id\":\"https:\/\/bonjourbarcelone.fr\/#\/schema\/person\/image\/\",\"url\":\"https:\/\/secure.gravatar.com\/avatar\/436636a11d7c80b948817b5a66d82f9305017ea4c84ab9a676db1d62ccc2c25d?s=96&r=g\",\"contentUrl\":\"https:\/\/secure.gravatar.com\/avatar\/436636a11d7c80b948817b5a66d82f9305017ea4c84ab9a676db1d62ccc2c25d?s=96&r=g\",\"caption\":\"Thibaut\"},\"description\":\"J'aide les voyageurs \u00e0 mieux visiter la ville de Barcelone avec un contenu \u00e9crit et actualis\u00e9 par des experts locaux pour vivre la meilleure exp\u00e9rience possible ! Notre agence de voyage propose \u00e9galement des visites guid\u00e9es en fran\u00e7ais.\"}]}<\/script>\n<!-- \/ Yoast SEO plugin. -->","yoast_head_json":{"title":"Torre Bellesguard : une \u0153uvre de Gaudi","description":"La Torre Bellesguard est une autre \u0153uvre de Gaudi \u00e0 voir \u00e0 Barcelone. Dans cet article, je vous emm\u00e8ne dans ce lieu\u2009!","robots":{"index":"index","follow":"follow","max-snippet":"max-snippet:-1","max-image-preview":"max-image-preview:large","max-video-preview":"max-video-preview:-1"},"canonical":"https:\/\/bonjourbarcelone.fr\/fr\/torre-bellesguard\/","og_locale":"fr_FR","og_type":"article","og_title":"Torre Bellesguard : une \u0153uvre de Gaudi","og_description":"La Torre Bellesguard est une autre \u0153uvre de Gaudi \u00e0 voir \u00e0 Barcelone. Dans cet article, je vous emm\u00e8ne dans ce lieu\u2009!","og_url":"https:\/\/bonjourbarcelone.fr\/fr\/torre-bellesguard\/","og_site_name":"Visiter Barcelone","article_published_time":"2023-02-02T17:00:35+00:00","article_modified_time":"2023-12-16T15:03:28+00:00","og_image":[{"width":2048,"height":1624,"url":"https:\/\/bonjourbarcelone.fr\/wp-content\/uploads\/2023\/02\/torre-bellesguard.jpg","type":"image\/jpeg"}],"author":"Thibaut","twitter_card":"summary_large_image","twitter_misc":{"\u00c9crit par":"Thibaut","Dur\u00e9e de lecture estim\u00e9e":"4 minutes"},"schema":{"@context":"https:\/\/schema.org","@graph":[{"@type":"WebPage","@id":"https:\/\/bonjourbarcelone.fr\/torre-bellesguard\/","url":"https:\/\/bonjourbarcelone.fr\/torre-bellesguard\/","name":"Torre Bellesguard : une \u0153uvre de Gaudi","isPartOf":{"@id":"https:\/\/bonjourbarcelone.fr\/#website"},"primaryImageOfPage":{"@id":"https:\/\/bonjourbarcelone.fr\/torre-bellesguard\/#primaryimage"},"image":{"@id":"https:\/\/bonjourbarcelone.fr\/torre-bellesguard\/#primaryimage"},"thumbnailUrl":"https:\/\/bonjourbarcelone.fr\/wp-content\/uploads\/2023\/02\/torre-bellesguard.jpg","datePublished":"2023-02-02T17:00:35+00:00","dateModified":"2023-12-16T15:03:28+00:00","author":{"@id":"https:\/\/bonjourbarcelone.fr\/#\/schema\/person\/0bda2897d0b8e0150a7ece6f930ff5e5"},"description":"La Torre Bellesguard est une autre \u0153uvre de Gaudi \u00e0 voir \u00e0 Barcelone. Dans cet article, je vous emm\u00e8ne dans ce lieu\u2009!","breadcrumb":{"@id":"https:\/\/bonjourbarcelone.fr\/torre-bellesguard\/#breadcrumb"},"inLanguage":"fr-FR","potentialAction":[{"@type":"ReadAction","target":["https:\/\/bonjourbarcelone.fr\/torre-bellesguard\/"]}]},{"@type":"ImageObject","inLanguage":"fr-FR","@id":"https:\/\/bonjourbarcelone.fr\/torre-bellesguard\/#primaryimage","url":"https:\/\/bonjourbarcelone.fr\/wp-content\/uploads\/2023\/02\/torre-bellesguard.jpg","contentUrl":"https:\/\/bonjourbarcelone.fr\/wp-content\/uploads\/2023\/02\/torre-bellesguard.jpg","width":2048,"height":1624,"caption":"torre bellesguard"},{"@type":"BreadcrumbList","@id":"https:\/\/bonjourbarcelone.fr\/torre-bellesguard\/#breadcrumb","itemListElement":[{"@type":"ListItem","position":1,"name":"Accueil","item":"https:\/\/bonjourbarcelone.fr\/"},{"@type":"ListItem","position":2,"name":"Torre Bellesguard : une \u0153uvre de Gaudi"}]},{"@type":"WebSite","@id":"https:\/\/bonjourbarcelone.fr\/#website","url":"https:\/\/bonjourbarcelone.fr\/","name":"Visiter Barcelone","description":"Tout pour passer un s\u00e9jour inoubliable en 2026 !","potentialAction":[{"@type":"SearchAction","target":{"@type":"EntryPoint","urlTemplate":"https:\/\/bonjourbarcelone.fr\/?s={search_term_string}"},"query-input":{"@type":"PropertyValueSpecification","valueRequired":true,"valueName":"search_term_string"}}],"inLanguage":"fr-FR"},{"@type":"Person","@id":"https:\/\/bonjourbarcelone.fr\/#\/schema\/person\/0bda2897d0b8e0150a7ece6f930ff5e5","name":"Thibaut","image":{"@type":"ImageObject","inLanguage":"fr-FR","@id":"https:\/\/bonjourbarcelone.fr\/#\/schema\/person\/image\/","url":"https:\/\/secure.gravatar.com\/avatar\/436636a11d7c80b948817b5a66d82f9305017ea4c84ab9a676db1d62ccc2c25d?s=96&r=g","contentUrl":"https:\/\/secure.gravatar.com\/avatar\/436636a11d7c80b948817b5a66d82f9305017ea4c84ab9a676db1d62ccc2c25d?s=96&r=g","caption":"Thibaut"},"description":"J'aide les voyageurs \u00e0 mieux visiter la ville de Barcelone avec un contenu \u00e9crit et actualis\u00e9 par des experts locaux pour vivre la meilleure exp\u00e9rience possible ! Notre agence de voyage propose \u00e9galement des visites guid\u00e9es en fran\u00e7ais."}]}},"_links":{"self":[{"href":"https:\/\/bonjourbarcelone.fr\/fr\/wp-json\/wp\/v2\/posts\/2055","targetHints":{"allow":["GET"]}}],"collection":[{"href":"https:\/\/bonjourbarcelone.fr\/fr\/wp-json\/wp\/v2\/posts"}],"about":[{"href":"https:\/\/bonjourbarcelone.fr\/fr\/wp-json\/wp\/v2\/types\/post"}],"author":[{"embeddable":true,"href":"https:\/\/bonjourbarcelone.fr\/fr\/wp-json\/wp\/v2\/users\/2"}],"replies":[{"embeddable":true,"href":"https:\/\/bonjourbarcelone.fr\/fr\/wp-json\/wp\/v2\/comments?post=2055"}],"version-history":[{"count":2,"href":"https:\/\/bonjourbarcelone.fr\/fr\/wp-json\/wp\/v2\/posts\/2055\/revisions"}],"predecessor-version":[{"id":2819,"href":"https:\/\/bonjourbarcelone.fr\/fr\/wp-json\/wp\/v2\/posts\/2055\/revisions\/2819"}],"wp:featuredmedia":[{"embeddable":true,"href":"https:\/\/bonjourbarcelone.fr\/fr\/wp-json\/wp\/v2\/media\/2056"}],"wp:attachment":[{"href":"https:\/\/bonjourbarcelone.fr\/fr\/wp-json\/wp\/v2\/media?parent=2055"}],"wp:term":[{"taxonomy":"category","embeddable":true,"href":"https:\/\/bonjourbarcelone.fr\/fr\/wp-json\/wp\/v2\/categories?post=2055"},{"taxonomy":"post_tag","embeddable":true,"href":"https:\/\/bonjourbarcelone.fr\/fr\/wp-json\/wp\/v2\/tags?post=2055"}],"curies":[{"name":"wp","href":"https:\/\/api.w.org\/{rel}","templated":true}]}}