{"id":2166,"date":"2023-02-13T12:55:02","date_gmt":"2023-02-13T12:55:02","guid":{"rendered":"https:\/\/bonjourbarcelone.fr\/?p=2166"},"modified":"2023-12-16T15:02:41","modified_gmt":"2023-12-16T15:02:41","slug":"fete-nationale-en-catalogne","status":"publish","type":"post","link":"https:\/\/bonjourbarcelone.fr\/fr\/fete-nationale-en-catalogne\/","title":{"rendered":"F\u00eate nationale en Catalogne : tout savoir sur ce festival"},"content":{"rendered":"<p><strong>La f\u00eate nationale de la Catalogne<\/strong>, connue localement sous le nom de La Diada Nacional de Catalunya.<\/p>\n<p>Ce festival qui tient dans la r\u00e9gion chaque ann\u00e9e le 11 septembre.<\/p>\n<p>Cela a toujours \u00e9t\u00e9 une occasion de c\u00e9l\u00e9brer la culture et les coutumes catalanes.<\/p>\n<p>Pourquoi les Catalans c\u00e9l\u00e8brent-ils la Diada\u2009?<\/p>\n<p>Je vous conseille de lire la suite pour d\u00e9couvrir 7 choses que vous devez savoir sur ce grand jour.<\/p>\n<h2 class=\"summary-title\">F\u00eate nationale de la Catalogne : sommaire de l&rsquo;article<\/h2>\n<div class=\"summary-box\">\n<ul class=\"summary-list\">\n<li><a href=\"#_Toc127108443\">F\u00eate nationale en Catalogne\u00a0: la comm\u00e9moration d\u2019une c\u00e9l\u00e8bre d\u00e9faite<\/a><\/li>\n<li><a href=\"#_Toc127108444\">Une manifestation interdite par le g\u00e9n\u00e9ral Franco<\/a><\/li>\n<li><a href=\"#_Toc127108445\">F\u00eate nationale en Catalogne\u00a0: un hommage aux vies catalanes perdues<\/a><\/li>\n<li><a href=\"#_Toc127108446\">C\u2019est la journ\u00e9e des vendeurs de drapeaux<\/a><\/li>\n<li><a href=\"#_Toc127108447\">F\u00eate nationale en Catalogne\u00a0: Le festival devient de plus en plus populaire<\/a><\/li>\n<li><a href=\"#_Toc127108448\">Une mobilisation pour la R\u00e9publique<\/a><\/li>\n<li><a href=\"#_Toc127108449\">Une manifestation pour les prisonniers politiques<\/a><\/li>\n<\/ul>\n<\/div>\n<h2><a name=\"_Toc127108443\"><\/a><strong>F\u00eate nationale en Catalogne\u00a0: la comm\u00e9moration d\u2019une c\u00e9l\u00e8bre d\u00e9faite<\/strong><\/h2>\n<p>Commen\u00e7ons par un fait tr\u00e8s inhabituel. La Diada c\u00e9l\u00e8bre un d\u00e9sastre militaire. Les troupes catalanes combattant le roi Bourbon Philippe V d\u2019Espagne pendant la guerre de Succession d\u2019Espagne ont finalement \u00e9t\u00e9 vaincues le 11\u00a0septembre 1714 <strong>apr\u00e8s le si\u00e8ge de Barcelone de 14 mois.<\/strong><\/p>\n<p>La reddition a marqu\u00e9 la dissolution des institutions catalanes autonomes, la suppression du catalan comme langue officielle et l\u2019imposition de nouvelles lois de l\u2019Espagne nouvellement centralis\u00e9e. Symboliquement, la marche <strong>commence \u00e0 17\u00a0h\u00a014 pour comm\u00e9morer la date.<\/strong><\/p>\n<p><a href=\"https:\/\/bonjourbarcelone.fr\/wp-content\/uploads\/2023\/02\/fete-nationale-catalogne.jpg\"><img decoding=\"async\" class=\"alignnone size-large wp-image-2167\" src=\"https:\/\/bonjourbarcelone.fr\/wp-content\/uploads\/2023\/02\/fete-nationale-catalogne-1024x576.jpg\" alt=\"fete nationale catalogne\" width=\"1024\" height=\"576\" srcset=\"https:\/\/bonjourbarcelone.fr\/wp-content\/uploads\/2023\/02\/fete-nationale-catalogne-1024x576.jpg 1024w, https:\/\/bonjourbarcelone.fr\/wp-content\/uploads\/2023\/02\/fete-nationale-catalogne-300x169.jpg 300w, https:\/\/bonjourbarcelone.fr\/wp-content\/uploads\/2023\/02\/fete-nationale-catalogne-768x432.jpg 768w, https:\/\/bonjourbarcelone.fr\/wp-content\/uploads\/2023\/02\/fete-nationale-catalogne-1536x863.jpg 1536w, https:\/\/bonjourbarcelone.fr\/wp-content\/uploads\/2023\/02\/fete-nationale-catalogne.jpg 2048w\" sizes=\"(max-width: 1024px) 100vw, 1024px\" \/><\/a><\/p>\n<h2><a name=\"_Toc127108444\"><\/a><strong>Une manifestation interdite par le g\u00e9n\u00e9ral Franco<\/strong><\/h2>\n<p>La premi\u00e8re c\u00e9l\u00e9bration de La Diada a eu lieu en 1886. Cependant, elle a officiellement disparue en 1939 et tout au long de la dictature de Francisco Franco. Le gouvernement r\u00e9gional catalan a r\u00e9tabli la f\u00eate en 1980, cinq ans apr\u00e8s la mort de Franco.<\/p>\n<h2><a name=\"_Toc127108445\"><\/a><strong>F\u00eate nationale en Catalogne\u00a0: un hommage aux vies catalanes perdues<\/strong><\/h2>\n<p>4\u2009000 personnes sont mortes en d\u00e9fendant la ville pendant le si\u00e8ge de Barcelone et sont enterr\u00e9es dans un cimeti\u00e8re pr\u00e8s de l\u2019\u00e9glise <a href=\"https:\/\/bonjourbarcelone.fr\/santa-maria-del-mar\/\">Santa Maria del Mar<\/a> dans le <a href=\"https:\/\/bonjourbarcelone.fr\/quartier-gothique-barcelone\/\">quartier gothique<\/a>.<\/p>\n<p>Une place comm\u00e9morative, le Fossar de les Moreres, couvre d\u00e9sormais le cimeti\u00e8re et des milliers de Catalans y <strong>d\u00e9posent des fleurs chaque ann\u00e9e pendant La Diada.<\/strong><\/p>\n<h2><a name=\"_Toc127108446\"><\/a><strong>C\u2019est la journ\u00e9e des vendeurs de drapeaux<\/strong><\/h2>\n<p>La Senyera, le drapeau catalan de quatre bandes rouges sur fond jaune, est partout sur La Diada. Des versions g\u00e9antes sont accroch\u00e9es sur des b\u00e2timents entiers. D&rsquo;innombrables versions plus petites flottent depuis les balcons o\u00f9 sont drap\u00e9es sur les voitures.<\/p>\n<p>\u00c9norm\u00e9ment de personnes marchent dans les rues avec leur version du drapeau. Un drapeau l\u00e9g\u00e8rement diff\u00e9rent, la estelada, a gagn\u00e9 en popularit\u00e9 ces derni\u00e8res ann\u00e9es. Il comporte une \u00e9toile blanche sur un triangle bleu sur les rayures rouges et jaunes de la senyera. C&rsquo;est <strong>le symbole non officiel du mouvement ind\u00e9pendantiste catalan.<\/strong><\/p>\n<h2><a name=\"_Toc127108447\"><\/a><strong>F\u00eate nationale en Catalogne\u00a0: Le festival devient de plus en plus populaire<\/strong><\/h2>\n<p>La Diada a toujours \u00e9t\u00e9 un p\u00f4le d\u2019attraction pour les partisans du s\u00e9paratisme catalan. Pour beaucoup de personnes, la journ\u00e9e est une simple c\u00e9l\u00e9bration de leur identit\u00e9 catalane, mais beaucoup d\u2019autres <strong>profitent de l\u2019occasion pour exprimer leurs sentiments politiques.<\/strong><\/p>\n<p>La premi\u00e8re manifestation de masse a eu lieu en 2012, lorsque entre 600\u2009000 et 2 millions de personnes se sont rassembl\u00e9es \u00e0 Barcelone pour exiger l\u2019ind\u00e9pendance de l\u2019Espagne. L\u2019ann\u00e9e suivante, environ 1,6 million de personnes se sont donn\u00e9 la main pour former <strong>une cha\u00eene humaine ininterrompue \u00e0 travers toute la r\u00e9gion.<\/strong><\/p>\n<h2><a name=\"_Toc127108448\"><\/a><strong>Une mobilisation pour la R\u00e9publique<\/strong><\/h2>\n<p>Depuis quelques ann\u00e9es, les organisateurs tiennent \u00e0 montrer que le mouvement ind\u00e9pendantiste est plus fort que jamais. Une enqu\u00eate \u00e9troitement men\u00e9e par le Centro d\u2019Estudis d\u2019Opinio du gouvernement catalan en avril dernier a montr\u00e9 que <strong>60 % des Catalans veulent un \u00c9tat ind\u00e9pendant.<\/strong><\/p>\n<h2><a name=\"_Toc127108449\"><\/a><strong>Une manifestation pour les prisonniers politiques<\/strong><\/h2>\n<p>Le cri de ralliement de la Diada ces derni\u00e8res ann\u00e9es se tourne vers la lib\u00e9ration des dirigeants politiques toujours derri\u00e8re les barreaux pour <strong>leur r\u00f4le dans la d\u00e9claration unilat\u00e9rale d\u2019ind\u00e9pendance.<\/strong><\/p>\n<p>Treize dirigeants catalans ont \u00e9t\u00e9 accus\u00e9s de r\u00e9bellion, passible d\u2019une peine de 25 ans de prison. D\u2019autres encore sont en exil, dont l\u2019ancien pr\u00e9sident d\u00e9chu de la r\u00e9gion Carles Puigdemont.<\/p>\n<p>La f\u00eate nationale en Catalogne est un \u00e9v\u00e9nement particulier auquel vous pouvez assister. Si celle-ci est devenue au fil des ans plus politis\u00e9, elle reste un \u00e9v\u00e9nement \u00e0 ne pas rater lorsque vous <a href=\"https:\/\/bonjourbarcelone.fr\/visiter-barcelone\/\">passez \u00e0 Barcelone<\/a>. Lors de vos vacances, vous verrez la plupart des rues bond\u00e9es par une foule de personnes portant des drapeaux, chantant et dansant <strong>tout en d\u00e9filant le long des plus grandes art\u00e8res de la ville.<\/strong><\/p>\n","protected":false},"excerpt":{"rendered":"<p>La f\u00eate nationale de la Catalogne, connue localement sous le nom de La Diada Nacional de Catalunya. Ce festival qui tient dans la r\u00e9gion chaque ann\u00e9e le 11 septembre. Cela a toujours \u00e9t\u00e9 une occasion de c\u00e9l\u00e9brer la culture et les coutumes catalanes. Pourquoi les Catalans c\u00e9l\u00e8brent-ils la Diada\u2009? Je vous conseille de lire la [&hellip;]<\/p>\n","protected":false},"author":2,"featured_media":2167,"comment_status":"open","ping_status":"open","sticky":false,"template":"","format":"standard","meta":{"om_disable_all_campaigns":false,"_genesis_hide_title":false,"_genesis_hide_breadcrumbs":false,"_genesis_hide_singular_image":false,"_genesis_hide_footer_widgets":false,"_genesis_custom_body_class":"","_genesis_custom_post_class":"","_genesis_layout":"","footnotes":""},"categories":[3],"tags":[],"class_list":{"0":"post-2166","1":"post","2":"type-post","3":"status-publish","4":"format-standard","5":"has-post-thumbnail","7":"category-barcelone","8":"entry"},"yoast_head":"<!-- This site is optimized with the Yoast SEO plugin v26.5 - https:\/\/yoast.com\/wordpress\/plugins\/seo\/ -->\n<title>F\u00eate nationale en Catalogne : tout savoir sur ce festival<\/title>\n<meta name=\"description\" content=\"la f\u00eate nationale en Catalogne est un moment important pour les habitants. Je vous r\u00e9v\u00e8le tous ses secrets dans cet article\" \/>\n<meta name=\"robots\" content=\"index, follow, max-snippet:-1, max-image-preview:large, max-video-preview:-1\" \/>\n<link rel=\"canonical\" href=\"https:\/\/bonjourbarcelone.fr\/fr\/fete-nationale-en-catalogne\/\" \/>\n<meta property=\"og:locale\" content=\"fr_FR\" \/>\n<meta property=\"og:type\" content=\"article\" \/>\n<meta property=\"og:title\" content=\"F\u00eate nationale en Catalogne : tout savoir sur ce festival\" \/>\n<meta property=\"og:description\" content=\"la f\u00eate nationale en Catalogne est un moment important pour les habitants. Je vous r\u00e9v\u00e8le tous ses secrets dans cet article\" \/>\n<meta property=\"og:url\" content=\"https:\/\/bonjourbarcelone.fr\/fr\/fete-nationale-en-catalogne\/\" \/>\n<meta property=\"og:site_name\" content=\"Visiter Barcelone\" \/>\n<meta property=\"article:published_time\" content=\"2023-02-13T12:55:02+00:00\" \/>\n<meta property=\"article:modified_time\" content=\"2023-12-16T15:02:41+00:00\" \/>\n<meta property=\"og:image\" content=\"https:\/\/bonjourbarcelone.fr\/wp-content\/uploads\/2023\/02\/fete-nationale-catalogne.jpg\" \/>\n\t<meta property=\"og:image:width\" content=\"2048\" \/>\n\t<meta property=\"og:image:height\" content=\"1151\" \/>\n\t<meta property=\"og:image:type\" content=\"image\/jpeg\" \/>\n<meta name=\"author\" content=\"Thibaut\" \/>\n<meta name=\"twitter:card\" content=\"summary_large_image\" \/>\n<meta name=\"twitter:label1\" content=\"\u00c9crit par\" \/>\n\t<meta name=\"twitter:data1\" content=\"Thibaut\" \/>\n\t<meta name=\"twitter:label2\" content=\"Dur\u00e9e de lecture estim\u00e9e\" \/>\n\t<meta name=\"twitter:data2\" content=\"4 minutes\" \/>\n<script type=\"application\/ld+json\" class=\"yoast-schema-graph\">{\"@context\":\"https:\/\/schema.org\",\"@graph\":[{\"@type\":\"WebPage\",\"@id\":\"https:\/\/bonjourbarcelone.fr\/fete-nationale-en-catalogne\/\",\"url\":\"https:\/\/bonjourbarcelone.fr\/fete-nationale-en-catalogne\/\",\"name\":\"F\u00eate nationale en Catalogne : tout savoir sur ce festival\",\"isPartOf\":{\"@id\":\"https:\/\/bonjourbarcelone.fr\/#website\"},\"primaryImageOfPage\":{\"@id\":\"https:\/\/bonjourbarcelone.fr\/fete-nationale-en-catalogne\/#primaryimage\"},\"image\":{\"@id\":\"https:\/\/bonjourbarcelone.fr\/fete-nationale-en-catalogne\/#primaryimage\"},\"thumbnailUrl\":\"https:\/\/bonjourbarcelone.fr\/wp-content\/uploads\/2023\/02\/fete-nationale-catalogne.jpg\",\"datePublished\":\"2023-02-13T12:55:02+00:00\",\"dateModified\":\"2023-12-16T15:02:41+00:00\",\"author\":{\"@id\":\"https:\/\/bonjourbarcelone.fr\/#\/schema\/person\/0bda2897d0b8e0150a7ece6f930ff5e5\"},\"description\":\"la f\u00eate nationale en Catalogne est un moment important pour les habitants. Je vous r\u00e9v\u00e8le tous ses secrets dans cet article\",\"breadcrumb\":{\"@id\":\"https:\/\/bonjourbarcelone.fr\/fete-nationale-en-catalogne\/#breadcrumb\"},\"inLanguage\":\"fr-FR\",\"potentialAction\":[{\"@type\":\"ReadAction\",\"target\":[\"https:\/\/bonjourbarcelone.fr\/fete-nationale-en-catalogne\/\"]}]},{\"@type\":\"ImageObject\",\"inLanguage\":\"fr-FR\",\"@id\":\"https:\/\/bonjourbarcelone.fr\/fete-nationale-en-catalogne\/#primaryimage\",\"url\":\"https:\/\/bonjourbarcelone.fr\/wp-content\/uploads\/2023\/02\/fete-nationale-catalogne.jpg\",\"contentUrl\":\"https:\/\/bonjourbarcelone.fr\/wp-content\/uploads\/2023\/02\/fete-nationale-catalogne.jpg\",\"width\":2048,\"height\":1151,\"caption\":\"fete nationale catalogne\"},{\"@type\":\"BreadcrumbList\",\"@id\":\"https:\/\/bonjourbarcelone.fr\/fete-nationale-en-catalogne\/#breadcrumb\",\"itemListElement\":[{\"@type\":\"ListItem\",\"position\":1,\"name\":\"Accueil\",\"item\":\"https:\/\/bonjourbarcelone.fr\/\"},{\"@type\":\"ListItem\",\"position\":2,\"name\":\"F\u00eate nationale en Catalogne : tout savoir sur ce festival\"}]},{\"@type\":\"WebSite\",\"@id\":\"https:\/\/bonjourbarcelone.fr\/#website\",\"url\":\"https:\/\/bonjourbarcelone.fr\/\",\"name\":\"Visiter Barcelone\",\"description\":\"Tout pour passer un s\u00e9jour inoubliable en 2026 !\",\"potentialAction\":[{\"@type\":\"SearchAction\",\"target\":{\"@type\":\"EntryPoint\",\"urlTemplate\":\"https:\/\/bonjourbarcelone.fr\/?s={search_term_string}\"},\"query-input\":{\"@type\":\"PropertyValueSpecification\",\"valueRequired\":true,\"valueName\":\"search_term_string\"}}],\"inLanguage\":\"fr-FR\"},{\"@type\":\"Person\",\"@id\":\"https:\/\/bonjourbarcelone.fr\/#\/schema\/person\/0bda2897d0b8e0150a7ece6f930ff5e5\",\"name\":\"Thibaut\",\"image\":{\"@type\":\"ImageObject\",\"inLanguage\":\"fr-FR\",\"@id\":\"https:\/\/bonjourbarcelone.fr\/#\/schema\/person\/image\/\",\"url\":\"https:\/\/secure.gravatar.com\/avatar\/436636a11d7c80b948817b5a66d82f9305017ea4c84ab9a676db1d62ccc2c25d?s=96&r=g\",\"contentUrl\":\"https:\/\/secure.gravatar.com\/avatar\/436636a11d7c80b948817b5a66d82f9305017ea4c84ab9a676db1d62ccc2c25d?s=96&r=g\",\"caption\":\"Thibaut\"},\"description\":\"J'aide les voyageurs \u00e0 mieux visiter la ville de Barcelone avec un contenu \u00e9crit et actualis\u00e9 par des experts locaux pour vivre la meilleure exp\u00e9rience possible ! Notre agence de voyage propose \u00e9galement des visites guid\u00e9es en fran\u00e7ais.\"}]}<\/script>\n<!-- \/ Yoast SEO plugin. -->","yoast_head_json":{"title":"F\u00eate nationale en Catalogne : tout savoir sur ce festival","description":"la f\u00eate nationale en Catalogne est un moment important pour les habitants. Je vous r\u00e9v\u00e8le tous ses secrets dans cet article","robots":{"index":"index","follow":"follow","max-snippet":"max-snippet:-1","max-image-preview":"max-image-preview:large","max-video-preview":"max-video-preview:-1"},"canonical":"https:\/\/bonjourbarcelone.fr\/fr\/fete-nationale-en-catalogne\/","og_locale":"fr_FR","og_type":"article","og_title":"F\u00eate nationale en Catalogne : tout savoir sur ce festival","og_description":"la f\u00eate nationale en Catalogne est un moment important pour les habitants. Je vous r\u00e9v\u00e8le tous ses secrets dans cet article","og_url":"https:\/\/bonjourbarcelone.fr\/fr\/fete-nationale-en-catalogne\/","og_site_name":"Visiter Barcelone","article_published_time":"2023-02-13T12:55:02+00:00","article_modified_time":"2023-12-16T15:02:41+00:00","og_image":[{"width":2048,"height":1151,"url":"https:\/\/bonjourbarcelone.fr\/wp-content\/uploads\/2023\/02\/fete-nationale-catalogne.jpg","type":"image\/jpeg"}],"author":"Thibaut","twitter_card":"summary_large_image","twitter_misc":{"\u00c9crit par":"Thibaut","Dur\u00e9e de lecture estim\u00e9e":"4 minutes"},"schema":{"@context":"https:\/\/schema.org","@graph":[{"@type":"WebPage","@id":"https:\/\/bonjourbarcelone.fr\/fete-nationale-en-catalogne\/","url":"https:\/\/bonjourbarcelone.fr\/fete-nationale-en-catalogne\/","name":"F\u00eate nationale en Catalogne : tout savoir sur ce festival","isPartOf":{"@id":"https:\/\/bonjourbarcelone.fr\/#website"},"primaryImageOfPage":{"@id":"https:\/\/bonjourbarcelone.fr\/fete-nationale-en-catalogne\/#primaryimage"},"image":{"@id":"https:\/\/bonjourbarcelone.fr\/fete-nationale-en-catalogne\/#primaryimage"},"thumbnailUrl":"https:\/\/bonjourbarcelone.fr\/wp-content\/uploads\/2023\/02\/fete-nationale-catalogne.jpg","datePublished":"2023-02-13T12:55:02+00:00","dateModified":"2023-12-16T15:02:41+00:00","author":{"@id":"https:\/\/bonjourbarcelone.fr\/#\/schema\/person\/0bda2897d0b8e0150a7ece6f930ff5e5"},"description":"la f\u00eate nationale en Catalogne est un moment important pour les habitants. Je vous r\u00e9v\u00e8le tous ses secrets dans cet article","breadcrumb":{"@id":"https:\/\/bonjourbarcelone.fr\/fete-nationale-en-catalogne\/#breadcrumb"},"inLanguage":"fr-FR","potentialAction":[{"@type":"ReadAction","target":["https:\/\/bonjourbarcelone.fr\/fete-nationale-en-catalogne\/"]}]},{"@type":"ImageObject","inLanguage":"fr-FR","@id":"https:\/\/bonjourbarcelone.fr\/fete-nationale-en-catalogne\/#primaryimage","url":"https:\/\/bonjourbarcelone.fr\/wp-content\/uploads\/2023\/02\/fete-nationale-catalogne.jpg","contentUrl":"https:\/\/bonjourbarcelone.fr\/wp-content\/uploads\/2023\/02\/fete-nationale-catalogne.jpg","width":2048,"height":1151,"caption":"fete nationale catalogne"},{"@type":"BreadcrumbList","@id":"https:\/\/bonjourbarcelone.fr\/fete-nationale-en-catalogne\/#breadcrumb","itemListElement":[{"@type":"ListItem","position":1,"name":"Accueil","item":"https:\/\/bonjourbarcelone.fr\/"},{"@type":"ListItem","position":2,"name":"F\u00eate nationale en Catalogne : tout savoir sur ce festival"}]},{"@type":"WebSite","@id":"https:\/\/bonjourbarcelone.fr\/#website","url":"https:\/\/bonjourbarcelone.fr\/","name":"Visiter Barcelone","description":"Tout pour passer un s\u00e9jour inoubliable en 2026 !","potentialAction":[{"@type":"SearchAction","target":{"@type":"EntryPoint","urlTemplate":"https:\/\/bonjourbarcelone.fr\/?s={search_term_string}"},"query-input":{"@type":"PropertyValueSpecification","valueRequired":true,"valueName":"search_term_string"}}],"inLanguage":"fr-FR"},{"@type":"Person","@id":"https:\/\/bonjourbarcelone.fr\/#\/schema\/person\/0bda2897d0b8e0150a7ece6f930ff5e5","name":"Thibaut","image":{"@type":"ImageObject","inLanguage":"fr-FR","@id":"https:\/\/bonjourbarcelone.fr\/#\/schema\/person\/image\/","url":"https:\/\/secure.gravatar.com\/avatar\/436636a11d7c80b948817b5a66d82f9305017ea4c84ab9a676db1d62ccc2c25d?s=96&r=g","contentUrl":"https:\/\/secure.gravatar.com\/avatar\/436636a11d7c80b948817b5a66d82f9305017ea4c84ab9a676db1d62ccc2c25d?s=96&r=g","caption":"Thibaut"},"description":"J'aide les voyageurs \u00e0 mieux visiter la ville de Barcelone avec un contenu \u00e9crit et actualis\u00e9 par des experts locaux pour vivre la meilleure exp\u00e9rience possible ! Notre agence de voyage propose \u00e9galement des visites guid\u00e9es en fran\u00e7ais."}]}},"_links":{"self":[{"href":"https:\/\/bonjourbarcelone.fr\/fr\/wp-json\/wp\/v2\/posts\/2166","targetHints":{"allow":["GET"]}}],"collection":[{"href":"https:\/\/bonjourbarcelone.fr\/fr\/wp-json\/wp\/v2\/posts"}],"about":[{"href":"https:\/\/bonjourbarcelone.fr\/fr\/wp-json\/wp\/v2\/types\/post"}],"author":[{"embeddable":true,"href":"https:\/\/bonjourbarcelone.fr\/fr\/wp-json\/wp\/v2\/users\/2"}],"replies":[{"embeddable":true,"href":"https:\/\/bonjourbarcelone.fr\/fr\/wp-json\/wp\/v2\/comments?post=2166"}],"version-history":[{"count":2,"href":"https:\/\/bonjourbarcelone.fr\/fr\/wp-json\/wp\/v2\/posts\/2166\/revisions"}],"predecessor-version":[{"id":2915,"href":"https:\/\/bonjourbarcelone.fr\/fr\/wp-json\/wp\/v2\/posts\/2166\/revisions\/2915"}],"wp:featuredmedia":[{"embeddable":true,"href":"https:\/\/bonjourbarcelone.fr\/fr\/wp-json\/wp\/v2\/media\/2167"}],"wp:attachment":[{"href":"https:\/\/bonjourbarcelone.fr\/fr\/wp-json\/wp\/v2\/media?parent=2166"}],"wp:term":[{"taxonomy":"category","embeddable":true,"href":"https:\/\/bonjourbarcelone.fr\/fr\/wp-json\/wp\/v2\/categories?post=2166"},{"taxonomy":"post_tag","embeddable":true,"href":"https:\/\/bonjourbarcelone.fr\/fr\/wp-json\/wp\/v2\/tags?post=2166"}],"curies":[{"name":"wp","href":"https:\/\/api.w.org\/{rel}","templated":true}]}}