{"id":2174,"date":"2023-02-13T13:58:24","date_gmt":"2023-02-13T13:58:24","guid":{"rendered":"https:\/\/bonjourbarcelone.fr\/?p=2174"},"modified":"2023-12-16T15:02:37","modified_gmt":"2023-12-16T15:02:37","slug":"sonar-festival","status":"publish","type":"post","link":"https:\/\/bonjourbarcelone.fr\/fr\/sonar-festival\/","title":{"rendered":"S\u00f3nar festival : le plus grand festival de la ville"},"content":{"rendered":"<p>\u00c0 la pointe de la musique \u00e9lectronique, <strong>S\u00f3nar est l\u2019un des festivals de musique<\/strong> les plus importants au monde.<\/p>\n<p>Tenu pour la premi\u00e8re fois en 1994, le festival a depuis accueilli certains des plus grands musiciens.<\/p>\n<p>D\u00e9couvrons-le en d\u00e9tail.<\/p>\n<h2 class=\"summary-title\">S<strong>\u00f3<\/strong>nar festival : sommaire de l&rsquo;article<\/h2>\n<div class=\"summary-box\">\n<ul class=\"summary-list\">\n<li><a href=\"#_Toc127167580\">Le S\u00f3nar festival en quelques mots<\/a><\/li>\n<li><a href=\"#_Toc127167581\">L\u2019histoire du festival<\/a><\/li>\n<li><a href=\"#_Toc127167582\">S\u00f3nar festival\u00a0: un boost pour l\u2019\u00e9conomie de Barcelone<\/a><\/li>\n<li><a href=\"#_Toc127167583\">Que faire lors de la semaine du S\u00f3nar festival \u00e0 Barcelone\u2009?<\/a><\/li>\n<li><a href=\"#_Toc127167584\">\u00c0 quoi s\u2019attendre \u00e0 S\u00f3nar\u2009?<\/a><\/li>\n<\/ul>\n<\/div>\n<h2><a name=\"_Toc127167580\"><\/a><strong>Le S\u00f3nar festival en quelques mots<\/strong><\/h2>\n<p>Attirant plus de 100\u2009000 festivaliers sur trois jours, S\u00f3nar est une exp\u00e9rience musicale intense. Il est divis\u00e9 en deux parties : <strong>S\u00f3nar by Day et S\u00f3nar by Night<\/strong>. Les deux parties se d\u00e9roulant dans des lieux s\u00e9par\u00e9s d\u00e8s le d\u00e9but du festival.<\/p>\n<p>S\u00f3nar a la particularit\u00e9 de se d\u00e9rouler dans toute la ville. Barcelone elle-m\u00eame devient le terrain du festival, la plupart des invit\u00e9s s\u00e9journant dans des h\u00f4tels de la capitale catalane<\/p>\n<p>\u00ab\u2009Musique, cr\u00e9ativit\u00e9 et technologie\u2009\u00bb est le slogan du festival. En effet, de nombreux artistes qui jouent \u00e0 S\u00f3nar sont des pionniers du monde de la musique \u00e9lectronique et exp\u00e9rimentale. Depuis sa cr\u00e9ation <strong>en 1994, le festival a attir\u00e9 Bj\u00f6rk, Kraftwerk et The Chemical Brothers<\/strong>.<\/p>\n<p><a href=\"https:\/\/bonjourbarcelone.fr\/wp-content\/uploads\/2023\/02\/sonar-festival.jpg\"><img decoding=\"async\" class=\"alignnone size-large wp-image-2175\" src=\"https:\/\/bonjourbarcelone.fr\/wp-content\/uploads\/2023\/02\/sonar-festival-1024x768.jpg\" alt=\"sonar festival\" width=\"1024\" height=\"768\" srcset=\"https:\/\/bonjourbarcelone.fr\/wp-content\/uploads\/2023\/02\/sonar-festival-1024x768.jpg 1024w, https:\/\/bonjourbarcelone.fr\/wp-content\/uploads\/2023\/02\/sonar-festival-300x225.jpg 300w, https:\/\/bonjourbarcelone.fr\/wp-content\/uploads\/2023\/02\/sonar-festival-768x576.jpg 768w, https:\/\/bonjourbarcelone.fr\/wp-content\/uploads\/2023\/02\/sonar-festival-1536x1152.jpg 1536w, https:\/\/bonjourbarcelone.fr\/wp-content\/uploads\/2023\/02\/sonar-festival.jpg 2048w\" sizes=\"(max-width: 1024px) 100vw, 1024px\" \/><\/a><\/p>\n<h2><a name=\"_Toc127167581\"><\/a><strong>L\u2019histoire du festival<\/strong><\/h2>\n<p>S\u00f3nar a eu lieu pour la premi\u00e8re fois en 1994. Il a \u00e9t\u00e9 fond\u00e9 par le journaliste musical Ricard Robles et les musiciens et artistes visuels Enric Palau et Sergio Caballero. La premi\u00e8re \u00e9dition du festival, <strong>appel\u00e9e S\u00f3nar by Day<\/strong>, a eu lieu au Centre de culture contemporaine de Barcelone. S\u00f3nar by Night a eu lieu dans la discoth\u00e8que <a href=\"https:\/\/bonjourbarcelone.fr\/apolo-barcelone\/\">Apolo<\/a> de <a href=\"https:\/\/bonjourbarcelone.fr\/poble-sec\/\">Poble Sec.<\/a><\/p>\n<p>Au cours des ann\u00e9es suivantes, la fr\u00e9quentation est pass\u00e9e de 6\u2009000 festivaliers pour la premi\u00e8re \u00e9dition \u00e0 18\u2009000 deux ans plus tard. En l\u2019an 2000, quelque 53\u2009000 personnes ont assist\u00e9 \u00e0 l\u2019\u00e9v\u00e9nement de trois jours. In\u00e9vitablement, le festival a \u00e9t\u00e9 d\u00e9plac\u00e9 vers des lieux plus r\u00e9cents et plus grands <strong>pour s\u2019adapter \u00e0 sa croissance exponentielle.<\/strong><\/p>\n<p>Depuis 2013, une ann\u00e9e qui a vu 121\u2009000 participants, S\u00f3nar by Night a lieu dans une grande salle d\u2019exposition \u00e0 la p\u00e9riph\u00e9rie de Barcelone. S\u00f3nar by Day a lieu dans une salle d\u2019exposition plus petite pr\u00e8s de la <a href=\"https:\/\/bonjourbarcelone.fr\/place-espagne-barcelone\/\">place d\u2019Espanya<\/a>. La sc\u00e8ne principale de l\u2019\u00e9v\u00e9nement nocturne, S\u00f3nar Club, peut accueillir 15\u2009000 invit\u00e9s, <strong>soit 5\u2009000 de plus que la plus grande discoth\u00e8que du monde.<\/strong><\/p>\n<h2><a name=\"_Toc127167582\"><\/a><strong>S\u00f3nar festival\u00a0: un boost pour l\u2019\u00e9conomie de Barcelone<\/strong><\/h2>\n<p>L\u2019impact sur l\u2019\u00e9conomie de la ville n\u2019a pas non plus \u00e9t\u00e9 n\u00e9gligeable. En 2007, le festival contribue \u00e0 hauteur de 43 millions d&rsquo;euros au PIB de la Catalogne. Le taux d\u2019occupation des h\u00f4tels \u00e0 Barcelone dans les jours qui pr\u00e9c\u00e8dent le festival est sup\u00e9rieur \u00e0 80 %. C&rsquo;est devenu un \u00e9v\u00e9nement majeur du calendrier culturel de Barcelone, <strong>attirant des touristes de tous les coins du globe.<\/strong><\/p>\n<h2><a name=\"_Toc127167583\"><\/a><strong>Que faire lors de la semaine du S\u00f3nar festival \u00e0 Barcelone\u2009?<\/strong><\/h2>\n<p>Une autre caract\u00e9ristique remarquable de S\u00f3nar est le fait que la f\u00eate n\u2019a pas seulement lieu pendant le festival\u00a0: chaque club ouvre tard le soir et chaque salle de concert de Barcelone s\u2019inscrit dans la continuit\u00e9 de l\u2019exp\u00e9rience S\u00f3nar. Connu sous le nom de Off S\u00f3nar, ce programme non officiel d\u2019\u00e9v\u00e9nements d\u2019une semaine pr\u00e9sente souvent les m\u00eames artistes qui jouent au festival dans des salles plus petites \u00e0 travers la ville.<\/p>\n<p>Off S\u00f3nar est \u00e0 la fois <strong>un \u00e9chauffement et une after-party pour le festival<\/strong>. Cela signifie \u00e9galement que vous aurez peut-\u00eatre la chance de revoir vos artistes pr\u00e9f\u00e9r\u00e9s ou de rattraper ceux que vous avez manqu\u00e9s.<\/p>\n<p>Les bo\u00eetes de nuit telles que Moog, <a href=\"https:\/\/bonjourbarcelone.fr\/razzmatazz-barcelone\/\">Razzmatazz<\/a> et Sala Apolo ont g\u00e9n\u00e9ralement les programmes les plus int\u00e9ressants. Cependant, cela vaut aussi la peine de vous rendre dans les plus petites salles <strong>pour d\u00e9couvrir les artistes prometteurs.<\/strong><\/p>\n<h2><a name=\"_Toc127167584\"><\/a><strong>\u00c0 quoi s\u2019attendre \u00e0 S\u00f3nar\u2009?<\/strong><\/h2>\n<p>Les spectacles se poursuivent jusqu\u2019\u00e0 <strong>7 heures du matin pour S\u00f3nar by Night<\/strong> et les choses reprennent <strong>\u00e0 partir de 13 heures pour S\u00f3nar by Day<\/strong>, et bien que la plupart des festivaliers ne suivent pas cet horaire drastique, beaucoup le font.<\/p>\n<p>Avec 100\u2009000 invit\u00e9s qui assistent au festival, la ville est f\u00eate pendant S\u00f3nar. Les bars, les restaurants et les plages de la ville seront bond\u00e9s, vous devrez donc <strong>r\u00e9server votre s\u00e9jour longtemps \u00e0 l\u2019avance.<\/strong><\/p>\n<p>Le S\u00f3nar festival et un moment particulier \u00e0 vivre \u00e0 Barcelone. Sur place, vous d\u00e9couvrirez de nombreux artistes de la nouvelle sc\u00e8ne musicale ainsi que des grands noms internationaux. Si vous pouvez d\u2019assister \u00e0 cet \u00e9v\u00e9nement, je vous conseille fortement de vous y rendre. Vous d\u00e9couvrirez l\u2019un des festivals les plus importants du monde et <strong>vivrez de magnifiques exp\u00e9riences musicales.<\/strong><\/p>\n","protected":false},"excerpt":{"rendered":"<p>\u00c0 la pointe de la musique \u00e9lectronique, S\u00f3nar est l\u2019un des festivals de musique les plus importants au monde. Tenu pour la premi\u00e8re fois en 1994, le festival a depuis accueilli certains des plus grands musiciens. D\u00e9couvrons-le en d\u00e9tail. S\u00f3nar festival : sommaire de l&rsquo;article Le S\u00f3nar festival en quelques mots L\u2019histoire du festival S\u00f3nar [&hellip;]<\/p>\n","protected":false},"author":2,"featured_media":2175,"comment_status":"open","ping_status":"open","sticky":false,"template":"","format":"standard","meta":{"om_disable_all_campaigns":false,"_genesis_hide_title":false,"_genesis_hide_breadcrumbs":false,"_genesis_hide_singular_image":false,"_genesis_hide_footer_widgets":false,"_genesis_custom_body_class":"","_genesis_custom_post_class":"","_genesis_layout":"","footnotes":""},"categories":[3],"tags":[],"class_list":{"0":"post-2174","1":"post","2":"type-post","3":"status-publish","4":"format-standard","5":"has-post-thumbnail","7":"category-barcelone","8":"entry"},"yoast_head":"<!-- This site is optimized with the Yoast SEO plugin v26.5 - https:\/\/yoast.com\/wordpress\/plugins\/seo\/ -->\n<title>S\u00f3nar festival : le plus grand festival de la ville<\/title>\n<meta name=\"description\" content=\"Le S\u00f3nar festival \u00e0 Barcelone est un \u00e9v\u00e9nement qui attire chaque ann\u00e9e des milliers de festivaliers. Je vous en parle en d\u00e9tail.\" \/>\n<meta name=\"robots\" content=\"index, follow, max-snippet:-1, max-image-preview:large, max-video-preview:-1\" \/>\n<link rel=\"canonical\" href=\"https:\/\/bonjourbarcelone.fr\/fr\/sonar-festival\/\" \/>\n<meta property=\"og:locale\" content=\"fr_FR\" \/>\n<meta property=\"og:type\" content=\"article\" \/>\n<meta property=\"og:title\" content=\"S\u00f3nar festival : le plus grand festival de la ville\" \/>\n<meta property=\"og:description\" content=\"Le S\u00f3nar festival \u00e0 Barcelone est un \u00e9v\u00e9nement qui attire chaque ann\u00e9e des milliers de festivaliers. Je vous en parle en d\u00e9tail.\" \/>\n<meta property=\"og:url\" content=\"https:\/\/bonjourbarcelone.fr\/fr\/sonar-festival\/\" \/>\n<meta property=\"og:site_name\" content=\"Visiter Barcelone\" \/>\n<meta property=\"article:published_time\" content=\"2023-02-13T13:58:24+00:00\" \/>\n<meta property=\"article:modified_time\" content=\"2023-12-16T15:02:37+00:00\" \/>\n<meta property=\"og:image\" content=\"https:\/\/bonjourbarcelone.fr\/wp-content\/uploads\/2023\/02\/sonar-festival.jpg\" \/>\n\t<meta property=\"og:image:width\" content=\"2048\" \/>\n\t<meta property=\"og:image:height\" content=\"1536\" \/>\n\t<meta property=\"og:image:type\" content=\"image\/jpeg\" \/>\n<meta name=\"author\" content=\"Thibaut\" \/>\n<meta name=\"twitter:card\" content=\"summary_large_image\" \/>\n<meta name=\"twitter:label1\" content=\"\u00c9crit par\" \/>\n\t<meta name=\"twitter:data1\" content=\"Thibaut\" \/>\n\t<meta name=\"twitter:label2\" content=\"Dur\u00e9e de lecture estim\u00e9e\" \/>\n\t<meta name=\"twitter:data2\" content=\"5 minutes\" \/>\n<script type=\"application\/ld+json\" class=\"yoast-schema-graph\">{\"@context\":\"https:\/\/schema.org\",\"@graph\":[{\"@type\":\"WebPage\",\"@id\":\"https:\/\/bonjourbarcelone.fr\/sonar-festival\/\",\"url\":\"https:\/\/bonjourbarcelone.fr\/sonar-festival\/\",\"name\":\"S\u00f3nar festival : le plus grand festival de la ville\",\"isPartOf\":{\"@id\":\"https:\/\/bonjourbarcelone.fr\/#website\"},\"primaryImageOfPage\":{\"@id\":\"https:\/\/bonjourbarcelone.fr\/sonar-festival\/#primaryimage\"},\"image\":{\"@id\":\"https:\/\/bonjourbarcelone.fr\/sonar-festival\/#primaryimage\"},\"thumbnailUrl\":\"https:\/\/bonjourbarcelone.fr\/wp-content\/uploads\/2023\/02\/sonar-festival.jpg\",\"datePublished\":\"2023-02-13T13:58:24+00:00\",\"dateModified\":\"2023-12-16T15:02:37+00:00\",\"author\":{\"@id\":\"https:\/\/bonjourbarcelone.fr\/#\/schema\/person\/0bda2897d0b8e0150a7ece6f930ff5e5\"},\"description\":\"Le S\u00f3nar festival \u00e0 Barcelone est un \u00e9v\u00e9nement qui attire chaque ann\u00e9e des milliers de festivaliers. Je vous en parle en d\u00e9tail.\",\"breadcrumb\":{\"@id\":\"https:\/\/bonjourbarcelone.fr\/sonar-festival\/#breadcrumb\"},\"inLanguage\":\"fr-FR\",\"potentialAction\":[{\"@type\":\"ReadAction\",\"target\":[\"https:\/\/bonjourbarcelone.fr\/sonar-festival\/\"]}]},{\"@type\":\"ImageObject\",\"inLanguage\":\"fr-FR\",\"@id\":\"https:\/\/bonjourbarcelone.fr\/sonar-festival\/#primaryimage\",\"url\":\"https:\/\/bonjourbarcelone.fr\/wp-content\/uploads\/2023\/02\/sonar-festival.jpg\",\"contentUrl\":\"https:\/\/bonjourbarcelone.fr\/wp-content\/uploads\/2023\/02\/sonar-festival.jpg\",\"width\":2048,\"height\":1536,\"caption\":\"sonar festival\"},{\"@type\":\"BreadcrumbList\",\"@id\":\"https:\/\/bonjourbarcelone.fr\/sonar-festival\/#breadcrumb\",\"itemListElement\":[{\"@type\":\"ListItem\",\"position\":1,\"name\":\"Accueil\",\"item\":\"https:\/\/bonjourbarcelone.fr\/\"},{\"@type\":\"ListItem\",\"position\":2,\"name\":\"S\u00f3nar festival : le plus grand festival de la ville\"}]},{\"@type\":\"WebSite\",\"@id\":\"https:\/\/bonjourbarcelone.fr\/#website\",\"url\":\"https:\/\/bonjourbarcelone.fr\/\",\"name\":\"Visiter Barcelone\",\"description\":\"Tout pour passer un s\u00e9jour inoubliable en 2026 !\",\"potentialAction\":[{\"@type\":\"SearchAction\",\"target\":{\"@type\":\"EntryPoint\",\"urlTemplate\":\"https:\/\/bonjourbarcelone.fr\/?s={search_term_string}\"},\"query-input\":{\"@type\":\"PropertyValueSpecification\",\"valueRequired\":true,\"valueName\":\"search_term_string\"}}],\"inLanguage\":\"fr-FR\"},{\"@type\":\"Person\",\"@id\":\"https:\/\/bonjourbarcelone.fr\/#\/schema\/person\/0bda2897d0b8e0150a7ece6f930ff5e5\",\"name\":\"Thibaut\",\"image\":{\"@type\":\"ImageObject\",\"inLanguage\":\"fr-FR\",\"@id\":\"https:\/\/bonjourbarcelone.fr\/#\/schema\/person\/image\/\",\"url\":\"https:\/\/secure.gravatar.com\/avatar\/436636a11d7c80b948817b5a66d82f9305017ea4c84ab9a676db1d62ccc2c25d?s=96&r=g\",\"contentUrl\":\"https:\/\/secure.gravatar.com\/avatar\/436636a11d7c80b948817b5a66d82f9305017ea4c84ab9a676db1d62ccc2c25d?s=96&r=g\",\"caption\":\"Thibaut\"},\"description\":\"J'aide les voyageurs \u00e0 mieux visiter la ville de Barcelone avec un contenu \u00e9crit et actualis\u00e9 par des experts locaux pour vivre la meilleure exp\u00e9rience possible ! Notre agence de voyage propose \u00e9galement des visites guid\u00e9es en fran\u00e7ais.\"}]}<\/script>\n<!-- \/ Yoast SEO plugin. -->","yoast_head_json":{"title":"S\u00f3nar festival : le plus grand festival de la ville","description":"Le S\u00f3nar festival \u00e0 Barcelone est un \u00e9v\u00e9nement qui attire chaque ann\u00e9e des milliers de festivaliers. Je vous en parle en d\u00e9tail.","robots":{"index":"index","follow":"follow","max-snippet":"max-snippet:-1","max-image-preview":"max-image-preview:large","max-video-preview":"max-video-preview:-1"},"canonical":"https:\/\/bonjourbarcelone.fr\/fr\/sonar-festival\/","og_locale":"fr_FR","og_type":"article","og_title":"S\u00f3nar festival : le plus grand festival de la ville","og_description":"Le S\u00f3nar festival \u00e0 Barcelone est un \u00e9v\u00e9nement qui attire chaque ann\u00e9e des milliers de festivaliers. Je vous en parle en d\u00e9tail.","og_url":"https:\/\/bonjourbarcelone.fr\/fr\/sonar-festival\/","og_site_name":"Visiter Barcelone","article_published_time":"2023-02-13T13:58:24+00:00","article_modified_time":"2023-12-16T15:02:37+00:00","og_image":[{"width":2048,"height":1536,"url":"https:\/\/bonjourbarcelone.fr\/wp-content\/uploads\/2023\/02\/sonar-festival.jpg","type":"image\/jpeg"}],"author":"Thibaut","twitter_card":"summary_large_image","twitter_misc":{"\u00c9crit par":"Thibaut","Dur\u00e9e de lecture estim\u00e9e":"5 minutes"},"schema":{"@context":"https:\/\/schema.org","@graph":[{"@type":"WebPage","@id":"https:\/\/bonjourbarcelone.fr\/sonar-festival\/","url":"https:\/\/bonjourbarcelone.fr\/sonar-festival\/","name":"S\u00f3nar festival : le plus grand festival de la ville","isPartOf":{"@id":"https:\/\/bonjourbarcelone.fr\/#website"},"primaryImageOfPage":{"@id":"https:\/\/bonjourbarcelone.fr\/sonar-festival\/#primaryimage"},"image":{"@id":"https:\/\/bonjourbarcelone.fr\/sonar-festival\/#primaryimage"},"thumbnailUrl":"https:\/\/bonjourbarcelone.fr\/wp-content\/uploads\/2023\/02\/sonar-festival.jpg","datePublished":"2023-02-13T13:58:24+00:00","dateModified":"2023-12-16T15:02:37+00:00","author":{"@id":"https:\/\/bonjourbarcelone.fr\/#\/schema\/person\/0bda2897d0b8e0150a7ece6f930ff5e5"},"description":"Le S\u00f3nar festival \u00e0 Barcelone est un \u00e9v\u00e9nement qui attire chaque ann\u00e9e des milliers de festivaliers. Je vous en parle en d\u00e9tail.","breadcrumb":{"@id":"https:\/\/bonjourbarcelone.fr\/sonar-festival\/#breadcrumb"},"inLanguage":"fr-FR","potentialAction":[{"@type":"ReadAction","target":["https:\/\/bonjourbarcelone.fr\/sonar-festival\/"]}]},{"@type":"ImageObject","inLanguage":"fr-FR","@id":"https:\/\/bonjourbarcelone.fr\/sonar-festival\/#primaryimage","url":"https:\/\/bonjourbarcelone.fr\/wp-content\/uploads\/2023\/02\/sonar-festival.jpg","contentUrl":"https:\/\/bonjourbarcelone.fr\/wp-content\/uploads\/2023\/02\/sonar-festival.jpg","width":2048,"height":1536,"caption":"sonar festival"},{"@type":"BreadcrumbList","@id":"https:\/\/bonjourbarcelone.fr\/sonar-festival\/#breadcrumb","itemListElement":[{"@type":"ListItem","position":1,"name":"Accueil","item":"https:\/\/bonjourbarcelone.fr\/"},{"@type":"ListItem","position":2,"name":"S\u00f3nar festival : le plus grand festival de la ville"}]},{"@type":"WebSite","@id":"https:\/\/bonjourbarcelone.fr\/#website","url":"https:\/\/bonjourbarcelone.fr\/","name":"Visiter Barcelone","description":"Tout pour passer un s\u00e9jour inoubliable en 2026 !","potentialAction":[{"@type":"SearchAction","target":{"@type":"EntryPoint","urlTemplate":"https:\/\/bonjourbarcelone.fr\/?s={search_term_string}"},"query-input":{"@type":"PropertyValueSpecification","valueRequired":true,"valueName":"search_term_string"}}],"inLanguage":"fr-FR"},{"@type":"Person","@id":"https:\/\/bonjourbarcelone.fr\/#\/schema\/person\/0bda2897d0b8e0150a7ece6f930ff5e5","name":"Thibaut","image":{"@type":"ImageObject","inLanguage":"fr-FR","@id":"https:\/\/bonjourbarcelone.fr\/#\/schema\/person\/image\/","url":"https:\/\/secure.gravatar.com\/avatar\/436636a11d7c80b948817b5a66d82f9305017ea4c84ab9a676db1d62ccc2c25d?s=96&r=g","contentUrl":"https:\/\/secure.gravatar.com\/avatar\/436636a11d7c80b948817b5a66d82f9305017ea4c84ab9a676db1d62ccc2c25d?s=96&r=g","caption":"Thibaut"},"description":"J'aide les voyageurs \u00e0 mieux visiter la ville de Barcelone avec un contenu \u00e9crit et actualis\u00e9 par des experts locaux pour vivre la meilleure exp\u00e9rience possible ! Notre agence de voyage propose \u00e9galement des visites guid\u00e9es en fran\u00e7ais."}]}},"_links":{"self":[{"href":"https:\/\/bonjourbarcelone.fr\/fr\/wp-json\/wp\/v2\/posts\/2174","targetHints":{"allow":["GET"]}}],"collection":[{"href":"https:\/\/bonjourbarcelone.fr\/fr\/wp-json\/wp\/v2\/posts"}],"about":[{"href":"https:\/\/bonjourbarcelone.fr\/fr\/wp-json\/wp\/v2\/types\/post"}],"author":[{"embeddable":true,"href":"https:\/\/bonjourbarcelone.fr\/fr\/wp-json\/wp\/v2\/users\/2"}],"replies":[{"embeddable":true,"href":"https:\/\/bonjourbarcelone.fr\/fr\/wp-json\/wp\/v2\/comments?post=2174"}],"version-history":[{"count":2,"href":"https:\/\/bonjourbarcelone.fr\/fr\/wp-json\/wp\/v2\/posts\/2174\/revisions"}],"predecessor-version":[{"id":2922,"href":"https:\/\/bonjourbarcelone.fr\/fr\/wp-json\/wp\/v2\/posts\/2174\/revisions\/2922"}],"wp:featuredmedia":[{"embeddable":true,"href":"https:\/\/bonjourbarcelone.fr\/fr\/wp-json\/wp\/v2\/media\/2175"}],"wp:attachment":[{"href":"https:\/\/bonjourbarcelone.fr\/fr\/wp-json\/wp\/v2\/media?parent=2174"}],"wp:term":[{"taxonomy":"category","embeddable":true,"href":"https:\/\/bonjourbarcelone.fr\/fr\/wp-json\/wp\/v2\/categories?post=2174"},{"taxonomy":"post_tag","embeddable":true,"href":"https:\/\/bonjourbarcelone.fr\/fr\/wp-json\/wp\/v2\/tags?post=2174"}],"curies":[{"name":"wp","href":"https:\/\/api.w.org\/{rel}","templated":true}]}}