{"id":2198,"date":"2023-03-07T21:04:51","date_gmt":"2023-03-07T21:04:51","guid":{"rendered":"https:\/\/bonjourbarcelone.fr\/?p=2198"},"modified":"2023-12-16T15:00:20","modified_gmt":"2023-12-16T15:00:20","slug":"el-raval-barcelone","status":"publish","type":"post","link":"https:\/\/bonjourbarcelone.fr\/fr\/el-raval-barcelone\/","title":{"rendered":"El Raval \u00e0 Barcelone : un quartier multiculturel"},"content":{"rendered":"<p><strong>El Raval<\/strong> est un quartier multiculturel dynamique au c\u0153ur de Barcelone.<\/p>\n<p>C\u00e9l\u00e8bre pour son ambiance avant-gardiste et boh\u00e8me, il abrite certains des meilleurs mus\u00e9es et restaurants de la ville.<\/p>\n<p>Laissez-moi vous pr\u00e9senter ce lieu en d\u00e9tail.<\/p>\n<h2 class=\"summary-title\">El Raval \u00e0 Barcelone : sommaire de l&rsquo;article<\/h2>\n<div class=\"summary-box\">\n<ul class=\"summary-list\">\n<li><a href=\"#_Toc127132851\">El Raval \u00e0 Barcelone\u00a0: quelle est l\u2019histoire du lieu\u2009?<\/a><\/li>\n<li><a href=\"#_Toc127132852\">El Raval \u00e0 Barcelone\u00a0: un quartier rempli de mus\u00e9es<\/a><\/li>\n<li><a href=\"#_Toc127132853\">Une s\u00e9lection des meilleurs restaurants de la zone<\/a><\/li>\n<li><a href=\"#_Toc127132854\">El Raval \u00e0 Barcelone\u00a0: des h\u00f4tels pour vous reposer<\/a><\/li>\n<li><a href=\"#_Toc127132855\">Des march\u00e9s et boutiques c\u00e9l\u00e8bres<\/a><\/li>\n<\/ul>\n<\/div>\n<h2><a name=\"_Toc127132851\"><\/a><strong>El Raval \u00e0 Barcelone\u00a0: quelle est l\u2019histoire du lieu\u2009?<\/strong><\/h2>\n<p>Le nom Raval, d\u00e9riv\u00e9 du mot arabe rabad, signifie p\u00e9riph\u00e9rie. En effet, El Raval se trouvait <strong>au-del\u00e0 des murs romains de Barcino et du premier ensemble de murs m\u00e9di\u00e9vaux<\/strong>. Des vestiges des murs m\u00e9di\u00e9vaux peuvent \u00eatre vus \u00e0 c\u00f4t\u00e9 des Drassanes.<\/p>\n<p>Les anciennes routes romaines \u00e0 l\u2019ext\u00e9rieur de Barcino dessinaient en fait le contour du quartier. Avant le Xe si\u00e8cle, le monast\u00e8re de Sant Pau del Camp \u00e9tait le premier centre important de ce qui allait devenir El Raval. La croissance de Barcelone a englouti la zone \u00e0 l\u2019int\u00e9rieur d\u2019un troisi\u00e8me mur de la ville.<\/p>\n<p>Au Moyen \u00c2ge, El Raval \u00e9tait constitu\u00e9 de jardins mara\u00eechers qui approvisionnaient la ville en produits. <strong>De 1770 \u00e0 1840<\/strong> eut lieu l\u2019industrialisation d\u2019El Raval. En 1850, des immeubles d\u2019habitation abritant des ouvriers de la campagne pour les usines de textile ont \u00e9t\u00e9 construits sur plusieurs \u00e9tages pour maximiser l\u2019espace.<\/p>\n<h3><strong>Une sc\u00e8ne pour l\u2019art <\/strong><\/h3>\n<p>Le chat de Botero est arriv\u00e9 en 2003 au bout de la nouvelle Ramblas del Raval et est depuis <strong>devenu un symbole du quartier<\/strong>. Le chat de bronze joufflu est un point de rencontre parfait avant une soir\u00e9e en ville. L\u2019artiste et sculpteur colombien Fernando Botero a \u00e9galement r\u00e9alis\u00e9 le cheval arrondi qui se trouve dans le terminal\u00a02 de l\u2019a\u00e9roport de Barcelone El Prat depuis 1992.<\/p>\n<p>El Raval a aussi une sc\u00e8ne d\u2019art de rue florissante. Regardez autour de vous et vous verrez les marques <strong>d\u2019artistes de rue c\u00e9l\u00e8bres tels que Space Invader.<\/strong><\/p>\n<p><a href=\"https:\/\/bonjourbarcelone.fr\/wp-content\/uploads\/2023\/03\/el-raval-barcelone.jpg\"><img decoding=\"async\" class=\"alignnone size-large wp-image-2199\" src=\"https:\/\/bonjourbarcelone.fr\/wp-content\/uploads\/2023\/03\/el-raval-barcelone-1024x684.jpg\" alt=\"el raval barcelone\" width=\"1024\" height=\"684\" srcset=\"https:\/\/bonjourbarcelone.fr\/wp-content\/uploads\/2023\/03\/el-raval-barcelone-1024x684.jpg 1024w, https:\/\/bonjourbarcelone.fr\/wp-content\/uploads\/2023\/03\/el-raval-barcelone-300x200.jpg 300w, https:\/\/bonjourbarcelone.fr\/wp-content\/uploads\/2023\/03\/el-raval-barcelone-768x513.jpg 768w, https:\/\/bonjourbarcelone.fr\/wp-content\/uploads\/2023\/03\/el-raval-barcelone-1536x1026.jpg 1536w, https:\/\/bonjourbarcelone.fr\/wp-content\/uploads\/2023\/03\/el-raval-barcelone.jpg 2048w\" sizes=\"(max-width: 1024px) 100vw, 1024px\" \/><\/a><\/p>\n<h2><a name=\"_Toc127132852\"><\/a><strong>El Raval \u00e0 Barcelone\u00a0: un quartier rempli de mus\u00e9es<\/strong><\/h2>\n<p>Le <a href=\"https:\/\/bonjourbarcelone.fr\/musee-maritime-barcelone\/\">Museu Mar\u00edtim de Barcelona<\/a> est install\u00e9 dans les Drassanes, les chantiers navals royaux de Barcelone. La construction a commenc\u00e9 \u00e0 la fin du XIII\u1d49 si\u00e8cle. En 1568, <strong>la Galera Reial<\/strong>\u00a0a \u00e9t\u00e9 construite sur le site et une r\u00e9plique est rest\u00e9e dans la cale principale.<\/p>\n<p>Le<a href=\"https:\/\/bonjourbarcelone.fr\/macba\/\"> Museu d\u2019Art Contemporani de Barcelona<\/a> (MACBA) a ouvert ses portes en 1995. La collection permanente d\u2019environ 5\u2009000 \u0153uvres date du milieu du XX\u1d49 si\u00e8cle. Il se situe sur la Pla\u00e7a dels \u00c0ngels, un endroit pris\u00e9 des jeunes pour sortir et <strong>faire du skateboard.<\/strong><\/p>\n<p>Adjacent au MACBA se trouve le <a href=\"https:\/\/bonjourbarcelone.fr\/cccb-barcelona\/\">Centre de Culture Contemporaine de Barcelone (CCCB)<\/a>, une institution multidisciplinaire qui accueille des expositions, des d\u00e9bats, des festivals, des concerts, des films, des cours et des ateliers.<\/p>\n<p>Enfin, vous retrouvez le <a href=\"https:\/\/bonjourbarcelone.fr\/palais-guell\/\">palais G\u00fcell<\/a>, un lieu d\u2019inspiration Art nouveau con\u00e7u par Antoni Gaud\u00ed pour le magnat industriel Eusebi G\u00fcell. Construit entre 1886 et 1888, c\u2019\u00e9tait la maison de la famille G\u00fcell i L\u00f3pez jusqu\u2019\u00e0 ce qu\u2019ils d\u00e9m\u00e9nagent au <a href=\"https:\/\/bonjourbarcelone.fr\/parc-guell-barcelone\/\">parc G\u00fcell<\/a>.<\/p>\n<h2><a name=\"_Toc127132853\"><\/a><strong>Une s\u00e9lection des meilleurs restaurants de la zone<\/strong><\/h2>\n<p>Comme vous pouvez vous y attendre, le quartier d\u2019El Raval est rempli de tr\u00e8s bons restaurants que vous devez absolument essayer lors de vos vacances.<\/p>\n<p>Le Bar Ca\u00f1ete \u00e0 la gestion familiale est l\u2019un des <a href=\"https:\/\/bonjourbarcelone.fr\/tapas-gastronomique\/\">meilleurs restaurants de tapas<\/a> de Barcelone, c\u00e9l\u00e8bre pour ses fruits de mer frais provenant des march\u00e9s catalans.<\/p>\n<p>L\u2019un des meilleurs <a href=\"https:\/\/bonjourbarcelone.fr\/restaurant-vegetarien-barcelone\/\">restaurants v\u00e9g\u00e9tariens<\/a> de la ville, Teresa Carles <strong>propose un fabuleux menu pour le d\u00e9jeuner.<\/strong><\/p>\n<h2><a name=\"_Toc127132854\"><\/a><strong>El Raval \u00e0 Barcelone\u00a0: des h\u00f4tels pour vous reposer<\/strong><\/h2>\n<p>Le b\u00e2timent occup\u00e9 par l\u2019h\u00f4tel\u00a01898 \u00e9tait autrefois le si\u00e8ge de la Philippines Tobacco Company, la premi\u00e8re grande multinationale espagnole. Directement sur <a href=\"https:\/\/bonjourbarcelone.fr\/las-ramblas-barcelone\/\">Las Ramblas<\/a> et \u00e0 quelques pas de la <a href=\"https:\/\/bonjourbarcelone.fr\/place-catalunya-barcelone\/\">Place de Catalunya<\/a>, vous ne pourriez pas r\u00eaver d\u2019un emplacement plus pratique.<\/p>\n<p>L\u2019h\u00f4tel Barcel\u00f3 Raval se dresse sur las Ramblas de Raval et dispose d\u2019une terrasse spectaculaire avec une vue \u00e0 360 degr\u00e9s.<\/p>\n<p>L\u2019Andante Hotel b\u00e9n\u00e9ficie d\u2019un emplacement central dans la partie inf\u00e9rieure du quartier d\u2019El Raval, <strong>\u00e0 une courte distance de Port Vell et de Las Ramblas.<\/strong><\/p>\n<h2><a name=\"_Toc127132855\"><\/a><strong>Des march\u00e9s et boutiques c\u00e9l\u00e8bres<\/strong><\/h2>\n<p><a href=\"https:\/\/bonjourbarcelone.fr\/la-boqueria\/\">La Boqueria<\/a> est un march\u00e9 alimentaire de renomm\u00e9e mondiale. Situ\u00e9 juste \u00e0 c\u00f4t\u00e9 de Las Ramblas, ses origines remontent \u00e0 1217. Il est pr\u00e9f\u00e9rable de le visiter t\u00f4t et d\u2019\u00e9viter la cohue. Il y a plusieurs endroits merveilleux pour manger parmi les \u00e9tals du march\u00e9, <strong>comme El Quim de <a href=\"https:\/\/bonjourbarcelone.fr\/la-boqueria\/\">La Boqueria<\/a> et Pinotxo Bar.<\/strong><\/p>\n<p>Raval est c\u00e9l\u00e8bre pour ses boutiques vendant des v\u00eatements et des accessoires vintages. Holala Plaza est <strong>le plus grand magasin vintage de Barcelone.<\/strong><\/p>\n<p>Vous en savez maintenant beaucoup plus sur le quartier El Raval \u00e0 Barcelone. Lors de vos vacances, je suis certain que vous passerez d\u00e9couvrir <strong>ce magnifique endroit au c\u0153ur de Barcelone.<\/strong><\/p>\n","protected":false},"excerpt":{"rendered":"<p>El Raval est un quartier multiculturel dynamique au c\u0153ur de Barcelone. C\u00e9l\u00e8bre pour son ambiance avant-gardiste et boh\u00e8me, il abrite certains des meilleurs mus\u00e9es et restaurants de la ville. Laissez-moi vous pr\u00e9senter ce lieu en d\u00e9tail. El Raval \u00e0 Barcelone : sommaire de l&rsquo;article El Raval \u00e0 Barcelone\u00a0: quelle est l\u2019histoire du lieu\u2009? El Raval [&hellip;]<\/p>\n","protected":false},"author":2,"featured_media":2199,"comment_status":"open","ping_status":"open","sticky":false,"template":"","format":"standard","meta":{"om_disable_all_campaigns":false,"_genesis_hide_title":false,"_genesis_hide_breadcrumbs":false,"_genesis_hide_singular_image":false,"_genesis_hide_footer_widgets":false,"_genesis_custom_body_class":"","_genesis_custom_post_class":"","_genesis_layout":"","footnotes":""},"categories":[3],"tags":[],"class_list":{"0":"post-2198","1":"post","2":"type-post","3":"status-publish","4":"format-standard","5":"has-post-thumbnail","7":"category-barcelone","8":"entry"},"yoast_head":"<!-- This site is optimized with the Yoast SEO plugin v26.5 - https:\/\/yoast.com\/wordpress\/plugins\/seo\/ -->\n<title>El Raval \u00e0 Barcelone : un quartier multiculturel<\/title>\n<meta name=\"description\" content=\"Le quartier El Raval \u00e0 Barcelone est un lieu charg\u00e9 d\u2019histoire. Puisque vous allez y passer lors de votre visite, laissez-moi vous en parler.\" \/>\n<meta name=\"robots\" content=\"index, follow, max-snippet:-1, max-image-preview:large, max-video-preview:-1\" \/>\n<link rel=\"canonical\" href=\"https:\/\/bonjourbarcelone.fr\/fr\/el-raval-barcelone\/\" \/>\n<meta property=\"og:locale\" content=\"fr_FR\" \/>\n<meta property=\"og:type\" content=\"article\" \/>\n<meta property=\"og:title\" content=\"El Raval \u00e0 Barcelone : un quartier multiculturel\" \/>\n<meta property=\"og:description\" content=\"Le quartier El Raval \u00e0 Barcelone est un lieu charg\u00e9 d\u2019histoire. Puisque vous allez y passer lors de votre visite, laissez-moi vous en parler.\" \/>\n<meta property=\"og:url\" content=\"https:\/\/bonjourbarcelone.fr\/fr\/el-raval-barcelone\/\" \/>\n<meta property=\"og:site_name\" content=\"Visiter Barcelone\" \/>\n<meta property=\"article:published_time\" content=\"2023-03-07T21:04:51+00:00\" \/>\n<meta property=\"article:modified_time\" content=\"2023-12-16T15:00:20+00:00\" \/>\n<meta property=\"og:image\" content=\"https:\/\/bonjourbarcelone.fr\/wp-content\/uploads\/2023\/03\/el-raval-barcelone.jpg\" \/>\n\t<meta property=\"og:image:width\" content=\"2048\" \/>\n\t<meta property=\"og:image:height\" content=\"1368\" \/>\n\t<meta property=\"og:image:type\" content=\"image\/jpeg\" \/>\n<meta name=\"author\" content=\"Thibaut\" \/>\n<meta name=\"twitter:card\" content=\"summary_large_image\" \/>\n<meta name=\"twitter:label1\" content=\"\u00c9crit par\" \/>\n\t<meta name=\"twitter:data1\" content=\"Thibaut\" \/>\n\t<meta name=\"twitter:label2\" content=\"Dur\u00e9e de lecture estim\u00e9e\" \/>\n\t<meta name=\"twitter:data2\" content=\"5 minutes\" \/>\n<script type=\"application\/ld+json\" class=\"yoast-schema-graph\">{\"@context\":\"https:\/\/schema.org\",\"@graph\":[{\"@type\":\"WebPage\",\"@id\":\"https:\/\/bonjourbarcelone.fr\/el-raval-barcelone\/\",\"url\":\"https:\/\/bonjourbarcelone.fr\/el-raval-barcelone\/\",\"name\":\"El Raval \u00e0 Barcelone : un quartier multiculturel\",\"isPartOf\":{\"@id\":\"https:\/\/bonjourbarcelone.fr\/#website\"},\"primaryImageOfPage\":{\"@id\":\"https:\/\/bonjourbarcelone.fr\/el-raval-barcelone\/#primaryimage\"},\"image\":{\"@id\":\"https:\/\/bonjourbarcelone.fr\/el-raval-barcelone\/#primaryimage\"},\"thumbnailUrl\":\"https:\/\/bonjourbarcelone.fr\/wp-content\/uploads\/2023\/03\/el-raval-barcelone.jpg\",\"datePublished\":\"2023-03-07T21:04:51+00:00\",\"dateModified\":\"2023-12-16T15:00:20+00:00\",\"author\":{\"@id\":\"https:\/\/bonjourbarcelone.fr\/#\/schema\/person\/0bda2897d0b8e0150a7ece6f930ff5e5\"},\"description\":\"Le quartier El Raval \u00e0 Barcelone est un lieu charg\u00e9 d\u2019histoire. Puisque vous allez y passer lors de votre visite, laissez-moi vous en parler.\",\"breadcrumb\":{\"@id\":\"https:\/\/bonjourbarcelone.fr\/el-raval-barcelone\/#breadcrumb\"},\"inLanguage\":\"fr-FR\",\"potentialAction\":[{\"@type\":\"ReadAction\",\"target\":[\"https:\/\/bonjourbarcelone.fr\/el-raval-barcelone\/\"]}]},{\"@type\":\"ImageObject\",\"inLanguage\":\"fr-FR\",\"@id\":\"https:\/\/bonjourbarcelone.fr\/el-raval-barcelone\/#primaryimage\",\"url\":\"https:\/\/bonjourbarcelone.fr\/wp-content\/uploads\/2023\/03\/el-raval-barcelone.jpg\",\"contentUrl\":\"https:\/\/bonjourbarcelone.fr\/wp-content\/uploads\/2023\/03\/el-raval-barcelone.jpg\",\"width\":2048,\"height\":1368,\"caption\":\"el raval barcelone\"},{\"@type\":\"BreadcrumbList\",\"@id\":\"https:\/\/bonjourbarcelone.fr\/el-raval-barcelone\/#breadcrumb\",\"itemListElement\":[{\"@type\":\"ListItem\",\"position\":1,\"name\":\"Accueil\",\"item\":\"https:\/\/bonjourbarcelone.fr\/\"},{\"@type\":\"ListItem\",\"position\":2,\"name\":\"El Raval \u00e0 Barcelone : un quartier multiculturel\"}]},{\"@type\":\"WebSite\",\"@id\":\"https:\/\/bonjourbarcelone.fr\/#website\",\"url\":\"https:\/\/bonjourbarcelone.fr\/\",\"name\":\"Visiter Barcelone\",\"description\":\"Tout pour passer un s\u00e9jour inoubliable en 2026 !\",\"potentialAction\":[{\"@type\":\"SearchAction\",\"target\":{\"@type\":\"EntryPoint\",\"urlTemplate\":\"https:\/\/bonjourbarcelone.fr\/?s={search_term_string}\"},\"query-input\":{\"@type\":\"PropertyValueSpecification\",\"valueRequired\":true,\"valueName\":\"search_term_string\"}}],\"inLanguage\":\"fr-FR\"},{\"@type\":\"Person\",\"@id\":\"https:\/\/bonjourbarcelone.fr\/#\/schema\/person\/0bda2897d0b8e0150a7ece6f930ff5e5\",\"name\":\"Thibaut\",\"image\":{\"@type\":\"ImageObject\",\"inLanguage\":\"fr-FR\",\"@id\":\"https:\/\/bonjourbarcelone.fr\/#\/schema\/person\/image\/\",\"url\":\"https:\/\/secure.gravatar.com\/avatar\/436636a11d7c80b948817b5a66d82f9305017ea4c84ab9a676db1d62ccc2c25d?s=96&r=g\",\"contentUrl\":\"https:\/\/secure.gravatar.com\/avatar\/436636a11d7c80b948817b5a66d82f9305017ea4c84ab9a676db1d62ccc2c25d?s=96&r=g\",\"caption\":\"Thibaut\"},\"description\":\"J'aide les voyageurs \u00e0 mieux visiter la ville de Barcelone avec un contenu \u00e9crit et actualis\u00e9 par des experts locaux pour vivre la meilleure exp\u00e9rience possible ! Notre agence de voyage propose \u00e9galement des visites guid\u00e9es en fran\u00e7ais.\"}]}<\/script>\n<!-- \/ Yoast SEO plugin. -->","yoast_head_json":{"title":"El Raval \u00e0 Barcelone : un quartier multiculturel","description":"Le quartier El Raval \u00e0 Barcelone est un lieu charg\u00e9 d\u2019histoire. Puisque vous allez y passer lors de votre visite, laissez-moi vous en parler.","robots":{"index":"index","follow":"follow","max-snippet":"max-snippet:-1","max-image-preview":"max-image-preview:large","max-video-preview":"max-video-preview:-1"},"canonical":"https:\/\/bonjourbarcelone.fr\/fr\/el-raval-barcelone\/","og_locale":"fr_FR","og_type":"article","og_title":"El Raval \u00e0 Barcelone : un quartier multiculturel","og_description":"Le quartier El Raval \u00e0 Barcelone est un lieu charg\u00e9 d\u2019histoire. Puisque vous allez y passer lors de votre visite, laissez-moi vous en parler.","og_url":"https:\/\/bonjourbarcelone.fr\/fr\/el-raval-barcelone\/","og_site_name":"Visiter Barcelone","article_published_time":"2023-03-07T21:04:51+00:00","article_modified_time":"2023-12-16T15:00:20+00:00","og_image":[{"width":2048,"height":1368,"url":"https:\/\/bonjourbarcelone.fr\/wp-content\/uploads\/2023\/03\/el-raval-barcelone.jpg","type":"image\/jpeg"}],"author":"Thibaut","twitter_card":"summary_large_image","twitter_misc":{"\u00c9crit par":"Thibaut","Dur\u00e9e de lecture estim\u00e9e":"5 minutes"},"schema":{"@context":"https:\/\/schema.org","@graph":[{"@type":"WebPage","@id":"https:\/\/bonjourbarcelone.fr\/el-raval-barcelone\/","url":"https:\/\/bonjourbarcelone.fr\/el-raval-barcelone\/","name":"El Raval \u00e0 Barcelone : un quartier multiculturel","isPartOf":{"@id":"https:\/\/bonjourbarcelone.fr\/#website"},"primaryImageOfPage":{"@id":"https:\/\/bonjourbarcelone.fr\/el-raval-barcelone\/#primaryimage"},"image":{"@id":"https:\/\/bonjourbarcelone.fr\/el-raval-barcelone\/#primaryimage"},"thumbnailUrl":"https:\/\/bonjourbarcelone.fr\/wp-content\/uploads\/2023\/03\/el-raval-barcelone.jpg","datePublished":"2023-03-07T21:04:51+00:00","dateModified":"2023-12-16T15:00:20+00:00","author":{"@id":"https:\/\/bonjourbarcelone.fr\/#\/schema\/person\/0bda2897d0b8e0150a7ece6f930ff5e5"},"description":"Le quartier El Raval \u00e0 Barcelone est un lieu charg\u00e9 d\u2019histoire. Puisque vous allez y passer lors de votre visite, laissez-moi vous en parler.","breadcrumb":{"@id":"https:\/\/bonjourbarcelone.fr\/el-raval-barcelone\/#breadcrumb"},"inLanguage":"fr-FR","potentialAction":[{"@type":"ReadAction","target":["https:\/\/bonjourbarcelone.fr\/el-raval-barcelone\/"]}]},{"@type":"ImageObject","inLanguage":"fr-FR","@id":"https:\/\/bonjourbarcelone.fr\/el-raval-barcelone\/#primaryimage","url":"https:\/\/bonjourbarcelone.fr\/wp-content\/uploads\/2023\/03\/el-raval-barcelone.jpg","contentUrl":"https:\/\/bonjourbarcelone.fr\/wp-content\/uploads\/2023\/03\/el-raval-barcelone.jpg","width":2048,"height":1368,"caption":"el raval barcelone"},{"@type":"BreadcrumbList","@id":"https:\/\/bonjourbarcelone.fr\/el-raval-barcelone\/#breadcrumb","itemListElement":[{"@type":"ListItem","position":1,"name":"Accueil","item":"https:\/\/bonjourbarcelone.fr\/"},{"@type":"ListItem","position":2,"name":"El Raval \u00e0 Barcelone : un quartier multiculturel"}]},{"@type":"WebSite","@id":"https:\/\/bonjourbarcelone.fr\/#website","url":"https:\/\/bonjourbarcelone.fr\/","name":"Visiter Barcelone","description":"Tout pour passer un s\u00e9jour inoubliable en 2026 !","potentialAction":[{"@type":"SearchAction","target":{"@type":"EntryPoint","urlTemplate":"https:\/\/bonjourbarcelone.fr\/?s={search_term_string}"},"query-input":{"@type":"PropertyValueSpecification","valueRequired":true,"valueName":"search_term_string"}}],"inLanguage":"fr-FR"},{"@type":"Person","@id":"https:\/\/bonjourbarcelone.fr\/#\/schema\/person\/0bda2897d0b8e0150a7ece6f930ff5e5","name":"Thibaut","image":{"@type":"ImageObject","inLanguage":"fr-FR","@id":"https:\/\/bonjourbarcelone.fr\/#\/schema\/person\/image\/","url":"https:\/\/secure.gravatar.com\/avatar\/436636a11d7c80b948817b5a66d82f9305017ea4c84ab9a676db1d62ccc2c25d?s=96&r=g","contentUrl":"https:\/\/secure.gravatar.com\/avatar\/436636a11d7c80b948817b5a66d82f9305017ea4c84ab9a676db1d62ccc2c25d?s=96&r=g","caption":"Thibaut"},"description":"J'aide les voyageurs \u00e0 mieux visiter la ville de Barcelone avec un contenu \u00e9crit et actualis\u00e9 par des experts locaux pour vivre la meilleure exp\u00e9rience possible ! Notre agence de voyage propose \u00e9galement des visites guid\u00e9es en fran\u00e7ais."}]}},"_links":{"self":[{"href":"https:\/\/bonjourbarcelone.fr\/fr\/wp-json\/wp\/v2\/posts\/2198","targetHints":{"allow":["GET"]}}],"collection":[{"href":"https:\/\/bonjourbarcelone.fr\/fr\/wp-json\/wp\/v2\/posts"}],"about":[{"href":"https:\/\/bonjourbarcelone.fr\/fr\/wp-json\/wp\/v2\/types\/post"}],"author":[{"embeddable":true,"href":"https:\/\/bonjourbarcelone.fr\/fr\/wp-json\/wp\/v2\/users\/2"}],"replies":[{"embeddable":true,"href":"https:\/\/bonjourbarcelone.fr\/fr\/wp-json\/wp\/v2\/comments?post=2198"}],"version-history":[{"count":2,"href":"https:\/\/bonjourbarcelone.fr\/fr\/wp-json\/wp\/v2\/posts\/2198\/revisions"}],"predecessor-version":[{"id":2942,"href":"https:\/\/bonjourbarcelone.fr\/fr\/wp-json\/wp\/v2\/posts\/2198\/revisions\/2942"}],"wp:featuredmedia":[{"embeddable":true,"href":"https:\/\/bonjourbarcelone.fr\/fr\/wp-json\/wp\/v2\/media\/2199"}],"wp:attachment":[{"href":"https:\/\/bonjourbarcelone.fr\/fr\/wp-json\/wp\/v2\/media?parent=2198"}],"wp:term":[{"taxonomy":"category","embeddable":true,"href":"https:\/\/bonjourbarcelone.fr\/fr\/wp-json\/wp\/v2\/categories?post=2198"},{"taxonomy":"post_tag","embeddable":true,"href":"https:\/\/bonjourbarcelone.fr\/fr\/wp-json\/wp\/v2\/tags?post=2198"}],"curies":[{"name":"wp","href":"https:\/\/api.w.org\/{rel}","templated":true}]}}