{"id":2224,"date":"2023-03-08T00:22:40","date_gmt":"2023-03-08T00:22:40","guid":{"rendered":"https:\/\/bonjourbarcelone.fr\/?p=2224"},"modified":"2023-12-16T15:00:10","modified_gmt":"2023-12-16T15:00:10","slug":"pavillon-mies-van-der-rohe","status":"publish","type":"post","link":"https:\/\/bonjourbarcelone.fr\/fr\/pavillon-mies-van-der-rohe\/","title":{"rendered":"Le Pavillon Mies Van Der Rohe : un lieu design \u00e0 Barcelone"},"content":{"rendered":"<p><strong>Le pavillon Mies Van Der Rohe de Barcelone<\/strong> est devenu un lieu important pour comprendre l\u2019architecture moderne de la ville.<\/p>\n<p>Ici, vous pouvez passer un moment loin de l\u2019agitation de Barcelone.<\/p>\n<p>L\u2019architecture a cr\u00e9\u00e9 un environnement propice \u00e0 la contemplation et \u00e0 la r\u00e9flexion.<\/p>\n<p>Qu\u2019est-ce que le Pavillon de Barcelone\u2009?<\/p>\n<p>Que pouvez-vous voir sur place\u2009?<\/p>\n<p>C\u2019est ce que nous allons voir dans cet article.<\/p>\n<h2 class=\"summary-title\">Le pavillon Mies Van Der Rohe : sommaire de l&rsquo;article<\/h2>\n<div class=\"summary-box\">\n<ul class=\"summary-list\">\n<li><a href=\"#_Toc128933802\">La courte histoire du Pavillon Mies Van Der Rohe<\/a><\/li>\n<li><a href=\"#_Toc128933803\">Des mat\u00e9riaux particuliers sont entr\u00e9s dans sa conception<\/a><\/li>\n<li><a href=\"#_Toc128933804\">Les bassins r\u00e9fl\u00e9chissants du Pavillon Mies Van Der Rohe<\/a><\/li>\n<li><a href=\"#_Toc128933805\">Quelle est la signification de ce pavillon architectural\u2009?<\/a><\/li>\n<li><a href=\"#_Toc128933806\">Comment visiter le Pavillon Mies Van Der Rohe<\/a><\/li>\n<\/ul>\n<\/div>\n<h2><a name=\"_Toc128933802\"><\/a><strong>La courte histoire du Pavillon Mies Van Der Rohe<\/strong><\/h2>\n<p>Le pavillon allemand, \u00e9galement connu sous le nom de pavillon de Barcelone, a \u00e9t\u00e9 initialement pr\u00e9sent\u00e9 \u00e0 <strong>l\u2019Exposition internationale de Barcelone le 26\u00a0mai 1929<\/strong> par le roi Alphonse\u00a0XIII et la reine Victoria Eug\u00e9nie d\u2019Espagne.<\/p>\n<p>Le pavillon \u00e9tait destin\u00e9 \u00e0 repr\u00e9senter la nouvelle identit\u00e9 de l\u2019Allemagne en tant que nation pacifique et prosp\u00e8re signifiant un nouveau d\u00e9part apr\u00e8s la Premi\u00e8re Guerre mondiale. La R\u00e9publique de Weimar \u00e9tait encore sous son r\u00e8gne et \u00e9tait d\u00e9sireuse de d\u00e9velopper une nouvelle identit\u00e9 et de se distancer de son pass\u00e9 imp\u00e9rialiste.<\/p>\n<p>La nouvelle identit\u00e9 \u00e9tait celle de la modernit\u00e9, de l\u2019ouverture, de la lib\u00e9ralit\u00e9 et de l\u2019internationalisme. Ce sont encore <strong>des valeurs que le lieu partage aujourd\u2019hui.<\/strong><\/p>\n<p><a href=\"https:\/\/bonjourbarcelone.fr\/wp-content\/uploads\/2023\/03\/pavillon-mies-van-der-rohe.jpg\"><img decoding=\"async\" class=\"alignnone size-large wp-image-2225\" src=\"https:\/\/bonjourbarcelone.fr\/wp-content\/uploads\/2023\/03\/pavillon-mies-van-der-rohe-1024x576.jpg\" alt=\"Pavillon mies van der rohe\" width=\"1024\" height=\"576\" srcset=\"https:\/\/bonjourbarcelone.fr\/wp-content\/uploads\/2023\/03\/pavillon-mies-van-der-rohe-1024x576.jpg 1024w, https:\/\/bonjourbarcelone.fr\/wp-content\/uploads\/2023\/03\/pavillon-mies-van-der-rohe-300x169.jpg 300w, https:\/\/bonjourbarcelone.fr\/wp-content\/uploads\/2023\/03\/pavillon-mies-van-der-rohe-768x432.jpg 768w, https:\/\/bonjourbarcelone.fr\/wp-content\/uploads\/2023\/03\/pavillon-mies-van-der-rohe-1536x864.jpg 1536w, https:\/\/bonjourbarcelone.fr\/wp-content\/uploads\/2023\/03\/pavillon-mies-van-der-rohe.jpg 2048w\" sizes=\"(max-width: 1024px) 100vw, 1024px\" \/><\/a><\/p>\n<h2><a name=\"_Toc128933803\"><\/a><strong>Des mat\u00e9riaux particuliers sont entr\u00e9s dans sa conception<\/strong><\/h2>\n<p>Mies avait une connaissance approfondie des travaux de ma\u00e7onnerie en pierre. Il a grandi dans une famille de tailleurs de pierre et a \u00e9t\u00e9 apprenti ma\u00e7on dans sa prime jeunesse. Cette appr\u00e9ciation et cette connaissance se retrouvent dans <strong>les d\u00e9tails, l\u2019application et le choix des pierres du pavillon de Barcelone.<\/strong><\/p>\n<p>Les murs sont encadr\u00e9s d\u2019acier et rev\u00eatus de trois types diff\u00e9rents de pierre naturelle\u2009; marbre vert alpin, ancien marbre vert de Gr\u00e8ce et onyx dor\u00e9 des montagnes de l\u2019Atlas.<\/p>\n<p>Les pierres orn\u00e9es sont polies, produisant une transparence et une r\u00e9flectivit\u00e9, cr\u00e9ant la perception d\u2019un espace plus grand, semblable \u00e0 l\u2019effet d\u2019un miroir. Il y a aussi une s\u00e9rie de panneaux de verre, <strong>certains clairs et d\u2019autres translucides, <\/strong>dans la structure.<\/p>\n<h2><a name=\"_Toc128933804\"><\/a><strong>Les bassins r\u00e9fl\u00e9chissants du Pavillon Mies Van Der Rohe<\/strong><\/h2>\n<p>Gr\u00e2ce \u00e0 l\u2019ajout d\u2019eau, Mies apporte un \u00e9l\u00e9ment de douceur, de relief et de r\u00e9flexion. Semblable au rev\u00eatement en pierre polie \u00e0 l\u2019int\u00e9rieur du b\u00e2timent, la surface de l\u2019eau refl\u00e8te le ciel et les \u00e9l\u00e9ments environnants du site.<\/p>\n<p>En face du grand bassin r\u00e9fl\u00e9chissant <strong>se trouve un second bassin<\/strong>. Des murailles l\u2019entourent sur ses trois c\u00f4t\u00e9s. Les murs sont rev\u00eatus d\u2019une pierre de marbre vert qui se refl\u00e8te sur la surface de l\u2019eau.<\/p>\n<p>Dans le coin arri\u00e8re se trouve une sculpture en bronze avec une figure connue sous le nom de Dawn par l\u2019artiste George Colby. La sculpture repr\u00e9sente une femme nue qui semble se prot\u00e9ger du soleil. Elle attend patiemment sur un petit coussin dans l\u2019\u00e9tang, <strong>ce qui l\u2019isole de la foule de curieux.<\/strong><\/p>\n<h2><a name=\"_Toc128933805\"><\/a><strong>Quelle est la signification de ce pavillon architectural\u2009?<\/strong><\/h2>\n<p>Le pavillon de Barcelone a \u00e9t\u00e9 l\u2019une des premi\u00e8res \u0153uvres architecturales \u00e0 \u00ab\u2009lib\u00e9rer l\u2019espace\u2009\u00bb. Avant le pavillon, les b\u00e2timents \u00e9taient con\u00e7us comme des coques solides encapsulant l\u2019espace dans un conteneur clairement d\u00e9fini.<\/p>\n<p>Dans le pavillon, Mies a supprim\u00e9 la fronti\u00e8re entre l\u2019int\u00e9rieur et l\u2019ext\u00e9rieur en prolongeant les plans muraux, le verre, les reflets et les mat\u00e9riaux. Il n\u2019y a aucun int\u00e9rieur et ext\u00e9rieur d\u00e9fini au b\u00e2timent. Au lieu d\u2019une enveloppe, <strong>le b\u00e2timent se constitue d\u2019une s\u00e9rie de plans dynamiques mouvants<\/strong> qui ne montrent pas la s\u00e9paration entre l\u2019int\u00e9rieur et l\u2019ext\u00e9rieur.<\/p>\n<p>Plusieurs autres b\u00e2timents ont commenc\u00e9 \u00e0 pr\u00e9senter des qualit\u00e9s semblables \u00e0 cette \u00e9poque. Cependant, aucun n\u2019a eu autant de succ\u00e8s que le pavillon de Barcelone.<\/p>\n<h2><a name=\"_Toc128933806\"><\/a><strong>Comment visiter le Pavillon Mies Van Der Rohe<\/strong><\/h2>\n<p>Le pavillon de Barcelone ouvre la majeure partie de l\u2019ann\u00e9e au public. Je vous recommande de <strong>r\u00e9server le premier cr\u00e9neau horaire \u00e0 10 h, avant que la foule de l\u2019apr\u00e8s-midi ne remplisse le lieu.<\/strong><\/p>\n<p>Plusieurs m\u00e9thodes de transport vous emm\u00e8neront jusqu\u2019au pavillon. Le plus simple est de prendre le <a href=\"https:\/\/bonjourbarcelone.fr\/metro-barcelone\/\">m\u00e9tro<\/a> jusqu\u2019\u00e0 l\u2019arr\u00eat Espana. Allez ensuite vers le sud-est sur l\u2019Avenida Reina Maria Cristina en direction de la <a href=\"https:\/\/bonjourbarcelone.fr\/fontaine-magique-barcelone\/\">fontaine magique de Montju\u00efc<\/a>. Le pavillon sera sur votre droite.<\/p>\n<p>Le Pavillon est un endroit \u00e0 part \u00e0 visiter. S\u2019il n\u2019est pas une priorit\u00e9 lors d\u2019une premi\u00e8re visite de la ville, je le conseille aux curieux qui connaissent d\u00e9j\u00e0 bien les endroits les plus c\u00e9l\u00e8bres de Barcelone. Vous aurez alors<strong> l\u2019impression de toujours en d\u00e9couvrir plus sur la ville<\/strong>.<\/p>\n","protected":false},"excerpt":{"rendered":"<p>Le pavillon Mies Van Der Rohe de Barcelone est devenu un lieu important pour comprendre l\u2019architecture moderne de la ville. Ici, vous pouvez passer un moment loin de l\u2019agitation de Barcelone. L\u2019architecture a cr\u00e9\u00e9 un environnement propice \u00e0 la contemplation et \u00e0 la r\u00e9flexion. Qu\u2019est-ce que le Pavillon de Barcelone\u2009? Que pouvez-vous voir sur place\u2009? [&hellip;]<\/p>\n","protected":false},"author":2,"featured_media":2225,"comment_status":"open","ping_status":"open","sticky":false,"template":"","format":"standard","meta":{"om_disable_all_campaigns":false,"_genesis_hide_title":false,"_genesis_hide_breadcrumbs":false,"_genesis_hide_singular_image":false,"_genesis_hide_footer_widgets":false,"_genesis_custom_body_class":"","_genesis_custom_post_class":"","_genesis_layout":"","footnotes":""},"categories":[3],"tags":[],"class_list":{"0":"post-2224","1":"post","2":"type-post","3":"status-publish","4":"format-standard","5":"has-post-thumbnail","7":"category-barcelone","8":"entry"},"yoast_head":"<!-- This site is optimized with the Yoast SEO plugin v26.5 - https:\/\/yoast.com\/wordpress\/plugins\/seo\/ -->\n<title>Le Pavillon Mies Van Der Rohe : un lieu design \u00e0 Barcelone<\/title>\n<meta name=\"description\" content=\"Le Pavillon Mies Van Der Rohe est un endroit qui m\u00eale design et architecture. C\u2019est le lieu \u00e0 visiter si vous \u00eates passionn\u00e9 par ce sujet.\" \/>\n<meta name=\"robots\" content=\"index, follow, max-snippet:-1, max-image-preview:large, max-video-preview:-1\" \/>\n<link rel=\"canonical\" href=\"https:\/\/bonjourbarcelone.fr\/fr\/pavillon-mies-van-der-rohe\/\" \/>\n<meta property=\"og:locale\" content=\"fr_FR\" \/>\n<meta property=\"og:type\" content=\"article\" \/>\n<meta property=\"og:title\" content=\"Le Pavillon Mies Van Der Rohe : un lieu design \u00e0 Barcelone\" \/>\n<meta property=\"og:description\" content=\"Le Pavillon Mies Van Der Rohe est un endroit qui m\u00eale design et architecture. C\u2019est le lieu \u00e0 visiter si vous \u00eates passionn\u00e9 par ce sujet.\" \/>\n<meta property=\"og:url\" content=\"https:\/\/bonjourbarcelone.fr\/fr\/pavillon-mies-van-der-rohe\/\" \/>\n<meta property=\"og:site_name\" content=\"Visiter Barcelone\" \/>\n<meta property=\"article:published_time\" content=\"2023-03-08T00:22:40+00:00\" \/>\n<meta property=\"article:modified_time\" content=\"2023-12-16T15:00:10+00:00\" \/>\n<meta property=\"og:image\" content=\"https:\/\/bonjourbarcelone.fr\/wp-content\/uploads\/2023\/03\/pavillon-mies-van-der-rohe.jpg\" \/>\n\t<meta property=\"og:image:width\" content=\"2048\" \/>\n\t<meta property=\"og:image:height\" content=\"1152\" \/>\n\t<meta property=\"og:image:type\" content=\"image\/jpeg\" \/>\n<meta name=\"author\" content=\"Thibaut\" \/>\n<meta name=\"twitter:card\" content=\"summary_large_image\" \/>\n<meta name=\"twitter:label1\" content=\"\u00c9crit par\" \/>\n\t<meta name=\"twitter:data1\" content=\"Thibaut\" \/>\n\t<meta name=\"twitter:label2\" content=\"Dur\u00e9e de lecture estim\u00e9e\" \/>\n\t<meta name=\"twitter:data2\" content=\"5 minutes\" \/>\n<script type=\"application\/ld+json\" class=\"yoast-schema-graph\">{\"@context\":\"https:\/\/schema.org\",\"@graph\":[{\"@type\":\"WebPage\",\"@id\":\"https:\/\/bonjourbarcelone.fr\/pavillon-mies-van-der-rohe\/\",\"url\":\"https:\/\/bonjourbarcelone.fr\/pavillon-mies-van-der-rohe\/\",\"name\":\"Le Pavillon Mies Van Der Rohe : un lieu design \u00e0 Barcelone\",\"isPartOf\":{\"@id\":\"https:\/\/bonjourbarcelone.fr\/#website\"},\"primaryImageOfPage\":{\"@id\":\"https:\/\/bonjourbarcelone.fr\/pavillon-mies-van-der-rohe\/#primaryimage\"},\"image\":{\"@id\":\"https:\/\/bonjourbarcelone.fr\/pavillon-mies-van-der-rohe\/#primaryimage\"},\"thumbnailUrl\":\"https:\/\/bonjourbarcelone.fr\/wp-content\/uploads\/2023\/03\/pavillon-mies-van-der-rohe.jpg\",\"datePublished\":\"2023-03-08T00:22:40+00:00\",\"dateModified\":\"2023-12-16T15:00:10+00:00\",\"author\":{\"@id\":\"https:\/\/bonjourbarcelone.fr\/#\/schema\/person\/0bda2897d0b8e0150a7ece6f930ff5e5\"},\"description\":\"Le Pavillon Mies Van Der Rohe est un endroit qui m\u00eale design et architecture. C\u2019est le lieu \u00e0 visiter si vous \u00eates passionn\u00e9 par ce sujet.\",\"breadcrumb\":{\"@id\":\"https:\/\/bonjourbarcelone.fr\/pavillon-mies-van-der-rohe\/#breadcrumb\"},\"inLanguage\":\"fr-FR\",\"potentialAction\":[{\"@type\":\"ReadAction\",\"target\":[\"https:\/\/bonjourbarcelone.fr\/pavillon-mies-van-der-rohe\/\"]}]},{\"@type\":\"ImageObject\",\"inLanguage\":\"fr-FR\",\"@id\":\"https:\/\/bonjourbarcelone.fr\/pavillon-mies-van-der-rohe\/#primaryimage\",\"url\":\"https:\/\/bonjourbarcelone.fr\/wp-content\/uploads\/2023\/03\/pavillon-mies-van-der-rohe.jpg\",\"contentUrl\":\"https:\/\/bonjourbarcelone.fr\/wp-content\/uploads\/2023\/03\/pavillon-mies-van-der-rohe.jpg\",\"width\":2048,\"height\":1152,\"caption\":\"Pavillon mies van der rohe\"},{\"@type\":\"BreadcrumbList\",\"@id\":\"https:\/\/bonjourbarcelone.fr\/pavillon-mies-van-der-rohe\/#breadcrumb\",\"itemListElement\":[{\"@type\":\"ListItem\",\"position\":1,\"name\":\"Accueil\",\"item\":\"https:\/\/bonjourbarcelone.fr\/\"},{\"@type\":\"ListItem\",\"position\":2,\"name\":\"Le Pavillon Mies Van Der Rohe : un lieu design \u00e0 Barcelone\"}]},{\"@type\":\"WebSite\",\"@id\":\"https:\/\/bonjourbarcelone.fr\/#website\",\"url\":\"https:\/\/bonjourbarcelone.fr\/\",\"name\":\"Visiter Barcelone\",\"description\":\"Tout pour passer un s\u00e9jour inoubliable en 2026 !\",\"potentialAction\":[{\"@type\":\"SearchAction\",\"target\":{\"@type\":\"EntryPoint\",\"urlTemplate\":\"https:\/\/bonjourbarcelone.fr\/?s={search_term_string}\"},\"query-input\":{\"@type\":\"PropertyValueSpecification\",\"valueRequired\":true,\"valueName\":\"search_term_string\"}}],\"inLanguage\":\"fr-FR\"},{\"@type\":\"Person\",\"@id\":\"https:\/\/bonjourbarcelone.fr\/#\/schema\/person\/0bda2897d0b8e0150a7ece6f930ff5e5\",\"name\":\"Thibaut\",\"image\":{\"@type\":\"ImageObject\",\"inLanguage\":\"fr-FR\",\"@id\":\"https:\/\/bonjourbarcelone.fr\/#\/schema\/person\/image\/\",\"url\":\"https:\/\/secure.gravatar.com\/avatar\/436636a11d7c80b948817b5a66d82f9305017ea4c84ab9a676db1d62ccc2c25d?s=96&r=g\",\"contentUrl\":\"https:\/\/secure.gravatar.com\/avatar\/436636a11d7c80b948817b5a66d82f9305017ea4c84ab9a676db1d62ccc2c25d?s=96&r=g\",\"caption\":\"Thibaut\"},\"description\":\"J'aide les voyageurs \u00e0 mieux visiter la ville de Barcelone avec un contenu \u00e9crit et actualis\u00e9 par des experts locaux pour vivre la meilleure exp\u00e9rience possible ! Notre agence de voyage propose \u00e9galement des visites guid\u00e9es en fran\u00e7ais.\"}]}<\/script>\n<!-- \/ Yoast SEO plugin. -->","yoast_head_json":{"title":"Le Pavillon Mies Van Der Rohe : un lieu design \u00e0 Barcelone","description":"Le Pavillon Mies Van Der Rohe est un endroit qui m\u00eale design et architecture. C\u2019est le lieu \u00e0 visiter si vous \u00eates passionn\u00e9 par ce sujet.","robots":{"index":"index","follow":"follow","max-snippet":"max-snippet:-1","max-image-preview":"max-image-preview:large","max-video-preview":"max-video-preview:-1"},"canonical":"https:\/\/bonjourbarcelone.fr\/fr\/pavillon-mies-van-der-rohe\/","og_locale":"fr_FR","og_type":"article","og_title":"Le Pavillon Mies Van Der Rohe : un lieu design \u00e0 Barcelone","og_description":"Le Pavillon Mies Van Der Rohe est un endroit qui m\u00eale design et architecture. C\u2019est le lieu \u00e0 visiter si vous \u00eates passionn\u00e9 par ce sujet.","og_url":"https:\/\/bonjourbarcelone.fr\/fr\/pavillon-mies-van-der-rohe\/","og_site_name":"Visiter Barcelone","article_published_time":"2023-03-08T00:22:40+00:00","article_modified_time":"2023-12-16T15:00:10+00:00","og_image":[{"width":2048,"height":1152,"url":"https:\/\/bonjourbarcelone.fr\/wp-content\/uploads\/2023\/03\/pavillon-mies-van-der-rohe.jpg","type":"image\/jpeg"}],"author":"Thibaut","twitter_card":"summary_large_image","twitter_misc":{"\u00c9crit par":"Thibaut","Dur\u00e9e de lecture estim\u00e9e":"5 minutes"},"schema":{"@context":"https:\/\/schema.org","@graph":[{"@type":"WebPage","@id":"https:\/\/bonjourbarcelone.fr\/pavillon-mies-van-der-rohe\/","url":"https:\/\/bonjourbarcelone.fr\/pavillon-mies-van-der-rohe\/","name":"Le Pavillon Mies Van Der Rohe : un lieu design \u00e0 Barcelone","isPartOf":{"@id":"https:\/\/bonjourbarcelone.fr\/#website"},"primaryImageOfPage":{"@id":"https:\/\/bonjourbarcelone.fr\/pavillon-mies-van-der-rohe\/#primaryimage"},"image":{"@id":"https:\/\/bonjourbarcelone.fr\/pavillon-mies-van-der-rohe\/#primaryimage"},"thumbnailUrl":"https:\/\/bonjourbarcelone.fr\/wp-content\/uploads\/2023\/03\/pavillon-mies-van-der-rohe.jpg","datePublished":"2023-03-08T00:22:40+00:00","dateModified":"2023-12-16T15:00:10+00:00","author":{"@id":"https:\/\/bonjourbarcelone.fr\/#\/schema\/person\/0bda2897d0b8e0150a7ece6f930ff5e5"},"description":"Le Pavillon Mies Van Der Rohe est un endroit qui m\u00eale design et architecture. C\u2019est le lieu \u00e0 visiter si vous \u00eates passionn\u00e9 par ce sujet.","breadcrumb":{"@id":"https:\/\/bonjourbarcelone.fr\/pavillon-mies-van-der-rohe\/#breadcrumb"},"inLanguage":"fr-FR","potentialAction":[{"@type":"ReadAction","target":["https:\/\/bonjourbarcelone.fr\/pavillon-mies-van-der-rohe\/"]}]},{"@type":"ImageObject","inLanguage":"fr-FR","@id":"https:\/\/bonjourbarcelone.fr\/pavillon-mies-van-der-rohe\/#primaryimage","url":"https:\/\/bonjourbarcelone.fr\/wp-content\/uploads\/2023\/03\/pavillon-mies-van-der-rohe.jpg","contentUrl":"https:\/\/bonjourbarcelone.fr\/wp-content\/uploads\/2023\/03\/pavillon-mies-van-der-rohe.jpg","width":2048,"height":1152,"caption":"Pavillon mies van der rohe"},{"@type":"BreadcrumbList","@id":"https:\/\/bonjourbarcelone.fr\/pavillon-mies-van-der-rohe\/#breadcrumb","itemListElement":[{"@type":"ListItem","position":1,"name":"Accueil","item":"https:\/\/bonjourbarcelone.fr\/"},{"@type":"ListItem","position":2,"name":"Le Pavillon Mies Van Der Rohe : un lieu design \u00e0 Barcelone"}]},{"@type":"WebSite","@id":"https:\/\/bonjourbarcelone.fr\/#website","url":"https:\/\/bonjourbarcelone.fr\/","name":"Visiter Barcelone","description":"Tout pour passer un s\u00e9jour inoubliable en 2026 !","potentialAction":[{"@type":"SearchAction","target":{"@type":"EntryPoint","urlTemplate":"https:\/\/bonjourbarcelone.fr\/?s={search_term_string}"},"query-input":{"@type":"PropertyValueSpecification","valueRequired":true,"valueName":"search_term_string"}}],"inLanguage":"fr-FR"},{"@type":"Person","@id":"https:\/\/bonjourbarcelone.fr\/#\/schema\/person\/0bda2897d0b8e0150a7ece6f930ff5e5","name":"Thibaut","image":{"@type":"ImageObject","inLanguage":"fr-FR","@id":"https:\/\/bonjourbarcelone.fr\/#\/schema\/person\/image\/","url":"https:\/\/secure.gravatar.com\/avatar\/436636a11d7c80b948817b5a66d82f9305017ea4c84ab9a676db1d62ccc2c25d?s=96&r=g","contentUrl":"https:\/\/secure.gravatar.com\/avatar\/436636a11d7c80b948817b5a66d82f9305017ea4c84ab9a676db1d62ccc2c25d?s=96&r=g","caption":"Thibaut"},"description":"J'aide les voyageurs \u00e0 mieux visiter la ville de Barcelone avec un contenu \u00e9crit et actualis\u00e9 par des experts locaux pour vivre la meilleure exp\u00e9rience possible ! Notre agence de voyage propose \u00e9galement des visites guid\u00e9es en fran\u00e7ais."}]}},"_links":{"self":[{"href":"https:\/\/bonjourbarcelone.fr\/fr\/wp-json\/wp\/v2\/posts\/2224","targetHints":{"allow":["GET"]}}],"collection":[{"href":"https:\/\/bonjourbarcelone.fr\/fr\/wp-json\/wp\/v2\/posts"}],"about":[{"href":"https:\/\/bonjourbarcelone.fr\/fr\/wp-json\/wp\/v2\/types\/post"}],"author":[{"embeddable":true,"href":"https:\/\/bonjourbarcelone.fr\/fr\/wp-json\/wp\/v2\/users\/2"}],"replies":[{"embeddable":true,"href":"https:\/\/bonjourbarcelone.fr\/fr\/wp-json\/wp\/v2\/comments?post=2224"}],"version-history":[{"count":1,"href":"https:\/\/bonjourbarcelone.fr\/fr\/wp-json\/wp\/v2\/posts\/2224\/revisions"}],"predecessor-version":[{"id":3493,"href":"https:\/\/bonjourbarcelone.fr\/fr\/wp-json\/wp\/v2\/posts\/2224\/revisions\/3493"}],"wp:featuredmedia":[{"embeddable":true,"href":"https:\/\/bonjourbarcelone.fr\/fr\/wp-json\/wp\/v2\/media\/2225"}],"wp:attachment":[{"href":"https:\/\/bonjourbarcelone.fr\/fr\/wp-json\/wp\/v2\/media?parent=2224"}],"wp:term":[{"taxonomy":"category","embeddable":true,"href":"https:\/\/bonjourbarcelone.fr\/fr\/wp-json\/wp\/v2\/categories?post=2224"},{"taxonomy":"post_tag","embeddable":true,"href":"https:\/\/bonjourbarcelone.fr\/fr\/wp-json\/wp\/v2\/tags?post=2224"}],"curies":[{"name":"wp","href":"https:\/\/api.w.org\/{rel}","templated":true}]}}