{"id":2244,"date":"2023-03-08T04:02:47","date_gmt":"2023-03-08T04:02:47","guid":{"rendered":"https:\/\/bonjourbarcelone.fr\/?p=2244"},"modified":"2023-12-16T15:00:02","modified_gmt":"2023-12-16T15:00:02","slug":"barcelone-en-mars","status":"publish","type":"post","link":"https:\/\/bonjourbarcelone.fr\/fr\/barcelone-en-mars\/","title":{"rendered":"Barcelone en mars : ce que vous devez savoir pour votre visite"},"content":{"rendered":"<p>Avec le retour des beaux jours, il y a \u00e9norm\u00e9ment de choses \u00e0 faire \u00e0 <strong>Barcelone en mars<\/strong>.<\/p>\n<p>Vous pouvez, par exemple, visiter les nombreux lieux touristiques qui se remplissent \u00e0 nouveau de la foule venue contempler la ville.<\/p>\n<p>Aujourd\u2019hui, je vous donne mon avis en d\u00e9tail sur le mois de mars \u00e0 Barcelone.<\/p>\n<h2 class=\"summary-title\">Barcelone en mars : sommaire de l&rsquo;article<\/h2>\n<div class=\"summary-box\">\n<ul class=\"summary-list\">\n<li><a href=\"#_Toc129045780\">Qu\u2019est-ce qui rend Barcelone en mars si sp\u00e9cial\u2009?<\/a><\/li>\n<li><a href=\"#_Toc129045781\">Quelle m\u00e9t\u00e9o \u00e0 Barcelone en mars\u2009?<\/a><\/li>\n<li><a href=\"#_Toc129045782\">Quelles sont les choses \u00e0 faire \u00e0 Barcelone en mars\u2009?<\/a><\/li>\n<\/ul>\n<\/div>\n<h2><a name=\"_Toc129045780\"><\/a><strong>Qu\u2019est-ce qui rend Barcelone en mars si sp\u00e9cial\u2009?<\/strong><\/h2>\n<p>Visiter Barcelone en mars est une bonne id\u00e9e, car la ville se pr\u00e9pare pour la saison touristique. Un temps agr\u00e9able sans la foule vous fera vivre une exp\u00e9rience plus agr\u00e9able lorsque vous <strong>vous impr\u00e9gnerez de la culture locale et de l\u2019ambiance de la ville.<\/strong><\/p>\n<p>Les conditions m\u00e9t\u00e9orologiques vous permettent d\u2019explorer les merveilles architecturales et vous pouvez vous d\u00e9tendre dans les nombreux caf\u00e9s \u00e0 votre guise. En mars \u00e0 Barcelone, vous pouvez vous promener dans les rues multicolores \u00e0 votre rythme tout <strong>en vous relaxant dans ce lieu exceptionnel.<\/strong><\/p>\n<p><a href=\"https:\/\/bonjourbarcelone.fr\/wp-content\/uploads\/2023\/03\/barcelone-en-mars.jpg\"><img decoding=\"async\" class=\"alignnone size-large wp-image-2245\" src=\"https:\/\/bonjourbarcelone.fr\/wp-content\/uploads\/2023\/03\/barcelone-en-mars-1024x480.jpg\" alt=\"barcelone en mars\" width=\"1024\" height=\"480\" srcset=\"https:\/\/bonjourbarcelone.fr\/wp-content\/uploads\/2023\/03\/barcelone-en-mars-1024x480.jpg 1024w, https:\/\/bonjourbarcelone.fr\/wp-content\/uploads\/2023\/03\/barcelone-en-mars-300x141.jpg 300w, https:\/\/bonjourbarcelone.fr\/wp-content\/uploads\/2023\/03\/barcelone-en-mars-768x360.jpg 768w, https:\/\/bonjourbarcelone.fr\/wp-content\/uploads\/2023\/03\/barcelone-en-mars-1536x720.jpg 1536w, https:\/\/bonjourbarcelone.fr\/wp-content\/uploads\/2023\/03\/barcelone-en-mars.jpg 2048w\" sizes=\"(max-width: 1024px) 100vw, 1024px\" \/><\/a><\/p>\n<h2><a name=\"_Toc129045781\"><\/a><strong>Quelle m\u00e9t\u00e9o \u00e0 Barcelone en mars\u2009?<\/strong><\/h2>\n<p>Barcelone en mars est un mois relativement chaud et la temp\u00e9rature diurne maximale moyenne est <strong>d\u2019environ 16\u00a0\u00b0C<\/strong>, tandis que la temp\u00e9rature minimale moyenne descend \u00e0<strong> environ 7\u00a0\u00b0C<\/strong>. On peut s\u2019attendre \u00e0 une moyenne de 6 heures d\u2019ensoleillement par jour.<\/p>\n<h2><a name=\"_Toc129045782\"><\/a><strong>Quelles sont les choses \u00e0 faire \u00e0 Barcelone en mars\u2009?<\/strong><\/h2>\n<p>Si vous pr\u00e9voyez de visiter Barcelone en mars, il est important de savoir qu\u2019il y a \u00e9norm\u00e9ment de choses \u00e0 faire. Vous pouvez visiter les sites les plus connus et vous attarder <strong>sur les merveilles que propose la ville.<\/strong><\/p>\n<h3><strong>Visiter la Sagrada Familia<\/strong><\/h3>\n<p>L\u2019\u00e9difice le plus important de Barcelone et un site du patrimoine mondial de l\u2019UNESCO, la <a href=\"https:\/\/bonjourbarcelone.fr\/sagrada-familia-interieur-tickets\/\">Sagrada Fam\u00edlia<\/a> est une \u00e9glise massive con\u00e7ue par l\u2019artiste populaire Antoni Gaud\u00ed. La construction de cette basilique \u00e0 l\u2019architecture catalane devrait se terminer en 2026 et en fait une destination incontournable, <strong>quelle que soit la saison \u00e0 laquelle vous visitez la ville.<\/strong><\/p>\n<p>En mars, vous pouvez vous y rendre\u00a0:<\/p>\n<ul>\n<li>Du lundi au samedi <strong>de 9\u00a0h \u00e0 19\u00a0h.<\/strong><\/li>\n<li>Le dimanche <strong>de 10\u00a0h\u00a030 \u00e0 19\u00a0h.<\/strong><\/li>\n<\/ul>\n<div class=\"su-button-center\"><a href=\"https:\/\/www.tiqets.com\/fr\/billets-la-sagrada-familia-l133161\/?partner=bonjourbarcelone\" class=\"su-button su-button-style-default\" style=\"color:#FFFFFF;background-color:#6A5ACD;border-color:#5548a4;border-radius:9px\" target=\"_blank\" rel=\"nofollow noopener noreferrer\"><span style=\"color:#FFFFFF;padding:8px 24px;font-size:18px;line-height:27px;border-color:#978cdc;border-radius:9px;text-shadow:none\"><i class=\"sui sui-long-arrow-right\" style=\"font-size:18px;color:#FFFFFF\"><\/i> Cliquez ici pour en savoir plus sur votre visite de la Sagrada Familia<\/span><\/a><\/div>\n<h3><strong>Parc G\u00fcell, pour une apr\u00e8s-midi d\u00e9tente<\/strong><\/h3>\n<p>Les environs enchanteurs du<a href=\"https:\/\/bonjourbarcelone.fr\/parc-guell-barcelone\/\"> parc G\u00fcell<\/a> portent le style <a href=\"https:\/\/bonjourbarcelone.fr\/art-nouveau-barcelone\/\">Art nouveau<\/a> d\u2019Antoni Gaud\u00ed vers de nouveaux sommets. Une promenade tranquille dans ce jardin en mars sera le moyen id\u00e9al pour admirer l\u2019agr\u00e9able m\u00e9lange de la nature et de l\u2019art.<\/p>\n<p>En mars, ce lieu ouvre\u00a0:<\/p>\n<ul>\n<li>Tous les jours <strong>de 9\u00a0h\u00a030 \u00e0 18\u00a0h<\/strong><\/li>\n<\/ul>\n<h3><strong>La Casa Vicens<\/strong><\/h3>\n<p>La Casa Vicens est le premier monument command\u00e9 \u00e0 Antoni Gaud\u00ed. Pr\u00e9sentant des \u00e9l\u00e9ments orientaux et n\u00e9oclassiques dans la conception et la construction, la <a href=\"https:\/\/bonjourbarcelone.fr\/casa-vicens\/\">Casa Vicens<\/a> est class\u00e9e au patrimoine mondial class\u00e9 par l\u2019UNESCO.<\/p>\n<p>Vous pouvez visiter ce lieu\u00a0:<\/p>\n<ul>\n<li>Le lundi <strong>de 10\u00a0h \u00e0 15\u00a0h<\/strong><\/li>\n<li>Du mardi au dimanche <strong>10\u00a0h \u00e0 19\u00a0h<\/strong><\/li>\n<\/ul>\n<h3><strong>Le Poble Espanyol<\/strong><\/h3>\n<p><a href=\"https:\/\/bonjourbarcelone.fr\/poble-espanyol\/\">Poble Espanyol<\/a> est un mus\u00e9e en plein air qui pr\u00e9sente l\u2019\u00e2me de l\u2019art, de l\u2019architecture et de la culture espagnoles avec 117 reproductions \u00e0 grande \u00e9chelle de b\u00e2timents et de places qui dominent le paysage espagnol. Une foule d\u2019ateliers et d\u2019activit\u00e9s seront <strong>organis\u00e9s en mars afin que des familles enti\u00e8res puissent se d\u00e9lecter des festivit\u00e9s.<\/strong><\/p>\n<p>Le Poble Espanyol est ouvert toute l\u2019ann\u00e9e, mais avec des horaires diff\u00e9rents pour chaque jour de la semaine. Ainsi, vous pouvez vous y rendre\u00a0:<\/p>\n<ul>\n<li>le lundi <strong>de 10\u00a0h \u00e0 20\u00a0h<\/strong><\/li>\n<li>du mardi au dimanche<strong> de 10\u00a0h \u00e0 0\u00a0h<\/strong><\/li>\n<\/ul>\n<h3><strong>Passer un moment \u00e0 l\u2019aquarium de Barcelone<\/strong><\/h3>\n<p>Le plus grand aquarium \u00e0 th\u00e8me m\u00e9diterran\u00e9en au monde se trouve \u00e0 Barcelone. Lors du mois de mars, une visite \u00e0 l\u2019<a href=\"https:\/\/bonjourbarcelone.fr\/aquarium-barcelone\/\">Aquarium de Barcelone<\/a> <strong>vous emm\u00e8ne \u00e0 travers divers \u00e9cosyst\u00e8mes<\/strong>, des oc\u00e9ans tropicaux aux r\u00e9cifs coralliens. Vous pouvez aussi vous promener dans un tunnel sous-marin qui abrite des poissons comme des anguilles, des raies pastenagues et des requins.<\/p>\n<p>Pour passer une journ\u00e9e en famille, il faut vous rendre sur place\u00a0:<\/p>\n<ul>\n<li>Du lundi au vendredi <strong>de 10\u00a0h \u00e0 19\u00a0h\u00a030<\/strong><\/li>\n<li>les samedis, dimanche et jours f\u00e9ri\u00e9s <strong>de 10 h \u00e0 20 h<\/strong><\/li>\n<\/ul>\n<h3><strong>Faire un tour \u00e0 l\u2019incontournable Casa Batll\u00f3<\/strong><\/h3>\n<p>Situ\u00e9e sur la c\u00e9l\u00e8bre route Paseo de Gracia, la <a href=\"https:\/\/bonjourbarcelone.fr\/casa-batllo-barcelone\/\">Casa Batll\u00f3 <\/a>est class\u00e9e au patrimoine mondial de l\u2019UNESCO. Il attire chaque ann\u00e9e pr\u00e8s d\u2019un million de touristes. Con\u00e7u par l\u2019architecte catalan Antoni Gaud\u00ed, le b\u00e2timent est un m\u00e9lange \u00e9clectique de style architectural moderne et refl\u00e8te la culture cosmopolite de la ville.<\/p>\n<p>Ce lieu ouvre toute l\u2019ann\u00e9e <strong>de 9\u00a0h \u00e0 21\u00a0h.<\/strong><\/p>\n<div class=\"su-button-center\"><a href=\"https:\/\/www.tiqets.com\/fr\/billets-casa-batllo-l141895\/?partner=bonjourbarcelone\" class=\"su-button su-button-style-default\" style=\"color:#FFFFFF;background-color:#6A5ACD;border-color:#5548a4;border-radius:9px\" target=\"_blank\" rel=\"nofollow noopener noreferrer\"><span style=\"color:#FFFFFF;padding:8px 24px;font-size:18px;line-height:27px;border-color:#978cdc;border-radius:9px;text-shadow:none\"><i class=\"sui sui-long-arrow-right\" style=\"font-size:18px;color:#FFFFFF\"><\/i> Cliquez ici pour en savoir plus sur votre visite de la Casa Batllo<\/span><\/a><\/div>\n<h3><strong>Promenez-vous sur las Ramblas et le Barri Gotic<\/strong><\/h3>\n<p>Les quartiers gothiques de <a href=\"https:\/\/bonjourbarcelone.fr\/las-ramblas-barcelone\/\">Las Ramblas<\/a> et du <a href=\"https:\/\/bonjourbarcelone.fr\/quartier-gothique-barcelone\/\">Barri Gotic<\/a> sont situ\u00e9s dans la partie la plus ancienne de Barcelone. Ils constituent une promenade amusante lors d\u2019une agr\u00e9able soir\u00e9e de mars. Cette zone pi\u00e9tonne comprend des monuments historiques de l\u2019\u00e9poque romaine, des all\u00e9es anim\u00e9es pleines de touristes, des caf\u00e9s pittoresques \u00e0 c\u00f4t\u00e9 <strong>de bars modernes et des places calmes et sereines.<\/strong><\/p>\n<p>Visiter Barcelone en mars est une bonne id\u00e9e. Vous profitez des temp\u00e9ratures agr\u00e9ables qui reviennent \u00e0 Barcelone <strong>tout en \u00e9vitant les importants de foule de touristes.<\/strong><\/p>\n","protected":false},"excerpt":{"rendered":"<p>Avec le retour des beaux jours, il y a \u00e9norm\u00e9ment de choses \u00e0 faire \u00e0 Barcelone en mars. Vous pouvez, par exemple, visiter les nombreux lieux touristiques qui se remplissent \u00e0 nouveau de la foule venue contempler la ville. Aujourd\u2019hui, je vous donne mon avis en d\u00e9tail sur le mois de mars \u00e0 Barcelone. Barcelone [&hellip;]<\/p>\n","protected":false},"author":2,"featured_media":2245,"comment_status":"open","ping_status":"open","sticky":false,"template":"","format":"standard","meta":{"om_disable_all_campaigns":false,"_genesis_hide_title":false,"_genesis_hide_breadcrumbs":false,"_genesis_hide_singular_image":false,"_genesis_hide_footer_widgets":false,"_genesis_custom_body_class":"","_genesis_custom_post_class":"","_genesis_layout":"","footnotes":""},"categories":[3],"tags":[],"class_list":{"0":"post-2244","1":"post","2":"type-post","3":"status-publish","4":"format-standard","5":"has-post-thumbnail","7":"category-barcelone","8":"entry"},"yoast_head":"<!-- This site is optimized with the Yoast SEO plugin v26.5 - https:\/\/yoast.com\/wordpress\/plugins\/seo\/ -->\n<title>Barcelone en mars : ce que vous devez savoir pour votre visite<\/title>\n<meta name=\"description\" content=\"Le mois de mars \u00e0 Barcelone est particuli\u00e8rement doux. C\u2019est le moment parfait pour visiter la ville. On en parle ici.\" \/>\n<meta name=\"robots\" content=\"index, follow, max-snippet:-1, max-image-preview:large, max-video-preview:-1\" \/>\n<link rel=\"canonical\" href=\"https:\/\/bonjourbarcelone.fr\/fr\/barcelone-en-mars\/\" \/>\n<meta property=\"og:locale\" content=\"fr_FR\" \/>\n<meta property=\"og:type\" content=\"article\" \/>\n<meta property=\"og:title\" content=\"Barcelone en mars : ce que vous devez savoir pour votre visite\" \/>\n<meta property=\"og:description\" content=\"Le mois de mars \u00e0 Barcelone est particuli\u00e8rement doux. C\u2019est le moment parfait pour visiter la ville. On en parle ici.\" \/>\n<meta property=\"og:url\" content=\"https:\/\/bonjourbarcelone.fr\/fr\/barcelone-en-mars\/\" \/>\n<meta property=\"og:site_name\" content=\"Visiter Barcelone\" \/>\n<meta property=\"article:published_time\" content=\"2023-03-08T04:02:47+00:00\" \/>\n<meta property=\"article:modified_time\" content=\"2023-12-16T15:00:02+00:00\" \/>\n<meta property=\"og:image\" content=\"https:\/\/bonjourbarcelone.fr\/wp-content\/uploads\/2023\/03\/barcelone-en-mars.jpg\" \/>\n\t<meta property=\"og:image:width\" content=\"2048\" \/>\n\t<meta property=\"og:image:height\" content=\"960\" \/>\n\t<meta property=\"og:image:type\" content=\"image\/jpeg\" \/>\n<meta name=\"author\" content=\"Thibaut\" \/>\n<meta name=\"twitter:card\" content=\"summary_large_image\" \/>\n<meta name=\"twitter:label1\" content=\"\u00c9crit par\" \/>\n\t<meta name=\"twitter:data1\" content=\"Thibaut\" \/>\n\t<meta name=\"twitter:label2\" content=\"Dur\u00e9e de lecture estim\u00e9e\" \/>\n\t<meta name=\"twitter:data2\" content=\"5 minutes\" \/>\n<script type=\"application\/ld+json\" class=\"yoast-schema-graph\">{\"@context\":\"https:\/\/schema.org\",\"@graph\":[{\"@type\":\"WebPage\",\"@id\":\"https:\/\/bonjourbarcelone.fr\/barcelone-en-mars\/\",\"url\":\"https:\/\/bonjourbarcelone.fr\/barcelone-en-mars\/\",\"name\":\"Barcelone en mars : ce que vous devez savoir pour votre visite\",\"isPartOf\":{\"@id\":\"https:\/\/bonjourbarcelone.fr\/#website\"},\"primaryImageOfPage\":{\"@id\":\"https:\/\/bonjourbarcelone.fr\/barcelone-en-mars\/#primaryimage\"},\"image\":{\"@id\":\"https:\/\/bonjourbarcelone.fr\/barcelone-en-mars\/#primaryimage\"},\"thumbnailUrl\":\"https:\/\/bonjourbarcelone.fr\/wp-content\/uploads\/2023\/03\/barcelone-en-mars.jpg\",\"datePublished\":\"2023-03-08T04:02:47+00:00\",\"dateModified\":\"2023-12-16T15:00:02+00:00\",\"author\":{\"@id\":\"https:\/\/bonjourbarcelone.fr\/#\/schema\/person\/0bda2897d0b8e0150a7ece6f930ff5e5\"},\"description\":\"Le mois de mars \u00e0 Barcelone est particuli\u00e8rement doux. C\u2019est le moment parfait pour visiter la ville. On en parle ici.\",\"breadcrumb\":{\"@id\":\"https:\/\/bonjourbarcelone.fr\/barcelone-en-mars\/#breadcrumb\"},\"inLanguage\":\"fr-FR\",\"potentialAction\":[{\"@type\":\"ReadAction\",\"target\":[\"https:\/\/bonjourbarcelone.fr\/barcelone-en-mars\/\"]}]},{\"@type\":\"ImageObject\",\"inLanguage\":\"fr-FR\",\"@id\":\"https:\/\/bonjourbarcelone.fr\/barcelone-en-mars\/#primaryimage\",\"url\":\"https:\/\/bonjourbarcelone.fr\/wp-content\/uploads\/2023\/03\/barcelone-en-mars.jpg\",\"contentUrl\":\"https:\/\/bonjourbarcelone.fr\/wp-content\/uploads\/2023\/03\/barcelone-en-mars.jpg\",\"width\":2048,\"height\":960,\"caption\":\"barcelone en mars\"},{\"@type\":\"BreadcrumbList\",\"@id\":\"https:\/\/bonjourbarcelone.fr\/barcelone-en-mars\/#breadcrumb\",\"itemListElement\":[{\"@type\":\"ListItem\",\"position\":1,\"name\":\"Accueil\",\"item\":\"https:\/\/bonjourbarcelone.fr\/\"},{\"@type\":\"ListItem\",\"position\":2,\"name\":\"Barcelone en mars : ce que vous devez savoir pour votre visite\"}]},{\"@type\":\"WebSite\",\"@id\":\"https:\/\/bonjourbarcelone.fr\/#website\",\"url\":\"https:\/\/bonjourbarcelone.fr\/\",\"name\":\"Visiter Barcelone\",\"description\":\"Tout pour passer un s\u00e9jour inoubliable en 2026 !\",\"potentialAction\":[{\"@type\":\"SearchAction\",\"target\":{\"@type\":\"EntryPoint\",\"urlTemplate\":\"https:\/\/bonjourbarcelone.fr\/?s={search_term_string}\"},\"query-input\":{\"@type\":\"PropertyValueSpecification\",\"valueRequired\":true,\"valueName\":\"search_term_string\"}}],\"inLanguage\":\"fr-FR\"},{\"@type\":\"Person\",\"@id\":\"https:\/\/bonjourbarcelone.fr\/#\/schema\/person\/0bda2897d0b8e0150a7ece6f930ff5e5\",\"name\":\"Thibaut\",\"image\":{\"@type\":\"ImageObject\",\"inLanguage\":\"fr-FR\",\"@id\":\"https:\/\/bonjourbarcelone.fr\/#\/schema\/person\/image\/\",\"url\":\"https:\/\/secure.gravatar.com\/avatar\/436636a11d7c80b948817b5a66d82f9305017ea4c84ab9a676db1d62ccc2c25d?s=96&r=g\",\"contentUrl\":\"https:\/\/secure.gravatar.com\/avatar\/436636a11d7c80b948817b5a66d82f9305017ea4c84ab9a676db1d62ccc2c25d?s=96&r=g\",\"caption\":\"Thibaut\"},\"description\":\"J'aide les voyageurs \u00e0 mieux visiter la ville de Barcelone avec un contenu \u00e9crit et actualis\u00e9 par des experts locaux pour vivre la meilleure exp\u00e9rience possible ! Notre agence de voyage propose \u00e9galement des visites guid\u00e9es en fran\u00e7ais.\"}]}<\/script>\n<!-- \/ Yoast SEO plugin. -->","yoast_head_json":{"title":"Barcelone en mars : ce que vous devez savoir pour votre visite","description":"Le mois de mars \u00e0 Barcelone est particuli\u00e8rement doux. C\u2019est le moment parfait pour visiter la ville. On en parle ici.","robots":{"index":"index","follow":"follow","max-snippet":"max-snippet:-1","max-image-preview":"max-image-preview:large","max-video-preview":"max-video-preview:-1"},"canonical":"https:\/\/bonjourbarcelone.fr\/fr\/barcelone-en-mars\/","og_locale":"fr_FR","og_type":"article","og_title":"Barcelone en mars : ce que vous devez savoir pour votre visite","og_description":"Le mois de mars \u00e0 Barcelone est particuli\u00e8rement doux. C\u2019est le moment parfait pour visiter la ville. On en parle ici.","og_url":"https:\/\/bonjourbarcelone.fr\/fr\/barcelone-en-mars\/","og_site_name":"Visiter Barcelone","article_published_time":"2023-03-08T04:02:47+00:00","article_modified_time":"2023-12-16T15:00:02+00:00","og_image":[{"width":2048,"height":960,"url":"https:\/\/bonjourbarcelone.fr\/wp-content\/uploads\/2023\/03\/barcelone-en-mars.jpg","type":"image\/jpeg"}],"author":"Thibaut","twitter_card":"summary_large_image","twitter_misc":{"\u00c9crit par":"Thibaut","Dur\u00e9e de lecture estim\u00e9e":"5 minutes"},"schema":{"@context":"https:\/\/schema.org","@graph":[{"@type":"WebPage","@id":"https:\/\/bonjourbarcelone.fr\/barcelone-en-mars\/","url":"https:\/\/bonjourbarcelone.fr\/barcelone-en-mars\/","name":"Barcelone en mars : ce que vous devez savoir pour votre visite","isPartOf":{"@id":"https:\/\/bonjourbarcelone.fr\/#website"},"primaryImageOfPage":{"@id":"https:\/\/bonjourbarcelone.fr\/barcelone-en-mars\/#primaryimage"},"image":{"@id":"https:\/\/bonjourbarcelone.fr\/barcelone-en-mars\/#primaryimage"},"thumbnailUrl":"https:\/\/bonjourbarcelone.fr\/wp-content\/uploads\/2023\/03\/barcelone-en-mars.jpg","datePublished":"2023-03-08T04:02:47+00:00","dateModified":"2023-12-16T15:00:02+00:00","author":{"@id":"https:\/\/bonjourbarcelone.fr\/#\/schema\/person\/0bda2897d0b8e0150a7ece6f930ff5e5"},"description":"Le mois de mars \u00e0 Barcelone est particuli\u00e8rement doux. C\u2019est le moment parfait pour visiter la ville. On en parle ici.","breadcrumb":{"@id":"https:\/\/bonjourbarcelone.fr\/barcelone-en-mars\/#breadcrumb"},"inLanguage":"fr-FR","potentialAction":[{"@type":"ReadAction","target":["https:\/\/bonjourbarcelone.fr\/barcelone-en-mars\/"]}]},{"@type":"ImageObject","inLanguage":"fr-FR","@id":"https:\/\/bonjourbarcelone.fr\/barcelone-en-mars\/#primaryimage","url":"https:\/\/bonjourbarcelone.fr\/wp-content\/uploads\/2023\/03\/barcelone-en-mars.jpg","contentUrl":"https:\/\/bonjourbarcelone.fr\/wp-content\/uploads\/2023\/03\/barcelone-en-mars.jpg","width":2048,"height":960,"caption":"barcelone en mars"},{"@type":"BreadcrumbList","@id":"https:\/\/bonjourbarcelone.fr\/barcelone-en-mars\/#breadcrumb","itemListElement":[{"@type":"ListItem","position":1,"name":"Accueil","item":"https:\/\/bonjourbarcelone.fr\/"},{"@type":"ListItem","position":2,"name":"Barcelone en mars : ce que vous devez savoir pour votre visite"}]},{"@type":"WebSite","@id":"https:\/\/bonjourbarcelone.fr\/#website","url":"https:\/\/bonjourbarcelone.fr\/","name":"Visiter Barcelone","description":"Tout pour passer un s\u00e9jour inoubliable en 2026 !","potentialAction":[{"@type":"SearchAction","target":{"@type":"EntryPoint","urlTemplate":"https:\/\/bonjourbarcelone.fr\/?s={search_term_string}"},"query-input":{"@type":"PropertyValueSpecification","valueRequired":true,"valueName":"search_term_string"}}],"inLanguage":"fr-FR"},{"@type":"Person","@id":"https:\/\/bonjourbarcelone.fr\/#\/schema\/person\/0bda2897d0b8e0150a7ece6f930ff5e5","name":"Thibaut","image":{"@type":"ImageObject","inLanguage":"fr-FR","@id":"https:\/\/bonjourbarcelone.fr\/#\/schema\/person\/image\/","url":"https:\/\/secure.gravatar.com\/avatar\/436636a11d7c80b948817b5a66d82f9305017ea4c84ab9a676db1d62ccc2c25d?s=96&r=g","contentUrl":"https:\/\/secure.gravatar.com\/avatar\/436636a11d7c80b948817b5a66d82f9305017ea4c84ab9a676db1d62ccc2c25d?s=96&r=g","caption":"Thibaut"},"description":"J'aide les voyageurs \u00e0 mieux visiter la ville de Barcelone avec un contenu \u00e9crit et actualis\u00e9 par des experts locaux pour vivre la meilleure exp\u00e9rience possible ! Notre agence de voyage propose \u00e9galement des visites guid\u00e9es en fran\u00e7ais."}]}},"_links":{"self":[{"href":"https:\/\/bonjourbarcelone.fr\/fr\/wp-json\/wp\/v2\/posts\/2244","targetHints":{"allow":["GET"]}}],"collection":[{"href":"https:\/\/bonjourbarcelone.fr\/fr\/wp-json\/wp\/v2\/posts"}],"about":[{"href":"https:\/\/bonjourbarcelone.fr\/fr\/wp-json\/wp\/v2\/types\/post"}],"author":[{"embeddable":true,"href":"https:\/\/bonjourbarcelone.fr\/fr\/wp-json\/wp\/v2\/users\/2"}],"replies":[{"embeddable":true,"href":"https:\/\/bonjourbarcelone.fr\/fr\/wp-json\/wp\/v2\/comments?post=2244"}],"version-history":[{"count":2,"href":"https:\/\/bonjourbarcelone.fr\/fr\/wp-json\/wp\/v2\/posts\/2244\/revisions"}],"predecessor-version":[{"id":2968,"href":"https:\/\/bonjourbarcelone.fr\/fr\/wp-json\/wp\/v2\/posts\/2244\/revisions\/2968"}],"wp:featuredmedia":[{"embeddable":true,"href":"https:\/\/bonjourbarcelone.fr\/fr\/wp-json\/wp\/v2\/media\/2245"}],"wp:attachment":[{"href":"https:\/\/bonjourbarcelone.fr\/fr\/wp-json\/wp\/v2\/media?parent=2244"}],"wp:term":[{"taxonomy":"category","embeddable":true,"href":"https:\/\/bonjourbarcelone.fr\/fr\/wp-json\/wp\/v2\/categories?post=2244"},{"taxonomy":"post_tag","embeddable":true,"href":"https:\/\/bonjourbarcelone.fr\/fr\/wp-json\/wp\/v2\/tags?post=2244"}],"curies":[{"name":"wp","href":"https:\/\/api.w.org\/{rel}","templated":true}]}}