{"id":2270,"date":"2023-03-19T03:09:15","date_gmt":"2023-03-19T03:09:15","guid":{"rendered":"https:\/\/bonjourbarcelone.fr\/?p=2270"},"modified":"2023-12-16T14:59:50","modified_gmt":"2023-12-16T14:59:50","slug":"casa-de-les-punxes","status":"publish","type":"post","link":"https:\/\/bonjourbarcelone.fr\/fr\/casa-de-les-punxes\/","title":{"rendered":"Casa de les Punxes : une \u0153uvre architecturale unique"},"content":{"rendered":"<p>La <strong>Casa de les Punxes<\/strong> rompt avec toutes les conventions architecturales.<\/p>\n<p>C\u2019est un savant m\u00e9lange entre le ch\u00e2teau de Neuschwanstein et un ch\u00e2teau m\u00e9di\u00e9val.<\/p>\n<p>Dans cet article, je vous parle en d\u00e9tail de ce lieu.<\/p>\n<p>Je vous livre tous ses secrets et des informations pratiques pour pouvoir le visiter.<\/p>\n<p>Suivez le guide\u2009!<\/p>\n<h2 class=\"summary-title\">Casa de les Punxes : sommaire de l&rsquo;article<\/h2>\n<div class=\"summary-box\">\n<ul class=\"summary-list\">\n<li><a href=\"#_Toc129513846\">L\u2019incroyable histoire de la Casa de les Punxes<\/a><\/li>\n<li><a href=\"#_Toc129513847\">L\u2019un des projets de Josep Puig I Cadafalch<\/a><\/li>\n<li><a href=\"#_Toc129513848\">Comprendre l\u2019\u0153uvre de l\u2019architecte<\/a><\/li>\n<li><a href=\"#_Toc129513849\">Comment se rendre sur place\u2009?<\/a><\/li>\n<li><a href=\"#_Toc129513850\">Quels sont les horaires d\u2019ouverture de la Casa de Les Punxes \u00e0 Barcelone\u2009?<\/a><\/li>\n<\/ul>\n<\/div>\n<h2><a name=\"_Toc129513846\"><\/a><strong>L\u2019incroyable histoire de la Casa de les Punxes<\/strong><\/h2>\n<p>Bartomeu Terradas i Mont est n\u00e9 \u00e0 Figueras en 1846 et \u00e9tait un marchand de textile bien connu \u00e0 Barcelone. Il s\u2019est enrichi gr\u00e2ce \u00e0 un commerce florissant \u00e0 l\u2019\u00e9tranger de textiles produits en Catalogne. En cons\u00e9quence, sa famille appartenait \u00e0 la classe moyenne ais\u00e9e de Barcelone. La famille a eu quatre enfants au total\u00a0: <strong>les trois filles Rosa, Josefa et \u00c0ngela et le fils Bartomeu.<\/strong><\/p>\n<p>Le patriarche Terradas i Mont s\u2019est toujours pr\u00e9occup\u00e9 du bien-\u00eatre des membres f\u00e9minins de sa famille, ce qui \u00e9tait inhabituel \u00e0 l\u2019\u00e9poque. Apr\u00e8s sa mort en 1901, il laissa une somme d\u2019argent consid\u00e9rable, qui fut partag\u00e9e entre sa femme et ses quatre enfants. De ces legs, un b\u00e2timent pour les trois filles a pu \u00eatre financ\u00e9 et construit\u00a0: <strong>la Casa de les Punxes.<\/strong><\/p>\n<p><a href=\"https:\/\/bonjourbarcelone.fr\/wp-content\/uploads\/2023\/03\/casa-de-les-punxes.jpg\"><img decoding=\"async\" src=\"https:\/\/bonjourbarcelone.fr\/wp-content\/uploads\/2023\/03\/casa-de-les-punxes.jpg\" alt=\"casa de les punxes\" width=\"800\" height=\"476\" class=\"alignnone size-full wp-image-3221\" srcset=\"https:\/\/bonjourbarcelone.fr\/wp-content\/uploads\/2023\/03\/casa-de-les-punxes.jpg 800w, https:\/\/bonjourbarcelone.fr\/wp-content\/uploads\/2023\/03\/casa-de-les-punxes-300x179.jpg 300w, https:\/\/bonjourbarcelone.fr\/wp-content\/uploads\/2023\/03\/casa-de-les-punxes-768x457.jpg 768w\" sizes=\"(max-width: 800px) 100vw, 800px\" \/><\/a><\/p>\n<h2><a name=\"_Toc129513847\"><\/a><strong>L\u2019un des projets de Josep Puig I Cadafalch<\/strong><\/h2>\n<p>En 1903, le fils de Bartomeu Terradas Brutau reprend le projet de construction de la maison. Il chargea son ami et architecte Josep Puig i Cadafalch d\u2019en r\u00e9diger une premi\u00e8re \u00e9bauche. Le b\u00e2timent, sorti tout droit d\u2019un conte de f\u00e9es, a \u00e9t\u00e9 construit entre 1903 et 1905 selon les plans de l\u2019architecte moderniste. En 1975, <strong>il a \u00e9t\u00e9 d\u00e9clar\u00e9 monument historique.<\/strong><\/p>\n<p>C\u2019est actuellement une propri\u00e9t\u00e9 priv\u00e9e et offre un espace pour divers bureaux et un espace pour des visites et des \u00e9v\u00e9nements. Apr\u00e8s de longs travaux de restauration, la Casa de les Punxes <strong>ouvre au public pour la premi\u00e8re fois depuis 2016.<\/strong><\/p>\n<h2><a name=\"_Toc129513848\"><\/a><strong>Comprendre l\u2019\u0153uvre de l\u2019architecte<\/strong><\/h2>\n<p>Contrairement au reste du plan de <a href=\"https:\/\/bonjourbarcelone.fr\/l-eixample-barcelone\/\">l\u2019Eixample<\/a>, le b\u00e2timent \u00e9tait pr\u00e9vu sur un terrain triangulaire. Ce nouveau design s\u2019inspire du mouvement nord europ\u00e9en d\u2019Otto Wagner : un bloc \u00e0 six angles, co\u00efncidant avec l\u2019intersection des trois rues environnantes, <strong>Avinguda Diagonal, Carrer Rossell\u00f3 et Carrer Bruc.<\/strong><\/p>\n<p>La maison a six tours qui convergent coniquement et se terminent par des pics en forme d\u2019aiguilles. D\u2019o\u00f9 le nom \u00ab\u2009Casa de les Punxes\u2009\u00bb ou \u00ab\u2009Maison des Aiguilles\u2009\u00bb.<\/p>\n<p>L\u2019architecte Puig i Cadafalch voulait que le b\u00e2timent soit consid\u00e9r\u00e9 structurellement comme un tout. \u00c0 l\u2019int\u00e9rieur, cependant, le b\u00e2timent devrait refl\u00e9ter les diff\u00e9rents caract\u00e8res des trois propri\u00e9taires. Par exemple, sur la fa\u00e7ade, il y a un panneau en plastique repr\u00e9sentant un ange. Ce symbole d\u00e9signe la fille d\u2019\u00c0ngela Terradas. D\u2019autres d\u00e9tails d\u00e9coratifs rappelant les propri\u00e9taires apparaissent dans les anagrammes qui s\u2019enroulent autour de la base de la tour comme une bordure et comportent les lettres ATB, <strong>qui font r\u00e9f\u00e9rence au Brutau d\u2019\u00c0ngela Terrada.<\/strong><\/p>\n<h3><strong>Une d\u00e9coration peu commune \u00e0 Barcelone<\/strong><\/h3>\n<p>Une s\u00e9lection de tr\u00e8fles se distingue \u00e9galement dans les sculptures en pierre de cette maison parsem\u00e9e de d\u00e9corations florales. Il y a un cadran solaire et un calendrier avec des chiffres romains, <strong>qui repr\u00e9sentent simultan\u00e9ment les quatre signes du zodiaque<\/strong> : Capricorne pour l\u2019hiver, B\u00e9lier pour le printemps, Cancer pour l\u2019\u00e9t\u00e9, Balance pour l\u2019automne. En haut du cadran, on retrouve l&rsquo;inscription : \u00ab\u2009Numquam te crastina falls hora\u2009\u00bb, qui signifie \u00ab\u2009Tout en temps voulu\u2009\u00bb.<\/p>\n<p>L\u2019histoire de saint Georges est repr\u00e9sent\u00e9e sur un autre panneau de c\u00e9ramique. Vous pouvez voir Georg ou en catalan <a href=\"https:\/\/bonjourbarcelone.fr\/palau-sant-jordi\/\">Sant Jordi<\/a>, qui est sur le point de tuer le dragon. En dessous, on peut lire en caract\u00e8res gras : <strong>\u00ab\u2009Saint Patron de la Catalogne, rends-nous notre libert\u00e9\u2009\u00bb.<\/strong><\/p>\n<p>Dans les fa\u00e7ades de l\u2019Avenida Diagonal et de la Calle Bruc, nous trouvons deux autres panneaux en c\u00e9ramique. Un vase plein de roses, avec les initiales RTB et, de l\u2019autre c\u00f4t\u00e9, la figure d\u2019une jeune fille entour\u00e9e de roses. Cette ferme \u00e9tait pour la s\u0153ur Rosa Terradas Brutau. D\u2019autres parties de la fa\u00e7ade sont d\u00e9cor\u00e9es de figures masculines, certaines avec des cornes, <strong>d\u2019autres avec des physionomies plus sp\u00e9cifiques.<\/strong><\/p>\n<p>Enfin, d\u2019autres \u00e9l\u00e9ments tels que les n\u0153uds de voile, qui servent \u00e0 repr\u00e9senter la puissance maritime, sont clairement reconnaissables. Ainsi que les \u00e9l\u00e9ments r\u00e9currents comme les pommes, les grenades, les marguerites, les roses et les tr\u00e8fles.<\/p>\n<h2><a name=\"_Toc129513849\"><\/a><strong>Comment se rendre sur place\u2009?<\/strong><\/h2>\n<p>Pour vous y rendre, vous pouvez emprunter\u00a0:<\/p>\n<ul>\n<li>Le m\u00e9tro en sortant <strong>aux stations Diagonal (L3, L5) ou Verdaguer (L4, L5)<\/strong><\/li>\n<\/ul>\n<h2><a name=\"_Toc129513850\"><\/a><strong>Quels sont les horaires d\u2019ouverture de la Casa de Les Punxes \u00e0 Barcelone\u2009?<\/strong><\/h2>\n<p>Pour le moment, la Casa de les Punxes ne se visite plus. Toutefois, vous pouvez toujours profiter des magnifiques ext\u00e9rieurs du lieu. Ces derniers font de parfaits d\u00e9cors pour vos photos. Vous pouvez cependant vous rendre au caf\u00e9 qui se trouve au pied de l\u2019\u00e9difice. Celui-ci ouvre :<\/p>\n<ul>\n<li>Du lundi au vendredi <strong>de 9\u00a0h \u00e0 18\u00a0h<\/strong><\/li>\n<\/ul>\n<p>La casa de les Punxes n\u2019est pas un indispensable \u00e0 voir lors de votre premi\u00e8re visite \u00e0 Barcelone. N\u00e9anmoins, si vous souhaitez profiter d\u2019un peu de calme lors d\u2019une prochaine visite \u00e0 Barcelone, <strong>je ne peux que vous conseiller ce lieu\u2009!<\/strong><\/p>\n","protected":false},"excerpt":{"rendered":"<p>La Casa de les Punxes rompt avec toutes les conventions architecturales. C\u2019est un savant m\u00e9lange entre le ch\u00e2teau de Neuschwanstein et un ch\u00e2teau m\u00e9di\u00e9val. Dans cet article, je vous parle en d\u00e9tail de ce lieu. Je vous livre tous ses secrets et des informations pratiques pour pouvoir le visiter. Suivez le guide\u2009! Casa de les [&hellip;]<\/p>\n","protected":false},"author":2,"featured_media":3221,"comment_status":"open","ping_status":"open","sticky":false,"template":"","format":"standard","meta":{"om_disable_all_campaigns":false,"_genesis_hide_title":false,"_genesis_hide_breadcrumbs":false,"_genesis_hide_singular_image":false,"_genesis_hide_footer_widgets":false,"_genesis_custom_body_class":"","_genesis_custom_post_class":"","_genesis_layout":"","footnotes":""},"categories":[3],"tags":[],"class_list":{"0":"post-2270","1":"post","2":"type-post","3":"status-publish","4":"format-standard","5":"has-post-thumbnail","7":"category-barcelone","8":"entry"},"yoast_head":"<!-- This site is optimized with the Yoast SEO plugin v26.5 - https:\/\/yoast.com\/wordpress\/plugins\/seo\/ -->\n<title>Casa de les Punxes : une \u0153uvre architecturale unique<\/title>\n<meta name=\"description\" content=\"La casa de les Punxes est un autre monument particulier \u00e0 voir \u00e0 Barcelone. Aujourd\u2019hui, je vous accompagne pour une visite.\" \/>\n<meta name=\"robots\" content=\"index, follow, max-snippet:-1, max-image-preview:large, max-video-preview:-1\" \/>\n<link rel=\"canonical\" href=\"https:\/\/bonjourbarcelone.fr\/fr\/casa-de-les-punxes\/\" \/>\n<meta property=\"og:locale\" content=\"fr_FR\" \/>\n<meta property=\"og:type\" content=\"article\" \/>\n<meta property=\"og:title\" content=\"Casa de les Punxes : une \u0153uvre architecturale unique\" \/>\n<meta property=\"og:description\" content=\"La casa de les Punxes est un autre monument particulier \u00e0 voir \u00e0 Barcelone. Aujourd\u2019hui, je vous accompagne pour une visite.\" \/>\n<meta property=\"og:url\" content=\"https:\/\/bonjourbarcelone.fr\/fr\/casa-de-les-punxes\/\" \/>\n<meta property=\"og:site_name\" content=\"Visiter Barcelone\" \/>\n<meta property=\"article:published_time\" content=\"2023-03-19T03:09:15+00:00\" \/>\n<meta property=\"article:modified_time\" content=\"2023-12-16T14:59:50+00:00\" \/>\n<meta property=\"og:image\" content=\"https:\/\/bonjourbarcelone.fr\/wp-content\/uploads\/2023\/03\/casa-de-les-punxes.jpg\" \/>\n\t<meta property=\"og:image:width\" content=\"800\" \/>\n\t<meta property=\"og:image:height\" content=\"476\" \/>\n\t<meta property=\"og:image:type\" content=\"image\/jpeg\" \/>\n<meta name=\"author\" content=\"Thibaut\" \/>\n<meta name=\"twitter:card\" content=\"summary_large_image\" \/>\n<meta name=\"twitter:label1\" content=\"\u00c9crit par\" \/>\n\t<meta name=\"twitter:data1\" content=\"Thibaut\" \/>\n\t<meta name=\"twitter:label2\" content=\"Dur\u00e9e de lecture estim\u00e9e\" \/>\n\t<meta name=\"twitter:data2\" content=\"5 minutes\" \/>\n<script type=\"application\/ld+json\" class=\"yoast-schema-graph\">{\"@context\":\"https:\/\/schema.org\",\"@graph\":[{\"@type\":\"WebPage\",\"@id\":\"https:\/\/bonjourbarcelone.fr\/casa-de-les-punxes\/\",\"url\":\"https:\/\/bonjourbarcelone.fr\/casa-de-les-punxes\/\",\"name\":\"Casa de les Punxes : une \u0153uvre architecturale unique\",\"isPartOf\":{\"@id\":\"https:\/\/bonjourbarcelone.fr\/#website\"},\"primaryImageOfPage\":{\"@id\":\"https:\/\/bonjourbarcelone.fr\/casa-de-les-punxes\/#primaryimage\"},\"image\":{\"@id\":\"https:\/\/bonjourbarcelone.fr\/casa-de-les-punxes\/#primaryimage\"},\"thumbnailUrl\":\"https:\/\/bonjourbarcelone.fr\/wp-content\/uploads\/2023\/03\/casa-de-les-punxes.jpg\",\"datePublished\":\"2023-03-19T03:09:15+00:00\",\"dateModified\":\"2023-12-16T14:59:50+00:00\",\"author\":{\"@id\":\"https:\/\/bonjourbarcelone.fr\/#\/schema\/person\/0bda2897d0b8e0150a7ece6f930ff5e5\"},\"description\":\"La casa de les Punxes est un autre monument particulier \u00e0 voir \u00e0 Barcelone. Aujourd\u2019hui, je vous accompagne pour une visite.\",\"breadcrumb\":{\"@id\":\"https:\/\/bonjourbarcelone.fr\/casa-de-les-punxes\/#breadcrumb\"},\"inLanguage\":\"fr-FR\",\"potentialAction\":[{\"@type\":\"ReadAction\",\"target\":[\"https:\/\/bonjourbarcelone.fr\/casa-de-les-punxes\/\"]}]},{\"@type\":\"ImageObject\",\"inLanguage\":\"fr-FR\",\"@id\":\"https:\/\/bonjourbarcelone.fr\/casa-de-les-punxes\/#primaryimage\",\"url\":\"https:\/\/bonjourbarcelone.fr\/wp-content\/uploads\/2023\/03\/casa-de-les-punxes.jpg\",\"contentUrl\":\"https:\/\/bonjourbarcelone.fr\/wp-content\/uploads\/2023\/03\/casa-de-les-punxes.jpg\",\"width\":800,\"height\":476,\"caption\":\"casa de les punxes\"},{\"@type\":\"BreadcrumbList\",\"@id\":\"https:\/\/bonjourbarcelone.fr\/casa-de-les-punxes\/#breadcrumb\",\"itemListElement\":[{\"@type\":\"ListItem\",\"position\":1,\"name\":\"Accueil\",\"item\":\"https:\/\/bonjourbarcelone.fr\/\"},{\"@type\":\"ListItem\",\"position\":2,\"name\":\"Casa de les Punxes : une \u0153uvre architecturale unique\"}]},{\"@type\":\"WebSite\",\"@id\":\"https:\/\/bonjourbarcelone.fr\/#website\",\"url\":\"https:\/\/bonjourbarcelone.fr\/\",\"name\":\"Visiter Barcelone\",\"description\":\"Tout pour passer un s\u00e9jour inoubliable en 2026 !\",\"potentialAction\":[{\"@type\":\"SearchAction\",\"target\":{\"@type\":\"EntryPoint\",\"urlTemplate\":\"https:\/\/bonjourbarcelone.fr\/?s={search_term_string}\"},\"query-input\":{\"@type\":\"PropertyValueSpecification\",\"valueRequired\":true,\"valueName\":\"search_term_string\"}}],\"inLanguage\":\"fr-FR\"},{\"@type\":\"Person\",\"@id\":\"https:\/\/bonjourbarcelone.fr\/#\/schema\/person\/0bda2897d0b8e0150a7ece6f930ff5e5\",\"name\":\"Thibaut\",\"image\":{\"@type\":\"ImageObject\",\"inLanguage\":\"fr-FR\",\"@id\":\"https:\/\/bonjourbarcelone.fr\/#\/schema\/person\/image\/\",\"url\":\"https:\/\/secure.gravatar.com\/avatar\/436636a11d7c80b948817b5a66d82f9305017ea4c84ab9a676db1d62ccc2c25d?s=96&r=g\",\"contentUrl\":\"https:\/\/secure.gravatar.com\/avatar\/436636a11d7c80b948817b5a66d82f9305017ea4c84ab9a676db1d62ccc2c25d?s=96&r=g\",\"caption\":\"Thibaut\"},\"description\":\"J'aide les voyageurs \u00e0 mieux visiter la ville de Barcelone avec un contenu \u00e9crit et actualis\u00e9 par des experts locaux pour vivre la meilleure exp\u00e9rience possible ! Notre agence de voyage propose \u00e9galement des visites guid\u00e9es en fran\u00e7ais.\"}]}<\/script>\n<!-- \/ Yoast SEO plugin. -->","yoast_head_json":{"title":"Casa de les Punxes : une \u0153uvre architecturale unique","description":"La casa de les Punxes est un autre monument particulier \u00e0 voir \u00e0 Barcelone. Aujourd\u2019hui, je vous accompagne pour une visite.","robots":{"index":"index","follow":"follow","max-snippet":"max-snippet:-1","max-image-preview":"max-image-preview:large","max-video-preview":"max-video-preview:-1"},"canonical":"https:\/\/bonjourbarcelone.fr\/fr\/casa-de-les-punxes\/","og_locale":"fr_FR","og_type":"article","og_title":"Casa de les Punxes : une \u0153uvre architecturale unique","og_description":"La casa de les Punxes est un autre monument particulier \u00e0 voir \u00e0 Barcelone. Aujourd\u2019hui, je vous accompagne pour une visite.","og_url":"https:\/\/bonjourbarcelone.fr\/fr\/casa-de-les-punxes\/","og_site_name":"Visiter Barcelone","article_published_time":"2023-03-19T03:09:15+00:00","article_modified_time":"2023-12-16T14:59:50+00:00","og_image":[{"width":800,"height":476,"url":"https:\/\/bonjourbarcelone.fr\/wp-content\/uploads\/2023\/03\/casa-de-les-punxes.jpg","type":"image\/jpeg"}],"author":"Thibaut","twitter_card":"summary_large_image","twitter_misc":{"\u00c9crit par":"Thibaut","Dur\u00e9e de lecture estim\u00e9e":"5 minutes"},"schema":{"@context":"https:\/\/schema.org","@graph":[{"@type":"WebPage","@id":"https:\/\/bonjourbarcelone.fr\/casa-de-les-punxes\/","url":"https:\/\/bonjourbarcelone.fr\/casa-de-les-punxes\/","name":"Casa de les Punxes : une \u0153uvre architecturale unique","isPartOf":{"@id":"https:\/\/bonjourbarcelone.fr\/#website"},"primaryImageOfPage":{"@id":"https:\/\/bonjourbarcelone.fr\/casa-de-les-punxes\/#primaryimage"},"image":{"@id":"https:\/\/bonjourbarcelone.fr\/casa-de-les-punxes\/#primaryimage"},"thumbnailUrl":"https:\/\/bonjourbarcelone.fr\/wp-content\/uploads\/2023\/03\/casa-de-les-punxes.jpg","datePublished":"2023-03-19T03:09:15+00:00","dateModified":"2023-12-16T14:59:50+00:00","author":{"@id":"https:\/\/bonjourbarcelone.fr\/#\/schema\/person\/0bda2897d0b8e0150a7ece6f930ff5e5"},"description":"La casa de les Punxes est un autre monument particulier \u00e0 voir \u00e0 Barcelone. Aujourd\u2019hui, je vous accompagne pour une visite.","breadcrumb":{"@id":"https:\/\/bonjourbarcelone.fr\/casa-de-les-punxes\/#breadcrumb"},"inLanguage":"fr-FR","potentialAction":[{"@type":"ReadAction","target":["https:\/\/bonjourbarcelone.fr\/casa-de-les-punxes\/"]}]},{"@type":"ImageObject","inLanguage":"fr-FR","@id":"https:\/\/bonjourbarcelone.fr\/casa-de-les-punxes\/#primaryimage","url":"https:\/\/bonjourbarcelone.fr\/wp-content\/uploads\/2023\/03\/casa-de-les-punxes.jpg","contentUrl":"https:\/\/bonjourbarcelone.fr\/wp-content\/uploads\/2023\/03\/casa-de-les-punxes.jpg","width":800,"height":476,"caption":"casa de les punxes"},{"@type":"BreadcrumbList","@id":"https:\/\/bonjourbarcelone.fr\/casa-de-les-punxes\/#breadcrumb","itemListElement":[{"@type":"ListItem","position":1,"name":"Accueil","item":"https:\/\/bonjourbarcelone.fr\/"},{"@type":"ListItem","position":2,"name":"Casa de les Punxes : une \u0153uvre architecturale unique"}]},{"@type":"WebSite","@id":"https:\/\/bonjourbarcelone.fr\/#website","url":"https:\/\/bonjourbarcelone.fr\/","name":"Visiter Barcelone","description":"Tout pour passer un s\u00e9jour inoubliable en 2026 !","potentialAction":[{"@type":"SearchAction","target":{"@type":"EntryPoint","urlTemplate":"https:\/\/bonjourbarcelone.fr\/?s={search_term_string}"},"query-input":{"@type":"PropertyValueSpecification","valueRequired":true,"valueName":"search_term_string"}}],"inLanguage":"fr-FR"},{"@type":"Person","@id":"https:\/\/bonjourbarcelone.fr\/#\/schema\/person\/0bda2897d0b8e0150a7ece6f930ff5e5","name":"Thibaut","image":{"@type":"ImageObject","inLanguage":"fr-FR","@id":"https:\/\/bonjourbarcelone.fr\/#\/schema\/person\/image\/","url":"https:\/\/secure.gravatar.com\/avatar\/436636a11d7c80b948817b5a66d82f9305017ea4c84ab9a676db1d62ccc2c25d?s=96&r=g","contentUrl":"https:\/\/secure.gravatar.com\/avatar\/436636a11d7c80b948817b5a66d82f9305017ea4c84ab9a676db1d62ccc2c25d?s=96&r=g","caption":"Thibaut"},"description":"J'aide les voyageurs \u00e0 mieux visiter la ville de Barcelone avec un contenu \u00e9crit et actualis\u00e9 par des experts locaux pour vivre la meilleure exp\u00e9rience possible ! Notre agence de voyage propose \u00e9galement des visites guid\u00e9es en fran\u00e7ais."}]}},"_links":{"self":[{"href":"https:\/\/bonjourbarcelone.fr\/fr\/wp-json\/wp\/v2\/posts\/2270","targetHints":{"allow":["GET"]}}],"collection":[{"href":"https:\/\/bonjourbarcelone.fr\/fr\/wp-json\/wp\/v2\/posts"}],"about":[{"href":"https:\/\/bonjourbarcelone.fr\/fr\/wp-json\/wp\/v2\/types\/post"}],"author":[{"embeddable":true,"href":"https:\/\/bonjourbarcelone.fr\/fr\/wp-json\/wp\/v2\/users\/2"}],"replies":[{"embeddable":true,"href":"https:\/\/bonjourbarcelone.fr\/fr\/wp-json\/wp\/v2\/comments?post=2270"}],"version-history":[{"count":1,"href":"https:\/\/bonjourbarcelone.fr\/fr\/wp-json\/wp\/v2\/posts\/2270\/revisions"}],"predecessor-version":[{"id":3222,"href":"https:\/\/bonjourbarcelone.fr\/fr\/wp-json\/wp\/v2\/posts\/2270\/revisions\/3222"}],"wp:featuredmedia":[{"embeddable":true,"href":"https:\/\/bonjourbarcelone.fr\/fr\/wp-json\/wp\/v2\/media\/3221"}],"wp:attachment":[{"href":"https:\/\/bonjourbarcelone.fr\/fr\/wp-json\/wp\/v2\/media?parent=2270"}],"wp:term":[{"taxonomy":"category","embeddable":true,"href":"https:\/\/bonjourbarcelone.fr\/fr\/wp-json\/wp\/v2\/categories?post=2270"},{"taxonomy":"post_tag","embeddable":true,"href":"https:\/\/bonjourbarcelone.fr\/fr\/wp-json\/wp\/v2\/tags?post=2270"}],"curies":[{"name":"wp","href":"https:\/\/api.w.org\/{rel}","templated":true}]}}