{"id":2531,"date":"2023-04-18T04:14:59","date_gmt":"2023-04-18T04:14:59","guid":{"rendered":"https:\/\/bonjourbarcelone.fr\/?p=2531"},"modified":"2023-12-16T14:59:01","modified_gmt":"2023-12-16T14:59:01","slug":"histoire-sagrada-familia","status":"publish","type":"post","link":"https:\/\/bonjourbarcelone.fr\/fr\/histoire-sagrada-familia\/","title":{"rendered":"La merveilleuse histoire de la Sagrada Familia"},"content":{"rendered":"<p><strong>La Sagrada Familia poss\u00e8de une histoire riche<\/strong> qui s\u2019\u00e9tend sur plusieurs d\u00e9cennies.<\/p>\n<p>De l\u2019id\u00e9e de Gaudi aux ann\u00e9es de travaux, je vous raconte en d\u00e9tail l\u2019histoire de la Sagrada Familia.<\/p>\n<h2 class=\"summary-title\">Histoire de la Sagrada Familia: sommaire de l&rsquo;article<\/h2>\n<div class=\"summary-box\">\n<ul class=\"summary-list\">\n<li><a href=\"#_Toc132244304\">La grande histoire de la Sagrada Familia \u00e0 Barcelone<\/a><\/li>\n<li><a href=\"#_Toc132244305\">Une construction qui s\u2019\u00e9tend sur plusieurs si\u00e8cles<\/a><\/li>\n<li><a href=\"#_Toc132244306\">Une basilique toujours inachev\u00e9e<\/a><\/li>\n<li><a href=\"#_Toc132244307\">L\u2019histoire de la Sagrada Familia \u00e0 travers son architecture<\/a><\/li>\n<li><a href=\"#_Toc132244308\">O\u00f9 se situe l\u2019\u00e9glise\u2009?<\/a><\/li>\n<\/ul>\n<\/div>\n<h2><a name=\"_Toc132244304\"><\/a><strong>La grande histoire de la Sagrada Familia \u00e0 Barcelone<\/strong><\/h2>\n<p>Le d\u00e9but de la construction de la <a href=\"https:\/\/bonjourbarcelone.fr\/sagrada-familia-interieur-tickets\/\">Sagrada Familia<\/a> <strong>remonte \u00e0 1877<\/strong> lorsqu\u2019une congr\u00e9gation de fid\u00e8les de Saint-Joseph d\u00e9cida de construire un temple en son honneur.<\/p>\n<p>L\u2019architecte l\u00e9gendaire Antoni Gaud\u00ed ne s\u2019est impliqu\u00e9 dans le d\u00e9veloppement de l\u2019\u00e9glise qu\u2019en 1883, et le premier projet de La Sagrada Familia a \u00e9t\u00e9 con\u00e7u dans le style gothique par l\u2019architecte Francisco de Paula del\u00a0Villar y Lozano.<\/p>\n<p>Don Francisco de Paula del Villar y Lozano abandonne rapidement le projet et en 1884. <a href=\"https:\/\/bonjourbarcelone.fr\/gaudi-barcelone\/\">Gaud\u00ed<\/a>, qui n\u2019a que 31 ans, deviens directeur.<\/p>\n<p>L\u2019architecte a modifi\u00e9 les plans originaux de Lozano pour une \u00e9glise n\u00e9o-gothique et a commenc\u00e9 \u00e0 concevoir le b\u00e2timent. Celui-ci a fait de lui le ma\u00eetre du modernisme catalan et a chang\u00e9 \u00e0 jamais l\u2019horizon de Barcelone.<\/p>\n<p>Gaudi a consacr\u00e9 toutes ses derni\u00e8res ann\u00e9es \u00e0 la construction de La Sagrada Familia, <strong>travaillant exclusivement pour le Temple expiatoire jour et nuit.<\/strong><\/p>\n<p>Il mourut subitement en 1926. Apr\u00e8s la mort de Gaud\u00ed, Dom\u00e8nec Sugra\u00f1es, l\u2019un de ses plus proches collaborateurs, a repris le projet.<\/p>\n<p><a href=\"https:\/\/bonjourbarcelone.fr\/wp-content\/uploads\/2023\/04\/histoire-sagrada-familia.jpg\"><img decoding=\"async\" class=\"alignnone size-large wp-image-2532\" src=\"https:\/\/bonjourbarcelone.fr\/wp-content\/uploads\/2023\/04\/histoire-sagrada-familia-1024x768.jpg\" alt=\"histoire sagrada familia\" width=\"1024\" height=\"768\" srcset=\"https:\/\/bonjourbarcelone.fr\/wp-content\/uploads\/2023\/04\/histoire-sagrada-familia-1024x768.jpg 1024w, https:\/\/bonjourbarcelone.fr\/wp-content\/uploads\/2023\/04\/histoire-sagrada-familia-300x225.jpg 300w, https:\/\/bonjourbarcelone.fr\/wp-content\/uploads\/2023\/04\/histoire-sagrada-familia-768x576.jpg 768w, https:\/\/bonjourbarcelone.fr\/wp-content\/uploads\/2023\/04\/histoire-sagrada-familia-1536x1152.jpg 1536w, https:\/\/bonjourbarcelone.fr\/wp-content\/uploads\/2023\/04\/histoire-sagrada-familia.jpg 2048w\" sizes=\"(max-width: 1024px) 100vw, 1024px\" \/><\/a><\/p>\n<h2><a name=\"_Toc132244305\"><\/a><strong>Une construction qui s\u2019\u00e9tend sur plusieurs si\u00e8cles<\/strong><\/h2>\n<p>L\u2019architecte \u00e9tait conscient que la construction de la Sagrada Familia durerait des si\u00e8cles, et qu\u2019elle ne serait pas termin\u00e9e de son vivant. Il a laiss\u00e9 des plans d\u00e9taill\u00e9s pour les parties les plus importantes de la basilique, <strong>la nef centrale, la sacristie et la fa\u00e7ade, pour guider l\u2019ach\u00e8vement du b\u00e2timent.<\/strong><\/p>\n<p>Gaud\u00ed a \u00e9galement choisi de se concentrer sur la fa\u00e7ade de l\u2019\u00e9glise, afin que les gens puissent profiter d\u2019une forme d\u2019ach\u00e8vement et se sentir inspir\u00e9s par ce magnifique monument.<\/p>\n<h2><a name=\"_Toc132244306\"><\/a><strong>Une basilique toujours inachev\u00e9e<\/strong><\/h2>\n<p>La Sagrada Familia n\u2019est toujours pas achev\u00e9e aujourd\u2019hui. On estime que la construction actuelle ne repr\u00e9sente que 70 % de la conception finale. En r\u00e9alit\u00e9, le projet devrait prendre fin que <strong>pour le centenaire de la mort de l\u2019architecte Antoni Gaud\u00ed en 2026.<\/strong><\/p>\n<p>La basilique est un temple expiatoire, ce qui signifie que le co\u00fbt des travaux est pay\u00e9 par des dons volontaires. Apr\u00e8s la Seconde Guerre mondiale, et pendant les ann\u00e9es 1960, l\u2019Espagne souffrait d\u2019une p\u00e9riode de mis\u00e8re qui affectait s\u00e9rieusement les dons, rendant la construction encore plus longue.<\/p>\n<h2><a name=\"_Toc132244307\"><\/a><strong>L\u2019histoire de la Sagrada Familia \u00e0 travers son architecture<\/strong><\/h2>\n<p>Le Temple Expiatori de la Sagrada Fam\u00edlia repr\u00e9sente un v\u00e9ritable r\u00eave architectural. On le consid\u00e8re m\u00eame comme l\u2019un des b\u00e2timents les plus \u00e9tonnants au monde.<\/p>\n<p>La grandeur architecturale de la basilique r\u00e9side dans la volont\u00e9 de Gaud\u00ed de transformer le b\u00e2timent en <strong>une proposition ambitieuse pour l\u2019\u00e9glise du futur<\/strong>. Lorsque l\u2019architecte reprit le projet en 1883, il conserva le plan en croix de Francisco de Paula del Villar y Lozano, typique des cath\u00e9drales gothiques, mais s\u2019\u00e9carta du style gothique de plusieurs mani\u00e8res.<\/p>\n<p>Sectionn\u00e9e en cinq nefs, la disposition de la Sagrada Familia ressemble \u00e0 une croix latine aux dimensions massives. L\u2019int\u00e9rieur de l\u2019\u00e9glise a \u00e9galement \u00e9t\u00e9 con\u00e7u pour ressembler \u00e0 une immense for\u00eat, avec des colonnes inclin\u00e9es <strong>repr\u00e9sentant des troncs d\u2019arbres se ramifiant des chapiteaux aux vo\u00fbtes.<\/strong><\/p>\n<h3><strong>Les changements de plan amen\u00e9 par Gaudi<\/strong><\/h3>\n<p>Gaud\u00ed a \u00e9galement d\u00e9cid\u00e9 d\u2019inverser l\u2019\u00e9quilibre de la lumi\u00e8re souvent observ\u00e9 dans les cath\u00e9drales gothiques en cr\u00e9ant un contraste maximal avec les vitraux. Il a mis le verre le plus transparent sur le dessus pour \u00e9clairer les vo\u00fbtes, qui sont orn\u00e9es de carreaux de c\u00e9ramique et de taches d\u2019or brillant et <strong>dont la lumi\u00e8re diminue \u00e0 mesure qu\u2019elle descend<\/strong>. Cela donne \u00e0 la cath\u00e9drale une atmosph\u00e8re transcendante et un sentiment de paix spirituelle.<\/p>\n<p>Gaud\u00ed a aussi d\u00e9cid\u00e9 d\u2019int\u00e9grer le symbolisme religieux dans chaque aspect de l\u2019\u00e9glise. Il a con\u00e7u trois fa\u00e7ades monumentales qui cr\u00e9ent une repr\u00e9sentation visuelle des croyances chr\u00e9tiennes :<\/p>\n<ul>\n<li>la fa\u00e7ade de<strong> la Gloire<\/strong><\/li>\n<li>la fa\u00e7ade de <strong>la Nativit\u00e9<\/strong><\/li>\n<li>la fa\u00e7ade de<strong> la Passion<\/strong><\/li>\n<\/ul>\n<h2><a name=\"_Toc132244308\"><\/a><strong>O\u00f9 se situe l\u2019\u00e9glise\u2009?<\/strong><\/h2>\n<p>La c\u00e9l\u00e8bre \u00e9glise se situe dans un coin du quartier de l\u2019<a href=\"https:\/\/bonjourbarcelone.fr\/l-eixample-barcelone\/\">Eixample<\/a> non loin de<a href=\"https:\/\/bonjourbarcelone.fr\/quartier-gracia-barcelone\/\"> Gr\u00e0cia<\/a>. Les visiteurs qui s\u00e9journent \u00e0 proximit\u00e9 du centre-ville peuvent facilement s\u2019y rendre en transports en commun. Vous pouvez ainsi emprunter :<\/p>\n<ul>\n<li>Le m\u00e9tro sur les <strong>lignes\u00a0L5 et L2 et descendre \u00e0 la station Sagrada Familia<\/strong><\/li>\n<li>Le bus gr\u00e2ce aux <strong>lignes 19, 33, 34, 43, 44, 50, 51, B20 et B24<\/strong><\/li>\n<\/ul>\n<p>L\u2019histoire de la Sagrada Familia est indissociable du monument. Construite sur plusieurs si\u00e8cles, <strong>nous pourrons bient\u00f4t voir l\u2019ach\u00e8vement et l\u2019inauguration de cette magnifique \u00e9glise.<\/strong><\/p>\n","protected":false},"excerpt":{"rendered":"<p>La Sagrada Familia poss\u00e8de une histoire riche qui s\u2019\u00e9tend sur plusieurs d\u00e9cennies. De l\u2019id\u00e9e de Gaudi aux ann\u00e9es de travaux, je vous raconte en d\u00e9tail l\u2019histoire de la Sagrada Familia. Histoire de la Sagrada Familia: sommaire de l&rsquo;article La grande histoire de la Sagrada Familia \u00e0 Barcelone Une construction qui s\u2019\u00e9tend sur plusieurs si\u00e8cles Une [&hellip;]<\/p>\n","protected":false},"author":2,"featured_media":2532,"comment_status":"open","ping_status":"open","sticky":false,"template":"","format":"standard","meta":{"om_disable_all_campaigns":false,"_genesis_hide_title":false,"_genesis_hide_breadcrumbs":false,"_genesis_hide_singular_image":false,"_genesis_hide_footer_widgets":false,"_genesis_custom_body_class":"","_genesis_custom_post_class":"","_genesis_layout":"","footnotes":""},"categories":[3],"tags":[],"class_list":{"0":"post-2531","1":"post","2":"type-post","3":"status-publish","4":"format-standard","5":"has-post-thumbnail","7":"category-barcelone","8":"entry"},"yoast_head":"<!-- This site is optimized with the Yoast SEO plugin v26.5 - https:\/\/yoast.com\/wordpress\/plugins\/seo\/ -->\n<title>La merveilleuse histoire de la Sagrada Familia<\/title>\n<meta name=\"description\" content=\"La Sagrada Familia poss\u00e8de une histoire importante qui s\u2019int\u00e8gre au c\u0153ur de Barcelone. Je vous la raconte aujourd\u2019hui.\" \/>\n<meta name=\"robots\" content=\"index, follow, max-snippet:-1, max-image-preview:large, max-video-preview:-1\" \/>\n<link rel=\"canonical\" href=\"https:\/\/bonjourbarcelone.fr\/fr\/histoire-sagrada-familia\/\" \/>\n<meta property=\"og:locale\" content=\"fr_FR\" \/>\n<meta property=\"og:type\" content=\"article\" \/>\n<meta property=\"og:title\" content=\"La merveilleuse histoire de la Sagrada Familia\" \/>\n<meta property=\"og:description\" content=\"La Sagrada Familia poss\u00e8de une histoire importante qui s\u2019int\u00e8gre au c\u0153ur de Barcelone. Je vous la raconte aujourd\u2019hui.\" \/>\n<meta property=\"og:url\" content=\"https:\/\/bonjourbarcelone.fr\/fr\/histoire-sagrada-familia\/\" \/>\n<meta property=\"og:site_name\" content=\"Visiter Barcelone\" \/>\n<meta property=\"article:published_time\" content=\"2023-04-18T04:14:59+00:00\" \/>\n<meta property=\"article:modified_time\" content=\"2023-12-16T14:59:01+00:00\" \/>\n<meta property=\"og:image\" content=\"https:\/\/bonjourbarcelone.fr\/wp-content\/uploads\/2023\/04\/histoire-sagrada-familia.jpg\" \/>\n\t<meta property=\"og:image:width\" content=\"2048\" \/>\n\t<meta property=\"og:image:height\" content=\"1536\" \/>\n\t<meta property=\"og:image:type\" content=\"image\/jpeg\" \/>\n<meta name=\"author\" content=\"Thibaut\" \/>\n<meta name=\"twitter:card\" content=\"summary_large_image\" \/>\n<meta name=\"twitter:label1\" content=\"\u00c9crit par\" \/>\n\t<meta name=\"twitter:data1\" content=\"Thibaut\" \/>\n\t<meta name=\"twitter:label2\" content=\"Dur\u00e9e de lecture estim\u00e9e\" \/>\n\t<meta name=\"twitter:data2\" content=\"5 minutes\" \/>\n<script type=\"application\/ld+json\" class=\"yoast-schema-graph\">{\"@context\":\"https:\/\/schema.org\",\"@graph\":[{\"@type\":\"WebPage\",\"@id\":\"https:\/\/bonjourbarcelone.fr\/histoire-sagrada-familia\/\",\"url\":\"https:\/\/bonjourbarcelone.fr\/histoire-sagrada-familia\/\",\"name\":\"La merveilleuse histoire de la Sagrada Familia\",\"isPartOf\":{\"@id\":\"https:\/\/bonjourbarcelone.fr\/#website\"},\"primaryImageOfPage\":{\"@id\":\"https:\/\/bonjourbarcelone.fr\/histoire-sagrada-familia\/#primaryimage\"},\"image\":{\"@id\":\"https:\/\/bonjourbarcelone.fr\/histoire-sagrada-familia\/#primaryimage\"},\"thumbnailUrl\":\"https:\/\/bonjourbarcelone.fr\/wp-content\/uploads\/2023\/04\/histoire-sagrada-familia.jpg\",\"datePublished\":\"2023-04-18T04:14:59+00:00\",\"dateModified\":\"2023-12-16T14:59:01+00:00\",\"author\":{\"@id\":\"https:\/\/bonjourbarcelone.fr\/#\/schema\/person\/0bda2897d0b8e0150a7ece6f930ff5e5\"},\"description\":\"La Sagrada Familia poss\u00e8de une histoire importante qui s\u2019int\u00e8gre au c\u0153ur de Barcelone. Je vous la raconte aujourd\u2019hui.\",\"breadcrumb\":{\"@id\":\"https:\/\/bonjourbarcelone.fr\/histoire-sagrada-familia\/#breadcrumb\"},\"inLanguage\":\"fr-FR\",\"potentialAction\":[{\"@type\":\"ReadAction\",\"target\":[\"https:\/\/bonjourbarcelone.fr\/histoire-sagrada-familia\/\"]}]},{\"@type\":\"ImageObject\",\"inLanguage\":\"fr-FR\",\"@id\":\"https:\/\/bonjourbarcelone.fr\/histoire-sagrada-familia\/#primaryimage\",\"url\":\"https:\/\/bonjourbarcelone.fr\/wp-content\/uploads\/2023\/04\/histoire-sagrada-familia.jpg\",\"contentUrl\":\"https:\/\/bonjourbarcelone.fr\/wp-content\/uploads\/2023\/04\/histoire-sagrada-familia.jpg\",\"width\":2048,\"height\":1536,\"caption\":\"histoire sagrada familia\"},{\"@type\":\"BreadcrumbList\",\"@id\":\"https:\/\/bonjourbarcelone.fr\/histoire-sagrada-familia\/#breadcrumb\",\"itemListElement\":[{\"@type\":\"ListItem\",\"position\":1,\"name\":\"Accueil\",\"item\":\"https:\/\/bonjourbarcelone.fr\/\"},{\"@type\":\"ListItem\",\"position\":2,\"name\":\"La merveilleuse histoire de la Sagrada Familia\"}]},{\"@type\":\"WebSite\",\"@id\":\"https:\/\/bonjourbarcelone.fr\/#website\",\"url\":\"https:\/\/bonjourbarcelone.fr\/\",\"name\":\"Visiter Barcelone\",\"description\":\"Tout pour passer un s\u00e9jour inoubliable en 2026 !\",\"potentialAction\":[{\"@type\":\"SearchAction\",\"target\":{\"@type\":\"EntryPoint\",\"urlTemplate\":\"https:\/\/bonjourbarcelone.fr\/?s={search_term_string}\"},\"query-input\":{\"@type\":\"PropertyValueSpecification\",\"valueRequired\":true,\"valueName\":\"search_term_string\"}}],\"inLanguage\":\"fr-FR\"},{\"@type\":\"Person\",\"@id\":\"https:\/\/bonjourbarcelone.fr\/#\/schema\/person\/0bda2897d0b8e0150a7ece6f930ff5e5\",\"name\":\"Thibaut\",\"image\":{\"@type\":\"ImageObject\",\"inLanguage\":\"fr-FR\",\"@id\":\"https:\/\/bonjourbarcelone.fr\/#\/schema\/person\/image\/\",\"url\":\"https:\/\/secure.gravatar.com\/avatar\/436636a11d7c80b948817b5a66d82f9305017ea4c84ab9a676db1d62ccc2c25d?s=96&r=g\",\"contentUrl\":\"https:\/\/secure.gravatar.com\/avatar\/436636a11d7c80b948817b5a66d82f9305017ea4c84ab9a676db1d62ccc2c25d?s=96&r=g\",\"caption\":\"Thibaut\"},\"description\":\"J'aide les voyageurs \u00e0 mieux visiter la ville de Barcelone avec un contenu \u00e9crit et actualis\u00e9 par des experts locaux pour vivre la meilleure exp\u00e9rience possible ! Notre agence de voyage propose \u00e9galement des visites guid\u00e9es en fran\u00e7ais.\"}]}<\/script>\n<!-- \/ Yoast SEO plugin. -->","yoast_head_json":{"title":"La merveilleuse histoire de la Sagrada Familia","description":"La Sagrada Familia poss\u00e8de une histoire importante qui s\u2019int\u00e8gre au c\u0153ur de Barcelone. Je vous la raconte aujourd\u2019hui.","robots":{"index":"index","follow":"follow","max-snippet":"max-snippet:-1","max-image-preview":"max-image-preview:large","max-video-preview":"max-video-preview:-1"},"canonical":"https:\/\/bonjourbarcelone.fr\/fr\/histoire-sagrada-familia\/","og_locale":"fr_FR","og_type":"article","og_title":"La merveilleuse histoire de la Sagrada Familia","og_description":"La Sagrada Familia poss\u00e8de une histoire importante qui s\u2019int\u00e8gre au c\u0153ur de Barcelone. Je vous la raconte aujourd\u2019hui.","og_url":"https:\/\/bonjourbarcelone.fr\/fr\/histoire-sagrada-familia\/","og_site_name":"Visiter Barcelone","article_published_time":"2023-04-18T04:14:59+00:00","article_modified_time":"2023-12-16T14:59:01+00:00","og_image":[{"width":2048,"height":1536,"url":"https:\/\/bonjourbarcelone.fr\/wp-content\/uploads\/2023\/04\/histoire-sagrada-familia.jpg","type":"image\/jpeg"}],"author":"Thibaut","twitter_card":"summary_large_image","twitter_misc":{"\u00c9crit par":"Thibaut","Dur\u00e9e de lecture estim\u00e9e":"5 minutes"},"schema":{"@context":"https:\/\/schema.org","@graph":[{"@type":"WebPage","@id":"https:\/\/bonjourbarcelone.fr\/histoire-sagrada-familia\/","url":"https:\/\/bonjourbarcelone.fr\/histoire-sagrada-familia\/","name":"La merveilleuse histoire de la Sagrada Familia","isPartOf":{"@id":"https:\/\/bonjourbarcelone.fr\/#website"},"primaryImageOfPage":{"@id":"https:\/\/bonjourbarcelone.fr\/histoire-sagrada-familia\/#primaryimage"},"image":{"@id":"https:\/\/bonjourbarcelone.fr\/histoire-sagrada-familia\/#primaryimage"},"thumbnailUrl":"https:\/\/bonjourbarcelone.fr\/wp-content\/uploads\/2023\/04\/histoire-sagrada-familia.jpg","datePublished":"2023-04-18T04:14:59+00:00","dateModified":"2023-12-16T14:59:01+00:00","author":{"@id":"https:\/\/bonjourbarcelone.fr\/#\/schema\/person\/0bda2897d0b8e0150a7ece6f930ff5e5"},"description":"La Sagrada Familia poss\u00e8de une histoire importante qui s\u2019int\u00e8gre au c\u0153ur de Barcelone. Je vous la raconte aujourd\u2019hui.","breadcrumb":{"@id":"https:\/\/bonjourbarcelone.fr\/histoire-sagrada-familia\/#breadcrumb"},"inLanguage":"fr-FR","potentialAction":[{"@type":"ReadAction","target":["https:\/\/bonjourbarcelone.fr\/histoire-sagrada-familia\/"]}]},{"@type":"ImageObject","inLanguage":"fr-FR","@id":"https:\/\/bonjourbarcelone.fr\/histoire-sagrada-familia\/#primaryimage","url":"https:\/\/bonjourbarcelone.fr\/wp-content\/uploads\/2023\/04\/histoire-sagrada-familia.jpg","contentUrl":"https:\/\/bonjourbarcelone.fr\/wp-content\/uploads\/2023\/04\/histoire-sagrada-familia.jpg","width":2048,"height":1536,"caption":"histoire sagrada familia"},{"@type":"BreadcrumbList","@id":"https:\/\/bonjourbarcelone.fr\/histoire-sagrada-familia\/#breadcrumb","itemListElement":[{"@type":"ListItem","position":1,"name":"Accueil","item":"https:\/\/bonjourbarcelone.fr\/"},{"@type":"ListItem","position":2,"name":"La merveilleuse histoire de la Sagrada Familia"}]},{"@type":"WebSite","@id":"https:\/\/bonjourbarcelone.fr\/#website","url":"https:\/\/bonjourbarcelone.fr\/","name":"Visiter Barcelone","description":"Tout pour passer un s\u00e9jour inoubliable en 2026 !","potentialAction":[{"@type":"SearchAction","target":{"@type":"EntryPoint","urlTemplate":"https:\/\/bonjourbarcelone.fr\/?s={search_term_string}"},"query-input":{"@type":"PropertyValueSpecification","valueRequired":true,"valueName":"search_term_string"}}],"inLanguage":"fr-FR"},{"@type":"Person","@id":"https:\/\/bonjourbarcelone.fr\/#\/schema\/person\/0bda2897d0b8e0150a7ece6f930ff5e5","name":"Thibaut","image":{"@type":"ImageObject","inLanguage":"fr-FR","@id":"https:\/\/bonjourbarcelone.fr\/#\/schema\/person\/image\/","url":"https:\/\/secure.gravatar.com\/avatar\/436636a11d7c80b948817b5a66d82f9305017ea4c84ab9a676db1d62ccc2c25d?s=96&r=g","contentUrl":"https:\/\/secure.gravatar.com\/avatar\/436636a11d7c80b948817b5a66d82f9305017ea4c84ab9a676db1d62ccc2c25d?s=96&r=g","caption":"Thibaut"},"description":"J'aide les voyageurs \u00e0 mieux visiter la ville de Barcelone avec un contenu \u00e9crit et actualis\u00e9 par des experts locaux pour vivre la meilleure exp\u00e9rience possible ! Notre agence de voyage propose \u00e9galement des visites guid\u00e9es en fran\u00e7ais."}]}},"_links":{"self":[{"href":"https:\/\/bonjourbarcelone.fr\/fr\/wp-json\/wp\/v2\/posts\/2531","targetHints":{"allow":["GET"]}}],"collection":[{"href":"https:\/\/bonjourbarcelone.fr\/fr\/wp-json\/wp\/v2\/posts"}],"about":[{"href":"https:\/\/bonjourbarcelone.fr\/fr\/wp-json\/wp\/v2\/types\/post"}],"author":[{"embeddable":true,"href":"https:\/\/bonjourbarcelone.fr\/fr\/wp-json\/wp\/v2\/users\/2"}],"replies":[{"embeddable":true,"href":"https:\/\/bonjourbarcelone.fr\/fr\/wp-json\/wp\/v2\/comments?post=2531"}],"version-history":[{"count":1,"href":"https:\/\/bonjourbarcelone.fr\/fr\/wp-json\/wp\/v2\/posts\/2531\/revisions"}],"predecessor-version":[{"id":2533,"href":"https:\/\/bonjourbarcelone.fr\/fr\/wp-json\/wp\/v2\/posts\/2531\/revisions\/2533"}],"wp:featuredmedia":[{"embeddable":true,"href":"https:\/\/bonjourbarcelone.fr\/fr\/wp-json\/wp\/v2\/media\/2532"}],"wp:attachment":[{"href":"https:\/\/bonjourbarcelone.fr\/fr\/wp-json\/wp\/v2\/media?parent=2531"}],"wp:term":[{"taxonomy":"category","embeddable":true,"href":"https:\/\/bonjourbarcelone.fr\/fr\/wp-json\/wp\/v2\/categories?post=2531"},{"taxonomy":"post_tag","embeddable":true,"href":"https:\/\/bonjourbarcelone.fr\/fr\/wp-json\/wp\/v2\/tags?post=2531"}],"curies":[{"name":"wp","href":"https:\/\/api.w.org\/{rel}","templated":true}]}}