{"id":1620,"date":"2019-05-21T13:49:11","date_gmt":"2019-05-21T13:49:11","guid":{"rendered":"https:\/\/bonjourbarcelone.fr\/?p=1620"},"modified":"2022-10-31T14:10:47","modified_gmt":"2022-10-31T14:10:47","slug":"merce-barcellona","status":"publish","type":"post","link":"https:\/\/bonjourbarcelone.fr\/it\/merce-barcellona\/","title":{"rendered":"Barcellona Merc\u00e8: 5 giorni di festa unici!"},"content":{"rendered":"<p>Se c'\u00e8 <strong>Una festa da non perdere a Barcellona<\/strong>\u00c8 la festa di Merc\u00e8!<\/p>\n<p>5 giorni per celebrare il santo patrono di Barcellona.<\/p>\n<p>La data ufficiale \u00e8 il 24 settembre, ma ci sono anche <em><strong>5 giorni consecutivi di danze popolari, attivit\u00e0 in tutta la citt\u00e0, torri umane, fuochi d'artificio...<\/strong><\/em><\/p>\n<p>E l'elenco continua!<\/p>\n<p>Perch\u00e9 ogni anno,<strong> questa festa \u00e8 ancora pi\u00f9 impressionante e bella!<\/strong><\/p>\n<p>Chiamato in catalano <em><strong>il<\/strong><strong> festa maggiore d'estiu<\/strong>, <\/em>tutta Barcellona festeggia il Mare de D\u00e9u de la Merc\u00e8 (Nostra Signora delle Grazie).<\/p>\n<p>&nbsp;<\/p>\n<p>Ecco una breve guida <strong>per non perdere nulla!<\/strong><\/p>\n<p>&nbsp;<\/p>\n<h2><strong>Ma chi \u00e8 la Virgen de la Merc\u00e8?<\/strong><\/h2>\n<p>La Vergine della Merc\u00e8 \u00e8 venerata dai cattolici ed \u00e8 nota anche come la <strong>Vergine della Misericordia.<\/strong><\/p>\n<p>Il 1<sup>er<\/sup> Nell'agosto del 1218, la Vergine Maria apparve a tre noti cittadini della Barcellona di allora, tra cui <strong>San Pedro Nolasco<\/strong> il fondatore di<strong>Ordine dei Merc\u00e8.<\/strong><\/p>\n<p>&nbsp;<\/p>\n<h2><strong>Cosa significa Merc\u00e8 di Barcellona?<\/strong><\/h2>\n<p>In catalano, <strong>\"Grazie<\/strong>\u00a0\"significa <em><strong>un servizio, un aiuto.<\/strong><\/em><\/p>\n<p>&nbsp;<\/p>\n<p><strong>In onore della Merc\u00e8: la Basilica nel Barrio Gotico!<\/strong><\/p>\n<p>Nel centro storico di Barcellona, vi invito a visitare il\u00a0<strong>Bas\u00edlica de la Mare de D\u00e9u de la Merc\u00e8<\/strong> che \u00e8 una magnifica chiesa barocca del 1765, situata nel Quartiere Gotico, ai margini della citt\u00e0. <strong>Pla\u00e7a de la Merc\u00e8.<\/strong><\/p>\n<p><img decoding=\"async\" class=\"size-medium wp-image-1622 alignright\" src=\"https:\/\/bonjourbarcelone.fr\/wp-content\/uploads\/2019\/05\/Bas\u00edlica_de_la_Merc\u00e8_Barcelona-300x225.jpg\" alt=\"\" width=\"300\" height=\"225\" srcset=\"https:\/\/bonjourbarcelone.fr\/wp-content\/uploads\/2019\/05\/Bas\u00edlica_de_la_Merc\u00e8_Barcelona-300x225.jpg 300w, https:\/\/bonjourbarcelone.fr\/wp-content\/uploads\/2019\/05\/Bas\u00edlica_de_la_Merc\u00e8_Barcelona.jpg 640w\" sizes=\"(max-width: 300px) 100vw, 300px\" \/><\/p>\n<p><strong>Da quando il Merc\u00e8 \u00e8 il patrono del quartiere?<\/strong><\/p>\n<p>L'anno 1687 fu segnato da una terribile piaga di cavallette e gli abitanti pregarono la Vergine per la liberazione.<\/p>\n<p>E ha funzionato cos\u00ec bene che la citt\u00e0 \u00e8 stata rapidamente liberata.<\/p>\n<p>Il Papa ha poi deciso <strong>nel 1868<\/strong> che la Vergine sarebbe stata la patrona di Barcellona.<\/p>\n<p>E da allora il festival \u00e8 cresciuto fino a diventare <strong>un incontro davvero popolare!<\/strong><\/p>\n<p>&nbsp;<\/p>\n<p><strong>Il Festival Merc\u00e8 \u00e8 il pi\u00f9 grande festival di strada dell'anno!<\/strong><\/p>\n<p>Comunemente conosciuta come festa dell'estate, <strong>le feste di Merc\u00e8 segnano la fine dell'estate<\/strong> e il graduale arrivo dell'autunno. Il caldo diminuir\u00e0 gradualmente.<\/p>\n<p><em>Un'occasione per festeggiare un'ultima volta!<\/em><\/p>\n<p>Questi sono <strong>Pi\u00f9 di 500 attivit\u00e0 saranno organizzate in tutta la citt\u00e0!<\/strong><\/p>\n<p>E qualcosa per tutti: bambini, adulti, appassionati di tradizioni catalane,...<\/p>\n<p><em><strong>E la maggior parte di queste attivit\u00e0 sono gratuite!<\/strong><\/em><\/p>\n<p>&nbsp;<\/p>\n<h2><strong>Il manifesto e il preg\u00f3 de la Merc\u00e8<\/strong><\/h2>\n<p>La line-up della Merc\u00e8 \u00e8 molto attesa, come ogni anno. <strong>un artista catalano<\/strong> che lo rende possibile.<\/p>\n<p><strong>Antoni Tapi\u00e8s<\/strong> ha avuto questo onore, cos\u00ec come la fotografa Joan Fontcuberta nel 2013.<\/p>\n<p>&nbsp;<\/p>\n<p>Inoltre,<strong> il \"preg\u00f3\",<\/strong> \u00c8 il discorso che segna l'inizio del festival e a pronunciarlo \u00e8 solitamente un personaggio noto del mondo della cultura, sotto gli occhi di migliaia di spettatori. Nel 1995, \u00e8 stato<strong> Tarik Kupusovic,<\/strong> il sindaco di Sarajevo, che ha dato il via ai festeggiamenti.<\/p>\n<p>E pi\u00f9 tardi <em>la sociologa Fatima Mernissi e lo scrittore Carlos Ruiz Zaf\u00f3n.<\/em><\/p>\n<p>&nbsp;<\/p>\n<h2><strong>Quale folclore catalano \u00e8 presente nella Merc\u00e8?<\/strong><\/h2>\n<p>\u00c8 la cultura popolare catalana ad essere <strong>la regina delle feste di Merc\u00e8.<\/strong><\/p>\n<p><img decoding=\"async\" class=\"size-medium wp-image-1621 alignright\" src=\"https:\/\/bonjourbarcelone.fr\/wp-content\/uploads\/2019\/05\/8017538423_7e85a1d838_b-300x209.jpg\" alt=\"\" width=\"300\" height=\"209\" srcset=\"https:\/\/bonjourbarcelone.fr\/wp-content\/uploads\/2019\/05\/8017538423_7e85a1d838_b-300x209.jpg 300w, https:\/\/bonjourbarcelone.fr\/wp-content\/uploads\/2019\/05\/8017538423_7e85a1d838_b-768x535.jpg 768w, https:\/\/bonjourbarcelone.fr\/wp-content\/uploads\/2019\/05\/8017538423_7e85a1d838_b.jpg 919w\" sizes=\"(max-width: 300px) 100vw, 300px\" \/><\/p>\n<p>Prima di tutto, spero che abbiate la possibilit\u00e0 di vedere <strong>un Correfoc! <\/strong><\/p>\n<p>Si tratta di un festival pirotecnico in cui i partecipanti, noti come \"Diavoli\" e \"Draghi\", girano con grandi bastoni infuocati. Quando si accendono, i bastoni formano <strong>luci meravigliose che si sprigionano in migliaia di piccole scintille.<\/strong><\/p>\n<p>Sta accadendo in strada, e vi consiglio di proteggervi dal rischio di bruciare i vostri vestiti!<\/p>\n<p><strong>Occhiali e felpe con cappuccio<\/strong> sono all'ordine del giorno!<\/p>\n<p>&nbsp;<\/p>\n<p>Le danze popolari, note come <strong>Sardane<\/strong>Sono visibili nelle piazze della citt\u00e0.<\/p>\n<p>Proprio come le torri umane, chiamate<strong> i castellani<\/strong> in catalano, che tendono a svolgersi a met\u00e0 giornata!<\/p>\n<p>I partecipanti formano torri facendo piani con il proprio corpo. Ed \u00e8 la persona pi\u00f9 leggera, di solito un bambino o un \" <strong>l'enxaneta<\/strong>che si arrampica fino alla cima della torre.<\/p>\n<p><img decoding=\"async\" class=\"size-medium wp-image-1623 alignright\" src=\"https:\/\/bonjourbarcelone.fr\/wp-content\/uploads\/2019\/05\/castellers-921008_960_720-225x300.jpg\" alt=\"\" width=\"225\" height=\"300\" srcset=\"https:\/\/bonjourbarcelone.fr\/wp-content\/uploads\/2019\/05\/castellers-921008_960_720-225x300.jpg 225w, https:\/\/bonjourbarcelone.fr\/wp-content\/uploads\/2019\/05\/castellers-921008_960_720.jpg 480w\" sizes=\"(max-width: 225px) 100vw, 225px\" \/><\/p>\n<p><em>\u00c8 un'impresa interessante da osservare e che richiede molta pratica.<\/em><\/p>\n<p>&nbsp;<\/p>\n<p><strong>Sculture di giganti<\/strong> (re, regine, nobili) sono anche in giro, passeggiando per la citt\u00e0 al suono delle bande di ottoni.<\/p>\n<p>&nbsp;<\/p>\n<p><strong>E tanti altri!<\/strong><\/p>\n<p>&nbsp;<\/p>\n<h2><strong>Il momento clou: i fuochi d'artificio sul Montjuic<\/strong><\/h2>\n<p>Non perdetevi lo spettacolo che chiude i festeggiamenti alla fontana magica di <a href=\"https:\/\/bonjourbarcelone.fr\/it\/parco-montjuic-barcellona\/\">Montjuic<\/a>\u00a0!<\/p>\n<p>&nbsp;<\/p>\n<h2><strong>Muoversi durante le feste di Merc\u00e8<\/strong><\/p>\n<p>Vi consiglio vivamente di utilizzare i mezzi di trasporto pubblici e in particolare <strong>servizi metropolitani ottimizzati e operativi 24 ore su 24<\/strong> appositamente per l'evento.<\/p>\n<p>&nbsp;<\/p>\n<h2><strong>La Merc\u00e8 o Sainte Eulalie?<\/strong><\/h2>\n<p>Potreste sentire che la patrona di Barcellona non \u00e8 Merc\u00e8 ma Santa Eulalia.<\/p>\n<p>E chi vi dice questo non si sbaglia del tutto, perch\u00e9 <strong>Eulalie \u00e8 la patrona della citt\u00e0.<\/strong><\/p>\n<p>La Merc\u00e8 \u00e8 la patrona del distretto di Barcellona.<\/p>\n<p><em>Sainte-Eulalie si festeggia il 12 febbraio.\u00a0<\/em>! \u00c8 anche un importante festival a Barcellona!<\/p>\n<p>Ma i festeggiamenti di Merc\u00e8 sono chiaramente pi\u00f9 importanti!<\/p>\n<p><strong>E la pioggia che a volte cade durante queste celebrazioni festive viene talvolta attribuita alle lacrime di Sant'Eulalia, momentaneamente dimenticata dai barcellonesi...<\/strong><\/p>\n<p>&nbsp;<\/p>\n<h2><strong>Chi era Sainte-Eulalie?<\/strong><\/h2>\n<p>Sainte-Eulalie era originaria di Sarri\u00e0, una citt\u00e0 alla periferia di Barcellona, e ha subito <strong>la persecuzione dei cristiani sotto l'imperatore Diocleziano<\/strong>. \u00c8 stata imprigionata e torturata.<\/p>\n<p>&nbsp;<\/p>\n<p><strong>Cosa succede il 12 febbraio?<\/strong><\/p>\n<p>La citt\u00e0 festeggia Sainte-Eulalie con tutta una serie di danze, correfocs, torri umane e processioni giganti.<\/p>\n<p>&nbsp;<\/p>\n<p><strong>Dove vedere Sainte-Eulalie?<\/strong><\/p>\n<p>Si pu\u00f2 vedere il Santo nel vicolo <em>La bajada de Santa Eulalia <\/em>nel centro storico.<\/p>","protected":false},"excerpt":{"rendered":"<p>Si il y a bien une c\u00e9l\u00e9bration qu\u2019il ne faut pas rater \u00e0 Barcelone, ce sont les f\u00eates de la Merc\u00e8! 5 jours pour c\u00e9l\u00e9brer la Sainte-patronne de Barcelone. Le jour officiel est le 24 septembre mais ce sont 5 jours cons\u00e9cutifs remplis de danses folkloriques, d\u2019activit\u00e9s pr\u00e9vues dans toute la ville, de tours humaines, [&hellip;]<\/p>","protected":false},"author":2,"featured_media":1617,"comment_status":"open","ping_status":"open","sticky":false,"template":"","format":"standard","meta":{"om_disable_all_campaigns":false,"_genesis_hide_title":false,"_genesis_hide_breadcrumbs":false,"_genesis_hide_singular_image":false,"_genesis_hide_footer_widgets":false,"_genesis_custom_body_class":"","_genesis_custom_post_class":"","_genesis_layout":"","footnotes":""},"categories":[8],"tags":[],"class_list":{"0":"post-1620","1":"post","2":"type-post","3":"status-publish","4":"format-standard","5":"has-post-thumbnail","7":"category-activites","8":"entry"},"yoast_head":"<!-- This site is optimized with the Yoast SEO plugin v26.5 - https:\/\/yoast.com\/wordpress\/plugins\/seo\/ -->\n<title>Merc\u00e8 de Barcelone\u00a0: 5 jours uniques\u00a0de f\u00eates \u00e0 vivre absolument !<\/title>\n<meta name=\"description\" content=\"Vous trouverez dans cet article toutes les informations concernant les f\u00eates de la Merc\u00e8 de Barcelone, un \u00e9v\u00e8nement \u00e0 vivre absolument !\" \/>\n<meta name=\"robots\" content=\"index, follow, max-snippet:-1, max-image-preview:large, max-video-preview:-1\" \/>\n<link rel=\"canonical\" href=\"https:\/\/bonjourbarcelone.fr\/it\/merce-barcellona\/\" \/>\n<meta property=\"og:locale\" content=\"it_IT\" \/>\n<meta property=\"og:type\" content=\"article\" \/>\n<meta property=\"og:title\" content=\"Merc\u00e8 de Barcelone\u00a0: 5 jours uniques\u00a0de f\u00eates \u00e0 vivre absolument !\" \/>\n<meta property=\"og:description\" content=\"Vous trouverez dans cet article toutes les informations concernant les f\u00eates de la Merc\u00e8 de Barcelone, un \u00e9v\u00e8nement \u00e0 vivre absolument !\" \/>\n<meta property=\"og:url\" content=\"https:\/\/bonjourbarcelone.fr\/it\/merce-barcellona\/\" \/>\n<meta property=\"og:site_name\" content=\"Visiter Barcelone\" \/>\n<meta property=\"article:published_time\" content=\"2019-05-21T13:49:11+00:00\" \/>\n<meta property=\"article:modified_time\" content=\"2022-10-31T14:10:47+00:00\" \/>\n<meta property=\"og:image\" content=\"https:\/\/bonjourbarcelone.fr\/wp-content\/uploads\/2019\/05\/Chupinazo8.jpg\" \/>\n\t<meta property=\"og:image:width\" content=\"640\" \/>\n\t<meta property=\"og:image:height\" content=\"427\" \/>\n\t<meta property=\"og:image:type\" content=\"image\/jpeg\" \/>\n<meta name=\"author\" content=\"Thibaut\" \/>\n<meta name=\"twitter:card\" content=\"summary_large_image\" \/>\n<meta name=\"twitter:label1\" content=\"Scritto da\" \/>\n\t<meta name=\"twitter:data1\" content=\"Thibaut\" \/>\n\t<meta name=\"twitter:label2\" content=\"Tempo di lettura stimato\" \/>\n\t<meta name=\"twitter:data2\" content=\"6 minuti\" \/>\n<script type=\"application\/ld+json\" class=\"yoast-schema-graph\">{\"@context\":\"https:\/\/schema.org\",\"@graph\":[{\"@type\":\"WebPage\",\"@id\":\"https:\/\/bonjourbarcelone.fr\/merce-barcelone\/\",\"url\":\"https:\/\/bonjourbarcelone.fr\/merce-barcelone\/\",\"name\":\"Merc\u00e8 de Barcelone\u00a0: 5 jours uniques\u00a0de f\u00eates \u00e0 vivre absolument !\",\"isPartOf\":{\"@id\":\"https:\/\/bonjourbarcelone.fr\/#website\"},\"primaryImageOfPage\":{\"@id\":\"https:\/\/bonjourbarcelone.fr\/merce-barcelone\/#primaryimage\"},\"image\":{\"@id\":\"https:\/\/bonjourbarcelone.fr\/merce-barcelone\/#primaryimage\"},\"thumbnailUrl\":\"https:\/\/bonjourbarcelone.fr\/wp-content\/uploads\/2019\/05\/Chupinazo8.jpg\",\"datePublished\":\"2019-05-21T13:49:11+00:00\",\"dateModified\":\"2022-10-31T14:10:47+00:00\",\"author\":{\"@id\":\"https:\/\/bonjourbarcelone.fr\/#\/schema\/person\/0bda2897d0b8e0150a7ece6f930ff5e5\"},\"description\":\"Vous trouverez dans cet article toutes les informations concernant les f\u00eates de la Merc\u00e8 de Barcelone, un \u00e9v\u00e8nement \u00e0 vivre absolument !\",\"breadcrumb\":{\"@id\":\"https:\/\/bonjourbarcelone.fr\/merce-barcelone\/#breadcrumb\"},\"inLanguage\":\"it-IT\",\"potentialAction\":[{\"@type\":\"ReadAction\",\"target\":[\"https:\/\/bonjourbarcelone.fr\/merce-barcelone\/\"]}]},{\"@type\":\"ImageObject\",\"inLanguage\":\"it-IT\",\"@id\":\"https:\/\/bonjourbarcelone.fr\/merce-barcelone\/#primaryimage\",\"url\":\"https:\/\/bonjourbarcelone.fr\/wp-content\/uploads\/2019\/05\/Chupinazo8.jpg\",\"contentUrl\":\"https:\/\/bonjourbarcelone.fr\/wp-content\/uploads\/2019\/05\/Chupinazo8.jpg\",\"width\":640,\"height\":427,\"caption\":\"merc\u00e9\"},{\"@type\":\"BreadcrumbList\",\"@id\":\"https:\/\/bonjourbarcelone.fr\/merce-barcelone\/#breadcrumb\",\"itemListElement\":[{\"@type\":\"ListItem\",\"position\":1,\"name\":\"Accueil\",\"item\":\"https:\/\/bonjourbarcelone.fr\/\"},{\"@type\":\"ListItem\",\"position\":2,\"name\":\"Merc\u00e8 de Barcelone\u00a0: 5 jours uniques\u00a0de f\u00eates \u00e0 vivre absolument !\"}]},{\"@type\":\"WebSite\",\"@id\":\"https:\/\/bonjourbarcelone.fr\/#website\",\"url\":\"https:\/\/bonjourbarcelone.fr\/\",\"name\":\"Visiter Barcelone\",\"description\":\"Tout pour passer un s\u00e9jour inoubliable en 2026 !\",\"potentialAction\":[{\"@type\":\"SearchAction\",\"target\":{\"@type\":\"EntryPoint\",\"urlTemplate\":\"https:\/\/bonjourbarcelone.fr\/?s={search_term_string}\"},\"query-input\":{\"@type\":\"PropertyValueSpecification\",\"valueRequired\":true,\"valueName\":\"search_term_string\"}}],\"inLanguage\":\"it-IT\"},{\"@type\":\"Person\",\"@id\":\"https:\/\/bonjourbarcelone.fr\/#\/schema\/person\/0bda2897d0b8e0150a7ece6f930ff5e5\",\"name\":\"Thibaut\",\"image\":{\"@type\":\"ImageObject\",\"inLanguage\":\"it-IT\",\"@id\":\"https:\/\/bonjourbarcelone.fr\/#\/schema\/person\/image\/\",\"url\":\"https:\/\/secure.gravatar.com\/avatar\/436636a11d7c80b948817b5a66d82f9305017ea4c84ab9a676db1d62ccc2c25d?s=96&r=g\",\"contentUrl\":\"https:\/\/secure.gravatar.com\/avatar\/436636a11d7c80b948817b5a66d82f9305017ea4c84ab9a676db1d62ccc2c25d?s=96&r=g\",\"caption\":\"Thibaut\"},\"description\":\"J'aide les voyageurs \u00e0 mieux visiter la ville de Barcelone avec un contenu \u00e9crit et actualis\u00e9 par des experts locaux pour vivre la meilleure exp\u00e9rience possible ! Notre agence de voyage propose \u00e9galement des visites guid\u00e9es en fran\u00e7ais.\"}]}<\/script>\n<!-- \/ Yoast SEO plugin. -->","yoast_head_json":{"title":"Barcellona Merc\u00e8: 5 giorni di festa unici!","description":"In questo articolo troverete tutte le informazioni necessarie sulla festa della Merc\u00e8 di Barcellona, un evento da non perdere!","robots":{"index":"index","follow":"follow","max-snippet":"max-snippet:-1","max-image-preview":"max-image-preview:large","max-video-preview":"max-video-preview:-1"},"canonical":"https:\/\/bonjourbarcelone.fr\/it\/merce-barcellona\/","og_locale":"it_IT","og_type":"article","og_title":"Merc\u00e8 de Barcelone\u00a0: 5 jours uniques\u00a0de f\u00eates \u00e0 vivre absolument !","og_description":"Vous trouverez dans cet article toutes les informations concernant les f\u00eates de la Merc\u00e8 de Barcelone, un \u00e9v\u00e8nement \u00e0 vivre absolument !","og_url":"https:\/\/bonjourbarcelone.fr\/it\/merce-barcellona\/","og_site_name":"Visiter Barcelone","article_published_time":"2019-05-21T13:49:11+00:00","article_modified_time":"2022-10-31T14:10:47+00:00","og_image":[{"width":640,"height":427,"url":"https:\/\/bonjourbarcelone.fr\/wp-content\/uploads\/2019\/05\/Chupinazo8.jpg","type":"image\/jpeg"}],"author":"Thibaut","twitter_card":"summary_large_image","twitter_misc":{"Scritto da":"Thibaut","Tempo di lettura stimato":"6 minuti"},"schema":{"@context":"https:\/\/schema.org","@graph":[{"@type":"WebPage","@id":"https:\/\/bonjourbarcelone.fr\/merce-barcelone\/","url":"https:\/\/bonjourbarcelone.fr\/merce-barcelone\/","name":"Barcellona Merc\u00e8: 5 giorni di festa unici!","isPartOf":{"@id":"https:\/\/bonjourbarcelone.fr\/#website"},"primaryImageOfPage":{"@id":"https:\/\/bonjourbarcelone.fr\/merce-barcelone\/#primaryimage"},"image":{"@id":"https:\/\/bonjourbarcelone.fr\/merce-barcelone\/#primaryimage"},"thumbnailUrl":"https:\/\/bonjourbarcelone.fr\/wp-content\/uploads\/2019\/05\/Chupinazo8.jpg","datePublished":"2019-05-21T13:49:11+00:00","dateModified":"2022-10-31T14:10:47+00:00","author":{"@id":"https:\/\/bonjourbarcelone.fr\/#\/schema\/person\/0bda2897d0b8e0150a7ece6f930ff5e5"},"description":"In questo articolo troverete tutte le informazioni necessarie sulla festa della Merc\u00e8 di Barcellona, un evento da non perdere!","breadcrumb":{"@id":"https:\/\/bonjourbarcelone.fr\/merce-barcelone\/#breadcrumb"},"inLanguage":"it-IT","potentialAction":[{"@type":"ReadAction","target":["https:\/\/bonjourbarcelone.fr\/merce-barcelone\/"]}]},{"@type":"ImageObject","inLanguage":"it-IT","@id":"https:\/\/bonjourbarcelone.fr\/merce-barcelone\/#primaryimage","url":"https:\/\/bonjourbarcelone.fr\/wp-content\/uploads\/2019\/05\/Chupinazo8.jpg","contentUrl":"https:\/\/bonjourbarcelone.fr\/wp-content\/uploads\/2019\/05\/Chupinazo8.jpg","width":640,"height":427,"caption":"merc\u00e9"},{"@type":"BreadcrumbList","@id":"https:\/\/bonjourbarcelone.fr\/merce-barcelone\/#breadcrumb","itemListElement":[{"@type":"ListItem","position":1,"name":"Accueil","item":"https:\/\/bonjourbarcelone.fr\/"},{"@type":"ListItem","position":2,"name":"Merc\u00e8 de Barcelone\u00a0: 5 jours uniques\u00a0de f\u00eates \u00e0 vivre absolument !"}]},{"@type":"WebSite","@id":"https:\/\/bonjourbarcelone.fr\/#website","url":"https:\/\/bonjourbarcelone.fr\/","name":"Visitare Barcellona","description":"Tout pour passer un s\u00e9jour inoubliable en 2026 !","potentialAction":[{"@type":"SearchAction","target":{"@type":"EntryPoint","urlTemplate":"https:\/\/bonjourbarcelone.fr\/?s={search_term_string}"},"query-input":{"@type":"PropertyValueSpecification","valueRequired":true,"valueName":"search_term_string"}}],"inLanguage":"it-IT"},{"@type":"Person","@id":"https:\/\/bonjourbarcelone.fr\/#\/schema\/person\/0bda2897d0b8e0150a7ece6f930ff5e5","name":"Thibaut","image":{"@type":"ImageObject","inLanguage":"it-IT","@id":"https:\/\/bonjourbarcelone.fr\/#\/schema\/person\/image\/","url":"https:\/\/secure.gravatar.com\/avatar\/436636a11d7c80b948817b5a66d82f9305017ea4c84ab9a676db1d62ccc2c25d?s=96&r=g","contentUrl":"https:\/\/secure.gravatar.com\/avatar\/436636a11d7c80b948817b5a66d82f9305017ea4c84ab9a676db1d62ccc2c25d?s=96&r=g","caption":"Thibaut"},"description":"Aiuto i viaggiatori a sfruttare al meglio la loro visita a Barcellona con contenuti scritti e aggiornati da esperti locali per garantire la migliore esperienza possibile! La nostra agenzia di viaggi offre anche visite guidate in francese."}]}},"_links":{"self":[{"href":"https:\/\/bonjourbarcelone.fr\/it\/wp-json\/wp\/v2\/posts\/1620","targetHints":{"allow":["GET"]}}],"collection":[{"href":"https:\/\/bonjourbarcelone.fr\/it\/wp-json\/wp\/v2\/posts"}],"about":[{"href":"https:\/\/bonjourbarcelone.fr\/it\/wp-json\/wp\/v2\/types\/post"}],"author":[{"embeddable":true,"href":"https:\/\/bonjourbarcelone.fr\/it\/wp-json\/wp\/v2\/users\/2"}],"replies":[{"embeddable":true,"href":"https:\/\/bonjourbarcelone.fr\/it\/wp-json\/wp\/v2\/comments?post=1620"}],"version-history":[{"count":0,"href":"https:\/\/bonjourbarcelone.fr\/it\/wp-json\/wp\/v2\/posts\/1620\/revisions"}],"wp:featuredmedia":[{"embeddable":true,"href":"https:\/\/bonjourbarcelone.fr\/it\/wp-json\/wp\/v2\/media\/1617"}],"wp:attachment":[{"href":"https:\/\/bonjourbarcelone.fr\/it\/wp-json\/wp\/v2\/media?parent=1620"}],"wp:term":[{"taxonomy":"category","embeddable":true,"href":"https:\/\/bonjourbarcelone.fr\/it\/wp-json\/wp\/v2\/categories?post=1620"},{"taxonomy":"post_tag","embeddable":true,"href":"https:\/\/bonjourbarcelone.fr\/it\/wp-json\/wp\/v2\/tags?post=1620"}],"curies":[{"name":"wp","href":"https:\/\/api.w.org\/{rel}","templated":true}]}}