{"id":1641,"date":"2019-06-08T14:17:14","date_gmt":"2019-06-08T14:17:14","guid":{"rendered":"https:\/\/bonjourbarcelone.fr\/?p=1641"},"modified":"2022-10-31T14:13:53","modified_gmt":"2022-10-31T14:13:53","slug":"danza-sardana","status":"publish","type":"post","link":"https:\/\/bonjourbarcelone.fr\/it\/danza-sardana\/","title":{"rendered":"Il ballo della Sardana: una parte essenziale del folklore catalano"},"content":{"rendered":"<p><strong style=\"font-size: 16px\">Che cos'\u00e8 la Sardana?<\/strong><strong>In poche parole...<\/strong><\/p>\n<p>La danza sardana \u00e8 una danza popolare che si pu\u00f2 trovare nei seguenti luoghi <strong>in tutta la Catalogna,<\/strong> sia dalla parte spagnola che da quella francese. Si tratta di una danza che alterna <strong>passi brevi e lunghi<\/strong> e ballarono in cerchio.<\/p>\n<p>Se siete stati a Barcellona, probabilmente li avrete visti in alcune zone del centro storico, dove giovani e anziani si riuniscono per praticare quest'arte.<strong> una parte essenziale della cultura catalana.<\/strong><\/p>\n<p>Chiunque pu\u00f2 ballarlo! Ecco perch\u00e9 era cos\u00ec popolare all'epoca, perch\u00e9 <strong>non faceva distinzione tra classi sociali<\/strong>.<\/p>\n<p>Anche se \u00e8 meglio conoscere le basi, perch\u00e9 un passo falso sconvolgerebbe l'intero cerchio.<\/p>\n<p><em>La sua melodia, facilmente riconoscibile con i suoi diversi strumenti a fiato<\/em> Vi piacer\u00e0 e vorrete iniziare anche voi!<\/p>\n<p>&nbsp;<\/p>\n<h2><strong>Le origini del ballo Sardana...<\/strong><\/h2>\n<p>La sardana \u00e8 una danza molto antica, che risale al <strong>nel 15\u00b0 secolo a.C. e legata alla dea Cerere<\/strong>. Questa danza \u00e8 stata eseguita da <strong>i Cretesi, gli Etruschi, gli Elleni e i Greci.<\/strong> Nel I secolo d.C. si pensava che la danza fosse un'offerta alla Luna, e che sarebbe stata <strong><em>gli iberici furono i primi a praticarla in quelle che oggi sono le Pyr\u00e9n\u00e9es-Orientales.<\/em><\/strong><\/p>\n<p><a href=\"https:\/\/bonjourbarcelone.fr\/wp-content\/uploads\/2019\/06\/2009_Barcelona_Sardana_Volkstanz.jpg\"><img decoding=\"async\" class=\"size-medium wp-image-1642\" src=\"https:\/\/bonjourbarcelone.fr\/wp-content\/uploads\/2019\/06\/2009_Barcelona_Sardana_Volkstanz-300x200.jpg\" alt=\"\" width=\"300\" height=\"200\" srcset=\"https:\/\/bonjourbarcelone.fr\/wp-content\/uploads\/2019\/06\/2009_Barcelona_Sardana_Volkstanz-300x200.jpg 300w, https:\/\/bonjourbarcelone.fr\/wp-content\/uploads\/2019\/06\/2009_Barcelona_Sardana_Volkstanz.jpg 640w\" sizes=\"(max-width: 300px) 100vw, 300px\" \/><\/a><\/p>\n<p>Successivamente, il <strong>\"contrap\u00e0s<\/strong> che assomiglia alla sardana, \u00e8 stata registrata per la prima volta nel XIX secolo e in seguito la sardana ha animato le feste di paese nel nord e nel sud della Catalogna.<\/p>\n<p>Un musicista di Figueres \u00e8 molto famoso per essere stato l'istigatore della sardana moderna. Era <strong>Pep Ventura.<\/strong><\/p>\n<p>&nbsp;<\/p>\n<h2><strong>I festeggiamenti di Merc\u00e8<\/strong><\/h2>\n<p>Se c'\u00e8 una festa da non perdere a Barcellona \u00e8 quella della Merc\u00e8.<\/p>\n<p><strong>Cinque giorni per festeggiare il patrono di Barcellona!<\/strong><\/p>\n<p>La data ufficiale \u00e8 il 24 settembre, ma sono 5 giorni consecutivi ricchi di danze popolari, attivit\u00e0 in tutta la citt\u00e0, torri umane, fuochi d'artificio... E la lista continua! Ogni anno la festa diventa ancora pi\u00f9 suggestiva e bella! Conosciuta in catalano come la<em> festa major d'estiu, tutta Barcellona \u00e8 in festa per celebrare il Mare de D\u00e9u de la Merc\u00e8.<\/em>\u00a0(Notre-Dame-de-Gr\u00e2ce).<\/p>\n<p>La Virgen de la Merc\u00e8 \u00e8 venerata dai cattolici ed \u00e8 conosciuta anche come la Vergine della Misericordia. Il 1<sup>er<\/sup> Nell'agosto del 1218, la Vergine Maria apparve a tre noti cittadini di Barcellona. Tra questi c'era San Pedro Nolasco, il fondatore dell'Ordine di Merc\u00e8.<\/p>\n<p>Comunemente conosciuta come festa dell'estate, <strong>le feste di Merc\u00e8 segnano la fine dell'estate e il graduale arrivo dell'autunno<\/strong>. Il calore diminuir\u00e0 gradualmente.<\/p>\n<p>\u00c8 pi\u00f9 che <strong>500 attivit\u00e0<\/strong> da organizzare in tutta la citt\u00e0!<\/p>\n<p>E per tutti i pubblici:<em> bambini, adulti, amanti delle tradizioni catalane,... <\/em><\/p>\n<p>E in generale, <em>queste attivit\u00e0 sono gratuite! <\/em><\/p>\n<p>La cultura popolare catalana \u00e8 la regina dei festeggiamenti della Merc\u00e8.<\/p>\n<p>&nbsp;<\/p>\n<h2><strong>Vestiti con costumi tradizionali<\/strong><\/h2>\n<p>Anche se si possono vedere danze sardana in cui tutti sono vestiti normalmente, ci sono costumi tradizionali, diversi per uomini e donne.<\/p>\n<p><strong>Gli uomini indossano la barretina e la faixa. <\/strong><\/p>\n<p><strong>Le donne indossano copricapi.<\/strong><\/p>\n<p>&nbsp;<\/p>\n<h2><strong>Passi di danza: alternanza di passi corti e lunghi<\/strong><\/h2>\n<p>I ballerini si dispongono in cerchio, alternando passi lunghi e corti.<\/p>\n<p>Fate attenzione, perch\u00e9 \u00e8 responsabilit\u00e0 del gruppo rispettare i passi, perch\u00e9 da questo dipende la forza dell'intero ballo.<\/p>\n<p>I ballerini danzano <strong><em>rotondo<\/em> <\/strong>e <strong><em>tenersi per mano<\/em><\/strong>. Seguono<em><strong> il ritmo del Cobla<\/strong><\/em>l'orchestra composta da <em>da undici a tredici musicisti, con strumenti a fiato tipicamente catalani e strumenti come oboe, flauti, trombe e tromboni.<\/em><\/p>\n<p>&nbsp;<\/p>\n<h2><strong>La cultura catalana sotto il franchismo<\/strong><\/h2>\n<p><strong>Il folklore catalano e la lingua catalana furono vietati sotto la Spagna di Franco.<\/strong> (1936\/9 \u00e0 1977).<\/p>\n<p>Il catalanismo \u00e8 oggi uno dei dibattiti fondamentali in Spagna, con una grande percentuale della popolazione che vuole stabilire l'indipendenza catalana e quindi separarsi dalla Spagna.<\/p>\n<p>Il folklore, e in particolare la danza sardana, costituisce una parte importante del <strong>Identit\u00e0 catalana repressa<\/strong> durante decenni di dittatura.<\/p>\n<p>&nbsp;<\/p>\n<h2><strong>La Sardana nelle canzoni di Charles Trenet<\/strong><\/h2>\n<p>La Sardana \u00e8 molto conosciuta ed \u00e8 stata persino immortalata nella canzone di Trenet \"La Sardane\":<\/p>\n<p><em>Com'\u00e8 bella la Sardana<\/em><em><br \/>\nDanziamo mano nella mano<br \/>\nNella terra dei platani verdi<br \/>\nDalla terra dei tramontani.<br \/>\nPiace alle ragazze giovani<br \/>\nE anche i vecchi dai loro bastoni<br \/>\nMartellate sulle pietre del sentiero<br \/>\nStasera quante storie d'amore<br \/>\nSboccer\u00e0 nei cuori dei ventenni<br \/>\nConoscono la Sardana<br \/>\nLa ballavano da bambini<br \/>\nQuanti perderanno la testa<br \/>\nPer voi, Sardane dalla campagna catalana.<br \/>\nAmici, \u00e8 tempo di festa a Collioure.<br \/>\nIl vecchio porto \u00e8 stato addobbato<br \/>\nE di fronte al mare circostante<br \/>\nEcco l'eterno campanile dorato<br \/>\nSui ciottoli, verdi e rosa<br \/>\nBarche dai colori tenui<br \/>\nInizia la metamorfosi<br \/>\nI loro veli sono diventati fiori<br \/>\nE sotto la luna vagante<br \/>\nLa Sardana forma un cerchio.<br \/>\nCom'\u00e8 bella la Sardana<br \/>\nDanziamo mano nella mano<br \/>\nDalla terra dei tramontani<br \/>\nVola verso i paesi limitrofi<br \/>\nStasera quante storie d'amore<br \/>\nSboccer\u00e0 nei cuori dei ventenni<br \/>\nQuanti perderanno la testa<br \/>\nPer voi, Sardana della campagna catalana<br \/>\nPer te, Sardane del paese catalano.<\/em><\/p>\n<h2><strong>Catalogna: un territorio francese e spagnolo<\/strong><\/h2>\n<p>E s\u00ec, la Catalogna \u00e8 ora divisa in due parti.<\/p>\n<p>Territori della zona francese, ovvero il dipartimento di <strong>Pirenei-Orientali<\/strong> o comunemente conosciuto come <strong>Catalogna settentrionale<\/strong> e i territori situati nella zona spagnola, la Catalogna meridionale.<\/p>\n<p><em>La sardana \u00e8 praticata in tutta la Catalogna, da nord a sud.<\/em><\/p>\n<p>&nbsp;<\/p>\n<h2><strong>Dove si possono vedere gli spettacoli di danza sardana?<\/strong><\/h2>\n<p>Nel centro di Barcellona, in Plaza de la Cathedral, <strong>Cattedrale di Sante-Croix<\/strong>avete due opzioni.<\/p>\n<p>\u00c8 possibile arrivare il sabato alle 19.00 o la domenica verso le 12.00.<\/p>\n<p><strong>Piazza Sant Jaume<\/strong> ospita anche Sardanes la domenica pomeriggio.<\/p>\n<p>\u00c8 un'occasione per scoprire la tradizione senza lasciare il centro della citt\u00e0.<\/p>\n<p>Barcellona \u00e8 anche una citt\u00e0 festosa. E in estate, c'\u00e8 <strong><em>Festas Majores<\/em><\/strong>E c'\u00e8 una buona probabilit\u00e0 che i Sardanes siano in cartellone.<\/p>\n<p>E, naturalmente, ci sono Festas Majores in tutta la Catalogna.<\/p>\n<p>Anche le feste di Sant Joan, di mezza estate e di Merc\u00e8 sono ottime occasioni per assistere a queste danze.<\/p>\n<p><em>Scoprite di pi\u00f9 per non perdere questa grande opportunit\u00e0!<\/em><\/p>\n<p>&nbsp;<\/p>\n<h2><strong>Folklore catalano: \u00e8 solo la Sardana?<\/strong><\/h2>\n<p>E no, il folklore catalano non riguarda solo la sardana!<\/p>\n<p><strong><a href=\"https:\/\/bonjourbarcelone.fr\/wp-content\/uploads\/2019\/06\/1428169183_46f8331647_b.jpg\"><img decoding=\"async\" class=\"size-medium wp-image-1643 alignright\" src=\"https:\/\/bonjourbarcelone.fr\/wp-content\/uploads\/2019\/06\/1428169183_46f8331647_b-300x225.jpg\" alt=\"\" width=\"300\" height=\"225\" srcset=\"https:\/\/bonjourbarcelone.fr\/wp-content\/uploads\/2019\/06\/1428169183_46f8331647_b-300x225.jpg 300w, https:\/\/bonjourbarcelone.fr\/wp-content\/uploads\/2019\/06\/1428169183_46f8331647_b.jpg 640w\" sizes=\"(max-width: 300px) 100vw, 300px\" \/><\/a><\/strong><\/p>\n<p>Prima di tutto, spero che abbiate anche la possibilit\u00e0 di vedere una <strong>Correfoc<\/strong> ! Si tratta di un festival pirotecnico in cui i partecipanti, noti come \"Diavoli\" e \"Draghi\", girano con grandi bastoni infuocati.<\/p>\n<p>Quando si accendono, formano luci meravigliose che si sprigionano in migliaia di piccole scintille.<\/p>\n<p>Proprio come le torri umane, dette castellers in catalano, che si svolgono a met\u00e0 giornata! I partecipanti formano torri costruendo piani con il proprio corpo. Ed \u00e8 la persona pi\u00f9 leggera, di solito un bambino o un \"\u00a0<strong>l'enxaneta<\/strong>che si arrampica in cima alla torre. \u00c8 un'impresa che vale la pena di osservare e che richiede molta pratica.<\/p>\n<p><strong>Sculture giganti<\/strong> (re, regine, nobili) sono anche in giro, passeggiando per la citt\u00e0 al suono delle bande di ottoni.<\/p>\n<p><a href=\"https:\/\/bonjourbarcelone.fr\/wp-content\/uploads\/2019\/06\/Gegants_i_Cap-grossos_de_Matar\u00f3.jpg\"><img decoding=\"async\" class=\"size-medium wp-image-1644 alignright\" src=\"https:\/\/bonjourbarcelone.fr\/wp-content\/uploads\/2019\/06\/Gegants_i_Cap-grossos_de_Matar\u00f3-300x225.jpg\" alt=\"\" width=\"300\" height=\"225\" srcset=\"https:\/\/bonjourbarcelone.fr\/wp-content\/uploads\/2019\/06\/Gegants_i_Cap-grossos_de_Matar\u00f3-300x225.jpg 300w, https:\/\/bonjourbarcelone.fr\/wp-content\/uploads\/2019\/06\/Gegants_i_Cap-grossos_de_Matar\u00f3.jpg 640w\" sizes=\"(max-width: 300px) 100vw, 300px\" \/><\/a>E tanti altri!<\/p>\n<p>&nbsp;<\/p>\n<h2><strong>E oggi?<\/strong><\/h2>\n<p>Come i costumi, anche il ballo si \u00e8 evoluto con i tempi. Ci sono persino DJ che fondono la musica elettronica con i suoni della Sardana.<\/p>\n<p>Sto pensando di <strong>Raph Dumas<\/strong>di Perpignan.<\/p>\n<p>Riconosciuto in tutto il mondo!<\/p>\n<p>La Sardana \u00e8 elencata nella <strong>Patrimonio festivo della Catalogna da parte della Generalitat de Catalunya.\u00a0<\/strong><\/p>","protected":false},"excerpt":{"rendered":"<p>Qu\u2019est-ce que la Sardane ?En quelques mots\u2026 La danse sardane est une danse folklorique que l\u2019on retrouve dans toute la Catalogne, donc du c\u00f4t\u00e9 espagnol mais aussi fran\u00e7ais. Il s\u2019agit d\u2019une danse qui alterne des pas courts et des pas longs et que l\u2019on danse en cercle. Sans doute, si vous avez d\u00e9j\u00e0 visit\u00e9 Barcelone, [&hellip;]<\/p>","protected":false},"author":2,"featured_media":1642,"comment_status":"open","ping_status":"open","sticky":false,"template":"","format":"standard","meta":{"om_disable_all_campaigns":false,"_genesis_hide_title":false,"_genesis_hide_breadcrumbs":false,"_genesis_hide_singular_image":false,"_genesis_hide_footer_widgets":false,"_genesis_custom_body_class":"","_genesis_custom_post_class":"","_genesis_layout":"","footnotes":""},"categories":[8],"tags":[],"class_list":{"0":"post-1641","1":"post","2":"type-post","3":"status-publish","4":"format-standard","5":"has-post-thumbnail","7":"category-activites","8":"entry"},"yoast_head":"<!-- This site is optimized with the Yoast SEO plugin v26.5 - https:\/\/yoast.com\/wordpress\/plugins\/seo\/ -->\n<title>La danse Sardane: l&#039;incontournable du folklore catalan<\/title>\n<meta name=\"robots\" content=\"index, follow, max-snippet:-1, max-image-preview:large, max-video-preview:-1\" \/>\n<link rel=\"canonical\" href=\"https:\/\/bonjourbarcelone.fr\/it\/danza-sardana\/\" \/>\n<meta property=\"og:locale\" content=\"it_IT\" \/>\n<meta property=\"og:type\" content=\"article\" \/>\n<meta property=\"og:title\" content=\"La danse Sardane: l&#039;incontournable du folklore catalan\" \/>\n<meta property=\"og:description\" content=\"Qu\u2019est-ce que la Sardane ?En quelques mots\u2026 La danse sardane est une danse folklorique que l\u2019on retrouve dans toute la Catalogne, donc du c\u00f4t\u00e9 espagnol mais aussi fran\u00e7ais. Il s\u2019agit d\u2019une danse qui alterne des pas courts et des pas longs et que l\u2019on danse en cercle. Sans doute, si vous avez d\u00e9j\u00e0 visit\u00e9 Barcelone, [&hellip;]\" \/>\n<meta property=\"og:url\" content=\"https:\/\/bonjourbarcelone.fr\/it\/danza-sardana\/\" \/>\n<meta property=\"og:site_name\" content=\"Visiter Barcelone\" \/>\n<meta property=\"article:published_time\" content=\"2019-06-08T14:17:14+00:00\" \/>\n<meta property=\"article:modified_time\" content=\"2022-10-31T14:13:53+00:00\" \/>\n<meta property=\"og:image\" content=\"https:\/\/bonjourbarcelone.fr\/wp-content\/uploads\/2019\/06\/2009_Barcelona_Sardana_Volkstanz.jpg\" \/>\n\t<meta property=\"og:image:width\" content=\"640\" \/>\n\t<meta property=\"og:image:height\" content=\"426\" \/>\n\t<meta property=\"og:image:type\" content=\"image\/jpeg\" \/>\n<meta name=\"author\" content=\"Thibaut\" \/>\n<meta name=\"twitter:card\" content=\"summary_large_image\" \/>\n<meta name=\"twitter:label1\" content=\"Scritto da\" \/>\n\t<meta name=\"twitter:data1\" content=\"Thibaut\" \/>\n\t<meta name=\"twitter:label2\" content=\"Tempo di lettura stimato\" \/>\n\t<meta name=\"twitter:data2\" content=\"8 minuti\" \/>\n<script type=\"application\/ld+json\" class=\"yoast-schema-graph\">{\"@context\":\"https:\/\/schema.org\",\"@graph\":[{\"@type\":\"WebPage\",\"@id\":\"https:\/\/bonjourbarcelone.fr\/danse-sardane\/\",\"url\":\"https:\/\/bonjourbarcelone.fr\/danse-sardane\/\",\"name\":\"La danse Sardane: l'incontournable du folklore catalan\",\"isPartOf\":{\"@id\":\"https:\/\/bonjourbarcelone.fr\/#website\"},\"primaryImageOfPage\":{\"@id\":\"https:\/\/bonjourbarcelone.fr\/danse-sardane\/#primaryimage\"},\"image\":{\"@id\":\"https:\/\/bonjourbarcelone.fr\/danse-sardane\/#primaryimage\"},\"thumbnailUrl\":\"https:\/\/bonjourbarcelone.fr\/wp-content\/uploads\/2019\/06\/2009_Barcelona_Sardana_Volkstanz.jpg\",\"datePublished\":\"2019-06-08T14:17:14+00:00\",\"dateModified\":\"2022-10-31T14:13:53+00:00\",\"author\":{\"@id\":\"https:\/\/bonjourbarcelone.fr\/#\/schema\/person\/0bda2897d0b8e0150a7ece6f930ff5e5\"},\"breadcrumb\":{\"@id\":\"https:\/\/bonjourbarcelone.fr\/danse-sardane\/#breadcrumb\"},\"inLanguage\":\"it-IT\",\"potentialAction\":[{\"@type\":\"ReadAction\",\"target\":[\"https:\/\/bonjourbarcelone.fr\/danse-sardane\/\"]}]},{\"@type\":\"ImageObject\",\"inLanguage\":\"it-IT\",\"@id\":\"https:\/\/bonjourbarcelone.fr\/danse-sardane\/#primaryimage\",\"url\":\"https:\/\/bonjourbarcelone.fr\/wp-content\/uploads\/2019\/06\/2009_Barcelona_Sardana_Volkstanz.jpg\",\"contentUrl\":\"https:\/\/bonjourbarcelone.fr\/wp-content\/uploads\/2019\/06\/2009_Barcelona_Sardana_Volkstanz.jpg\",\"width\":640,\"height\":426},{\"@type\":\"BreadcrumbList\",\"@id\":\"https:\/\/bonjourbarcelone.fr\/danse-sardane\/#breadcrumb\",\"itemListElement\":[{\"@type\":\"ListItem\",\"position\":1,\"name\":\"Accueil\",\"item\":\"https:\/\/bonjourbarcelone.fr\/\"},{\"@type\":\"ListItem\",\"position\":2,\"name\":\"La danse Sardane: l&rsquo;incontournable du folklore catalan\"}]},{\"@type\":\"WebSite\",\"@id\":\"https:\/\/bonjourbarcelone.fr\/#website\",\"url\":\"https:\/\/bonjourbarcelone.fr\/\",\"name\":\"Visiter Barcelone\",\"description\":\"Tout pour passer un s\u00e9jour inoubliable en 2026 !\",\"potentialAction\":[{\"@type\":\"SearchAction\",\"target\":{\"@type\":\"EntryPoint\",\"urlTemplate\":\"https:\/\/bonjourbarcelone.fr\/?s={search_term_string}\"},\"query-input\":{\"@type\":\"PropertyValueSpecification\",\"valueRequired\":true,\"valueName\":\"search_term_string\"}}],\"inLanguage\":\"it-IT\"},{\"@type\":\"Person\",\"@id\":\"https:\/\/bonjourbarcelone.fr\/#\/schema\/person\/0bda2897d0b8e0150a7ece6f930ff5e5\",\"name\":\"Thibaut\",\"image\":{\"@type\":\"ImageObject\",\"inLanguage\":\"it-IT\",\"@id\":\"https:\/\/bonjourbarcelone.fr\/#\/schema\/person\/image\/\",\"url\":\"https:\/\/secure.gravatar.com\/avatar\/436636a11d7c80b948817b5a66d82f9305017ea4c84ab9a676db1d62ccc2c25d?s=96&r=g\",\"contentUrl\":\"https:\/\/secure.gravatar.com\/avatar\/436636a11d7c80b948817b5a66d82f9305017ea4c84ab9a676db1d62ccc2c25d?s=96&r=g\",\"caption\":\"Thibaut\"},\"description\":\"J'aide les voyageurs \u00e0 mieux visiter la ville de Barcelone avec un contenu \u00e9crit et actualis\u00e9 par des experts locaux pour vivre la meilleure exp\u00e9rience possible ! Notre agence de voyage propose \u00e9galement des visites guid\u00e9es en fran\u00e7ais.\"}]}<\/script>\n<!-- \/ Yoast SEO plugin. -->","yoast_head_json":{"title":"Il ballo della Sardana: una parte essenziale del folklore catalano","robots":{"index":"index","follow":"follow","max-snippet":"max-snippet:-1","max-image-preview":"max-image-preview:large","max-video-preview":"max-video-preview:-1"},"canonical":"https:\/\/bonjourbarcelone.fr\/it\/danza-sardana\/","og_locale":"it_IT","og_type":"article","og_title":"La danse Sardane: l'incontournable du folklore catalan","og_description":"Qu\u2019est-ce que la Sardane ?En quelques mots\u2026 La danse sardane est une danse folklorique que l\u2019on retrouve dans toute la Catalogne, donc du c\u00f4t\u00e9 espagnol mais aussi fran\u00e7ais. Il s\u2019agit d\u2019une danse qui alterne des pas courts et des pas longs et que l\u2019on danse en cercle. Sans doute, si vous avez d\u00e9j\u00e0 visit\u00e9 Barcelone, [&hellip;]","og_url":"https:\/\/bonjourbarcelone.fr\/it\/danza-sardana\/","og_site_name":"Visiter Barcelone","article_published_time":"2019-06-08T14:17:14+00:00","article_modified_time":"2022-10-31T14:13:53+00:00","og_image":[{"width":640,"height":426,"url":"https:\/\/bonjourbarcelone.fr\/wp-content\/uploads\/2019\/06\/2009_Barcelona_Sardana_Volkstanz.jpg","type":"image\/jpeg"}],"author":"Thibaut","twitter_card":"summary_large_image","twitter_misc":{"Scritto da":"Thibaut","Tempo di lettura stimato":"8 minuti"},"schema":{"@context":"https:\/\/schema.org","@graph":[{"@type":"WebPage","@id":"https:\/\/bonjourbarcelone.fr\/danse-sardane\/","url":"https:\/\/bonjourbarcelone.fr\/danse-sardane\/","name":"Il ballo della Sardana: una parte essenziale del folklore catalano","isPartOf":{"@id":"https:\/\/bonjourbarcelone.fr\/#website"},"primaryImageOfPage":{"@id":"https:\/\/bonjourbarcelone.fr\/danse-sardane\/#primaryimage"},"image":{"@id":"https:\/\/bonjourbarcelone.fr\/danse-sardane\/#primaryimage"},"thumbnailUrl":"https:\/\/bonjourbarcelone.fr\/wp-content\/uploads\/2019\/06\/2009_Barcelona_Sardana_Volkstanz.jpg","datePublished":"2019-06-08T14:17:14+00:00","dateModified":"2022-10-31T14:13:53+00:00","author":{"@id":"https:\/\/bonjourbarcelone.fr\/#\/schema\/person\/0bda2897d0b8e0150a7ece6f930ff5e5"},"breadcrumb":{"@id":"https:\/\/bonjourbarcelone.fr\/danse-sardane\/#breadcrumb"},"inLanguage":"it-IT","potentialAction":[{"@type":"ReadAction","target":["https:\/\/bonjourbarcelone.fr\/danse-sardane\/"]}]},{"@type":"ImageObject","inLanguage":"it-IT","@id":"https:\/\/bonjourbarcelone.fr\/danse-sardane\/#primaryimage","url":"https:\/\/bonjourbarcelone.fr\/wp-content\/uploads\/2019\/06\/2009_Barcelona_Sardana_Volkstanz.jpg","contentUrl":"https:\/\/bonjourbarcelone.fr\/wp-content\/uploads\/2019\/06\/2009_Barcelona_Sardana_Volkstanz.jpg","width":640,"height":426},{"@type":"BreadcrumbList","@id":"https:\/\/bonjourbarcelone.fr\/danse-sardane\/#breadcrumb","itemListElement":[{"@type":"ListItem","position":1,"name":"Accueil","item":"https:\/\/bonjourbarcelone.fr\/"},{"@type":"ListItem","position":2,"name":"La danse Sardane: l&rsquo;incontournable du folklore catalan"}]},{"@type":"WebSite","@id":"https:\/\/bonjourbarcelone.fr\/#website","url":"https:\/\/bonjourbarcelone.fr\/","name":"Visitare Barcellona","description":"Tout pour passer un s\u00e9jour inoubliable en 2026 !","potentialAction":[{"@type":"SearchAction","target":{"@type":"EntryPoint","urlTemplate":"https:\/\/bonjourbarcelone.fr\/?s={search_term_string}"},"query-input":{"@type":"PropertyValueSpecification","valueRequired":true,"valueName":"search_term_string"}}],"inLanguage":"it-IT"},{"@type":"Person","@id":"https:\/\/bonjourbarcelone.fr\/#\/schema\/person\/0bda2897d0b8e0150a7ece6f930ff5e5","name":"Thibaut","image":{"@type":"ImageObject","inLanguage":"it-IT","@id":"https:\/\/bonjourbarcelone.fr\/#\/schema\/person\/image\/","url":"https:\/\/secure.gravatar.com\/avatar\/436636a11d7c80b948817b5a66d82f9305017ea4c84ab9a676db1d62ccc2c25d?s=96&r=g","contentUrl":"https:\/\/secure.gravatar.com\/avatar\/436636a11d7c80b948817b5a66d82f9305017ea4c84ab9a676db1d62ccc2c25d?s=96&r=g","caption":"Thibaut"},"description":"Aiuto i viaggiatori a sfruttare al meglio la loro visita a Barcellona con contenuti scritti e aggiornati da esperti locali per garantire la migliore esperienza possibile! La nostra agenzia di viaggi offre anche visite guidate in francese."}]}},"_links":{"self":[{"href":"https:\/\/bonjourbarcelone.fr\/it\/wp-json\/wp\/v2\/posts\/1641","targetHints":{"allow":["GET"]}}],"collection":[{"href":"https:\/\/bonjourbarcelone.fr\/it\/wp-json\/wp\/v2\/posts"}],"about":[{"href":"https:\/\/bonjourbarcelone.fr\/it\/wp-json\/wp\/v2\/types\/post"}],"author":[{"embeddable":true,"href":"https:\/\/bonjourbarcelone.fr\/it\/wp-json\/wp\/v2\/users\/2"}],"replies":[{"embeddable":true,"href":"https:\/\/bonjourbarcelone.fr\/it\/wp-json\/wp\/v2\/comments?post=1641"}],"version-history":[{"count":0,"href":"https:\/\/bonjourbarcelone.fr\/it\/wp-json\/wp\/v2\/posts\/1641\/revisions"}],"wp:featuredmedia":[{"embeddable":true,"href":"https:\/\/bonjourbarcelone.fr\/it\/wp-json\/wp\/v2\/media\/1642"}],"wp:attachment":[{"href":"https:\/\/bonjourbarcelone.fr\/it\/wp-json\/wp\/v2\/media?parent=1641"}],"wp:term":[{"taxonomy":"category","embeddable":true,"href":"https:\/\/bonjourbarcelone.fr\/it\/wp-json\/wp\/v2\/categories?post=1641"},{"taxonomy":"post_tag","embeddable":true,"href":"https:\/\/bonjourbarcelone.fr\/it\/wp-json\/wp\/v2\/tags?post=1641"}],"curies":[{"name":"wp","href":"https:\/\/api.w.org\/{rel}","templated":true}]}}